{"id":228711,"date":"2025-07-05T18:15:51","date_gmt":"2025-07-05T18:15:51","guid":{"rendered":"https:\/\/www.europesays.com\/fr\/228711\/"},"modified":"2025-07-05T18:15:51","modified_gmt":"2025-07-05T18:15:51","slug":"jean-dujardin-mesure-seulement-1-centimetre-dans-ce-film-de-science-fiction-tres-prometteur-video","status":"publish","type":"post","link":"https:\/\/www.europesays.com\/fr\/228711\/","title":{"rendered":"Jean Dujardin mesure seulement 1 centim\u00e8tre dans ce film de science-fiction tr\u00e8s prometteur (VIDEO)"},"content":{"rendered":"<p>Une premi\u00e8re bande-annonce de L&rsquo;Homme qui r\u00e9tr\u00e9cit avec Jean Dujardin, remake du film culte du m\u00eame nom de 1957, a \u00e9t\u00e9 d\u00e9voil\u00e9e ce jeudi 3 juillet 2025. Sortie en salles pr\u00e9vue le 29 octobre 2025. <\/p>\n<p>Les premi\u00e8res images sont enfin l\u00e0 ! Ce jeudi 3 juillet 2025, Universal a d\u00e9voil\u00e9 une premi\u00e8re bande-annonce de L&rsquo;Homme qui r\u00e9tr\u00e9cit avec <a href=\"https:\/\/www.programme-tv.net\/news\/tv\/367377-qu-est-ce-qui-vous-prend-jean-dujardin-surpris-par-une-remarque-d-anne-elisabeth-lemoine-c-a-vous-sur-sa-fougue-au-lit\/\" data-api-deeplink=\"teleloisirs:\/\/news\/367377\" target=\"_blank\" rel=\"noopener\">Jean Dujardin<\/a>, adapt\u00e9 du roman du m\u00eame nom de Richard Matheson et d\u00e9j\u00e0 port\u00e9 \u00e0 l&rsquo;\u00e9cran par Jack Arnold en 1957. L&rsquo;histoire, elle, est toute simple et conte celle d&rsquo;un homme ordinaire expos\u00e9 \u00e0 un myst\u00e9rieux nuage radioactif lors d&rsquo;une sortie en mer. Peu de temps apr\u00e8s, il remarque qu&rsquo;il commence \u00e0 r\u00e9tr\u00e9cir lentement mais inexorablement, perdant quelques millim\u00e8tres chaque jour.<\/p>\n<p>Des retrouvailles pour Jean Dujardin et le r\u00e9alisateur Jan Kounen<\/p>\n<p>Pr\u00e9vue en salles le 29 octobre 2025, cette nouvelle version de L&rsquo;homme qui r\u00e9tr\u00e9cit marque ainsi les retrouvailles entre le cin\u00e9aste <a href=\"https:\/\/www.programme-tv.net\/biographie\/15905-kounen-jan\/\" data-link-people=\"abc7761c-1235-42b3-ac82-8a8a9b45896e\" target=\"_blank\" rel=\"noopener\">Jan Kounen<\/a> et Jean Dujardin, plus de 20 ans apr\u00e8s leur collaboration sur le film <a href=\"https:\/\/www.programme-tv.net\/news\/cinema\/57744-99-francs-et-aujourd-hui-on-achete-quoi-avec-ca\/\" data-api-deeplink=\"teleloisirs:\/\/news\/57744\" target=\"_blank\" rel=\"noopener\">99 francs<\/a> (2007). <a href=\"https:\/\/www.programme-tv.net\/news\/evenement\/disney-plus-streaming\/267633-the-artist-6ter-hommage-au-septieme-art-jean-dujardin-parfait-pourquoi-on-adore\/\" data-api-deeplink=\"teleloisirs:\/\/news\/267633\" target=\"_blank\" rel=\"noopener\">La star fran\u00e7aise oscaris\u00e9e pour The Artist <\/a>est manifestement \u00e0 l&rsquo;origine du projet, \u00e0 en croire les propos du metteur en sc\u00e8ne belge pour nos confr\u00e8res de <a href=\"https:\/\/www.premiere.fr\/Cinema\/News-Cinema\/Exclu-Jan-Kounen-nous-presente-sa-version-de-LHomme-qui-retrecit-avec-Jean-Dujardin\" target=\"_blank\" rel=\"noopener\">Premi\u00e8re<\/a>. \u00ab\u00a0Il r\u00eavait de refaire L&rsquo;homme qui r\u00e9tr\u00e9cit de Jack Arnold (1957) depuis des ann\u00e9es. Il s&rsquo;est associ\u00e9 avec Alain Goldman, qui \u00e9tait le producteur de 99F, pour le faire exister. <b>Ils ont senti que le sujet pouvait me parler et ils avaient besoin d&rsquo;un r\u00e9alisateur<\/b> avec un savoir-faire technique. En mai 2022, j&rsquo;ai d\u00e9jeun\u00e9 avec Alain Goldman qui m&rsquo;a propos\u00e9 le film. &lsquo;\u00c7a t\u2019int\u00e9resse ?\u2026&rsquo; Bien s\u00fbr que \u00e7a m&rsquo;int\u00e9ressait !\u00a0\u00bb. \u00c0 noter que L&rsquo;homme qui r\u00e9tr\u00e9cit sonnera aussi le retour de Jean Dujardin sur grand \u00e9cran, deux ans apr\u00e8s Sur les chemins noirs, tir\u00e9 du roman de <a href=\"https:\/\/www.programme-tv.net\/biographie\/48651-tesson-sylvain\/\" data-link-people=\"13c1baa0-0cd7-420f-9984-27a05f176d61\" target=\"_blank\" rel=\"noopener\">Sylvain Tesson<\/a>.<\/p>\n<p>                        Une bande-annonce prometteuse<\/p>\n<p>Une chose est s\u00fbre, ces premi\u00e8res images s&rsquo;annoncent prometteuses et ne semblent pas trahir le classique de Jack Arnold, sorti il y a 68 ans. \u00c9videmment, la bande-annonce ne manque pas de nous offrir un aper\u00e7u du chat, en <b>r\u00e9f\u00e9rence \u00e0 une s\u00e9quence embl\u00e9matique du roman <\/b>o\u00f9 le h\u00e9ros, alors devenu minuscule doit affronter la boule de poils qui devient pour lui un pr\u00e9dateur redoutable. Ainsi dans ce premier teaser, on y voit un Jean Dujardin mod\u00e8le r\u00e9duit tenter de fuir l&rsquo;animal !<\/p>\n<p>D\u00e9couvrez la bande-annonce de L&rsquo;Homme qui r\u00e9tr\u00e9cit dans la vid\u00e9o ci-dessus.<\/p>\n","protected":false},"excerpt":{"rendered":"Une premi\u00e8re bande-annonce de L&rsquo;Homme qui r\u00e9tr\u00e9cit avec Jean Dujardin, remake du film culte du m\u00eame nom de&hellip;\n","protected":false},"author":2,"featured_media":228712,"comment_status":"","ping_status":"","sticky":false,"template":"","format":"standard","meta":{"footnotes":""},"categories":[1354],"tags":[1409,7196,244,58,59,1346,1011,27,218,1360,36266],"class_list":{"0":"post-228711","1":"post","2":"type-post","3":"status-publish","4":"format-standard","5":"has-post-thumbnail","7":"category-films","8":"tag-bande-annonce","9":"tag-cinu00e9ma","10":"tag-commentaire","11":"tag-divertissement","12":"tag-entertainment","13":"tag-films","14":"tag-fr","15":"tag-france","16":"tag-jean-dujardin","17":"tag-movies","18":"tag-sorties-cinu00e9ma"},"share_on_mastodon":{"url":"https:\/\/pubeurope.com\/@fr\/114801998766131408","error":""},"_links":{"self":[{"href":"https:\/\/www.europesays.com\/fr\/wp-json\/wp\/v2\/posts\/228711","targetHints":{"allow":["GET"]}}],"collection":[{"href":"https:\/\/www.europesays.com\/fr\/wp-json\/wp\/v2\/posts"}],"about":[{"href":"https:\/\/www.europesays.com\/fr\/wp-json\/wp\/v2\/types\/post"}],"author":[{"embeddable":true,"href":"https:\/\/www.europesays.com\/fr\/wp-json\/wp\/v2\/users\/2"}],"replies":[{"embeddable":true,"href":"https:\/\/www.europesays.com\/fr\/wp-json\/wp\/v2\/comments?post=228711"}],"version-history":[{"count":0,"href":"https:\/\/www.europesays.com\/fr\/wp-json\/wp\/v2\/posts\/228711\/revisions"}],"wp:featuredmedia":[{"embeddable":true,"href":"https:\/\/www.europesays.com\/fr\/wp-json\/wp\/v2\/media\/228712"}],"wp:attachment":[{"href":"https:\/\/www.europesays.com\/fr\/wp-json\/wp\/v2\/media?parent=228711"}],"wp:term":[{"taxonomy":"category","embeddable":true,"href":"https:\/\/www.europesays.com\/fr\/wp-json\/wp\/v2\/categories?post=228711"},{"taxonomy":"post_tag","embeddable":true,"href":"https:\/\/www.europesays.com\/fr\/wp-json\/wp\/v2\/tags?post=228711"}],"curies":[{"name":"wp","href":"https:\/\/api.w.org\/{rel}","templated":true}]}}