{"id":228715,"date":"2025-07-05T18:17:10","date_gmt":"2025-07-05T18:17:10","guid":{"rendered":"https:\/\/www.europesays.com\/fr\/228715\/"},"modified":"2025-07-05T18:17:10","modified_gmt":"2025-07-05T18:17:10","slug":"en-images-la-terrible-blessure-a-la-cheville-de-lallemand-musiala-apres-un-choc-avec-donnarumma","status":"publish","type":"post","link":"https:\/\/www.europesays.com\/fr\/228715\/","title":{"rendered":"en images, la terrible blessure \u00e0 la cheville de l\u2019Allemand Musiala apr\u00e8s un choc avec Donnarumma"},"content":{"rendered":"<p>Juste avant la mi-temps, ce samedi \u00e0 Atlanta, le milieu offensif du Bayern Munich a quitt\u00e9 ses partenaires sur civi\u00e8re, suite \u00e0 un contact avec Gianluigi Donnarumma.<\/p>\n<p class=\"fig-paragraph\">Les images font froid dans le dos. Ce samedi \u00e0 Atlanta,\u00a0<a href=\"https:\/\/www.lefigaro.fr\/sports\/football\/live\/coupe-du-monde-des-clubs\/2025\/2492605\/paris-sg-bayern-munich\" target=\"_blank\" data-fig-type=\"Live\" rel=\"noopener nofollow\" data-gtm-custom-categorie=\"navigation\" data-gtm-custom-action=\"crossclick\" data-gtm-custom-label=\"Contextuel\" data-gtm-event=\"customEventSPE\" data-fig-domain=\"LEFIGARO\">le quart de finale de la Coupe du monde des clubs opposant le Paris Saint-Germain et le Bayern Munich<\/a>\u00a0a offert un terrible moment, juste avant la mi-temps.<\/p>\n<p class=\"fig-paragraph\">\u00c0 droite du but parisien, le gardien italien Gianluigi Donnarumma s\u2019est jet\u00e9 dans les pieds du Bavarois Jamal Musiala, devant son co\u00e9quipier Pacho, pour s\u2019emparer du ballon. Mais la jambe du milieu offensif munichois a alors \u00e9t\u00e9 en porte-\u00e0-faux puis a pli\u00e9 au niveau de la cheville sous le poids du portier parisien.<\/p>\n<p>                                    <a class=\"fig-a11y-skip a11y-hidden\" href=\"#fig-a11y-skip-main-inarticle\"><br \/>\n        Passer la publicit\u00e9<br \/>\n    <\/a><\/p>\n<p>Tr\u00e8s mauvaise nouvelle pour le Bayern Munich<\/p>\n<p class=\"fig-paragraph\">Tr\u00e8s vite, Musiala, qui s\u2019est tordu de douleur, a \u00e9t\u00e9 pris en charge par les soigneurs avant d\u2019\u00eatre \u00e9vacu\u00e9 de la pelouse sur civi\u00e8re. Donnarumma, lui, s\u2019est pris la t\u00eate \u00e0 deux mains, se sentant responsable (involontairement bien s\u00fbr) de cet incident. En attendant un diagnostic m\u00e9dical, il est \u00e9vident que cette blessure de Musiala, 22 ans, est un immense coup dur pour le Bayern Munich. L\u2019international allemand va manquer la fin de la comp\u00e9tition aux \u00c9tats-Unis (si son club poursuit sa route) puis, sans doute, une grande partie de la saison prochaine.<\/p>\n<p>    La r\u00e9action de Gianluigi Donnarumma suite \u00e0 la blessure de Musiala.<br \/>\n                Kai Pfaffenbach \/ REUTERS<\/p>\n<p>    Jamal Musiala, touch\u00e9 \u00e0 la cheville lors de PSG-Bayern Munich.<br \/>\n                Amanda Perobelli \/ REUTERS<\/p>\n<p>    Jamal Musiala, au sol, est sorti sur civi\u00e8re.<br \/>\n                Kai Pfaffenbach \/ REUTERS<\/p>\n","protected":false},"excerpt":{"rendered":"Juste avant la mi-temps, ce samedi \u00e0 Atlanta, le milieu offensif du Bayern Munich a quitt\u00e9 ses partenaires&hellip;\n","protected":false},"author":2,"featured_media":228716,"comment_status":"","ping_status":"","sticky":false,"template":"","format":"standard","meta":{"footnotes":""},"categories":[9],"tags":[4782,1011,27,93,60],"class_list":{"0":"post-228715","1":"post","2":"type-post","3":"status-publish","4":"format-standard","5":"has-post-thumbnail","7":"category-sports","8":"tag-bayern-munich","9":"tag-fr","10":"tag-france","11":"tag-psg","12":"tag-sports"},"share_on_mastodon":{"url":"https:\/\/pubeurope.com\/@fr\/114802002786697068","error":""},"_links":{"self":[{"href":"https:\/\/www.europesays.com\/fr\/wp-json\/wp\/v2\/posts\/228715","targetHints":{"allow":["GET"]}}],"collection":[{"href":"https:\/\/www.europesays.com\/fr\/wp-json\/wp\/v2\/posts"}],"about":[{"href":"https:\/\/www.europesays.com\/fr\/wp-json\/wp\/v2\/types\/post"}],"author":[{"embeddable":true,"href":"https:\/\/www.europesays.com\/fr\/wp-json\/wp\/v2\/users\/2"}],"replies":[{"embeddable":true,"href":"https:\/\/www.europesays.com\/fr\/wp-json\/wp\/v2\/comments?post=228715"}],"version-history":[{"count":0,"href":"https:\/\/www.europesays.com\/fr\/wp-json\/wp\/v2\/posts\/228715\/revisions"}],"wp:featuredmedia":[{"embeddable":true,"href":"https:\/\/www.europesays.com\/fr\/wp-json\/wp\/v2\/media\/228716"}],"wp:attachment":[{"href":"https:\/\/www.europesays.com\/fr\/wp-json\/wp\/v2\/media?parent=228715"}],"wp:term":[{"taxonomy":"category","embeddable":true,"href":"https:\/\/www.europesays.com\/fr\/wp-json\/wp\/v2\/categories?post=228715"},{"taxonomy":"post_tag","embeddable":true,"href":"https:\/\/www.europesays.com\/fr\/wp-json\/wp\/v2\/tags?post=228715"}],"curies":[{"name":"wp","href":"https:\/\/api.w.org\/{rel}","templated":true}]}}