{"id":228723,"date":"2025-07-05T18:21:10","date_gmt":"2025-07-05T18:21:10","guid":{"rendered":"https:\/\/www.europesays.com\/fr\/228723\/"},"modified":"2025-07-05T18:21:10","modified_gmt":"2025-07-05T18:21:10","slug":"un-tsunami-va-sabattre-en-mediterranee-la-semaine-prochaine-la-rumeur-deferle-sur-les-reseaux-sociaux-on-decrypte","status":"publish","type":"post","link":"https:\/\/www.europesays.com\/fr\/228723\/","title":{"rendered":"Un tsunami va s\u2019abattre en M\u00e9diterran\u00e9e la semaine prochaine? La rumeur d\u00e9ferle sur les r\u00e9seaux sociaux, on d\u00e9crypte"},"content":{"rendered":"<p>Le Japon et l\u2019Asie ont surv\u00e9cu, ce samedi, aux pr\u00e9dictions apocalyptiques de la mangaka Ryo Tatsuki, qui pr\u00e9disait \u2013 sans aucun fondement scientifique \u2013 la survenue d\u2019un violent tsunami. Il est tout aussi probable qu\u2019aucun raz-de-mar\u00e9e ne d\u00e9ferlera sur Nice et le littoral m\u00e9diterran\u00e9en jeudi. En d\u00e9pit de cette rumeur d\u2019une menace imminente qui, depuis plusieurs jours, inonde les r\u00e9seaux sociaux.<\/p>\n<p>Sur la foi d\u2019un myst\u00e9rieux voyant, \u00ab\u00a0l\u2019un des plus s\u00e9rieux d\u2019Europe\u00a0\u00bb (sic), qui aurait d\u00e9j\u00e0 vu venir avant tout le monde l\u2019\u00e9pid\u00e9mie de \u00ab\u00a0Covid et la temp\u00eate Xynthia\u00a0\u00bb, plusieurs comptes relaient des vid\u00e9os alarmistes. Pr\u00e9disant ce qui s\u2019av\u00e8re pourtant impr\u00e9visible: un tsunami d\u00e9vastant Nice mais aussi Fr\u00e9jus, Monaco ou encore Marseille et S\u00e8te.<\/p>\n<p>D\u00e9menti officiel en Tunisie<\/p>\n<p>La rumeur ne s\u2019est d\u2019ailleurs pas cantonn\u00e9e \u00e0 ce c\u00f4t\u00e9-ci de la M\u00e9diterran\u00e9e. Au point, rapportent nos confr\u00e8res de La Presse de Tunisie, que l\u2019Observatoire de la m\u00e9t\u00e9o et du climat de ce pays a d\u00fb se fendre d\u2019un communiqu\u00e9 pour d\u00e9mentir toute menace imminente. Elle est pourtant clairement dat\u00e9e dans plusieurs de ces vid\u00e9os devenues virales sur les r\u00e9seaux sociaux. Le 10 juillet\u2026 jour de la prochaine pleine lune, cela va de soi!<\/p>\n<p>Fausses distributions de brassards et interdictions de baignade<\/p>\n<p>\u00ab\u00a0L\u2019homme parle d\u2019une col\u00e8re liquide, d\u2019un v\u00e9ritable rideau d\u2019eau cosmique\u00a0\u00bb, ironise, sur TikTok, le compte BofTV qui tourne en d\u00e9rision ces pr\u00e9dictions apocalyptiques que le compte parodique attribue \u00e0\u2026 Francis Lalanne. Un fake de plus. Tout comme les milliers d\u2019appels qu\u2019auraient re\u00e7u les autorit\u00e9s contraignant les pouvoirs publics \u00e0 \u00ab\u00a0distribuer des brassards \u00e0 toute la population et interdire la baignade au-dessus du genou\u00a0\u00bb.<\/p>\n<p>L\u2019humour est sans doute la meilleure des r\u00e9ponses \u00e0 cette rumeur sans aucun fondement scientifique. Sauf qu\u2019au Japon, elle fait tousser les acteurs \u00e9conomiques. Car au pays du soleil levant, la pr\u00e9diction similaire de la c\u00e9l\u00e8bre auteure de manga Ryo Tatsuki a eu un impact r\u00e9el. Dans sa derni\u00e8re BD, elle annon\u00e7ait que \u00ab\u00a0le plancher oc\u00e9anique entre le Japon et les Philippines\u00a0\u00bb allait se fracturer le 5 juillet.<\/p>\n<p>Si la mer n\u2019a pas d\u00e9ferl\u00e9 comme elle l\u2019avait annonc\u00e9, le flux touristique, lui, s\u2019est s\u00e9rieusement tari en ce d\u00e9but de saison. Selon le journal Le Monde, \u00ab\u00a0le d\u00e9partement de Tottori (sud-ouest) a constat\u00e9 en mai une baisse de pr\u00e8s de 50% des r\u00e9servations en provenance de Hong Kong.\u00a0\u00bb<\/p>\n","protected":false},"excerpt":{"rendered":"Le Japon et l\u2019Asie ont surv\u00e9cu, ce samedi, aux pr\u00e9dictions apocalyptiques de la mangaka Ryo Tatsuki, qui pr\u00e9disait&hellip;\n","protected":false},"author":2,"featured_media":228724,"comment_status":"","ping_status":"","sticky":false,"template":"","format":"standard","meta":{"footnotes":""},"categories":[5],"tags":[11,1011,27,1757,14,12,28],"class_list":{"0":"post-228723","1":"post","2":"type-post","3":"status-publish","4":"format-standard","5":"has-post-thumbnail","7":"category-international","8":"tag-actualites","9":"tag-fr","10":"tag-france","11":"tag-insolite","12":"tag-international","13":"tag-news","14":"tag-world"},"share_on_mastodon":{"url":"https:\/\/pubeurope.com\/@fr\/114802018435042057","error":""},"_links":{"self":[{"href":"https:\/\/www.europesays.com\/fr\/wp-json\/wp\/v2\/posts\/228723","targetHints":{"allow":["GET"]}}],"collection":[{"href":"https:\/\/www.europesays.com\/fr\/wp-json\/wp\/v2\/posts"}],"about":[{"href":"https:\/\/www.europesays.com\/fr\/wp-json\/wp\/v2\/types\/post"}],"author":[{"embeddable":true,"href":"https:\/\/www.europesays.com\/fr\/wp-json\/wp\/v2\/users\/2"}],"replies":[{"embeddable":true,"href":"https:\/\/www.europesays.com\/fr\/wp-json\/wp\/v2\/comments?post=228723"}],"version-history":[{"count":0,"href":"https:\/\/www.europesays.com\/fr\/wp-json\/wp\/v2\/posts\/228723\/revisions"}],"wp:featuredmedia":[{"embeddable":true,"href":"https:\/\/www.europesays.com\/fr\/wp-json\/wp\/v2\/media\/228724"}],"wp:attachment":[{"href":"https:\/\/www.europesays.com\/fr\/wp-json\/wp\/v2\/media?parent=228723"}],"wp:term":[{"taxonomy":"category","embeddable":true,"href":"https:\/\/www.europesays.com\/fr\/wp-json\/wp\/v2\/categories?post=228723"},{"taxonomy":"post_tag","embeddable":true,"href":"https:\/\/www.europesays.com\/fr\/wp-json\/wp\/v2\/tags?post=228723"}],"curies":[{"name":"wp","href":"https:\/\/api.w.org\/{rel}","templated":true}]}}