{"id":228725,"date":"2025-07-05T18:22:15","date_gmt":"2025-07-05T18:22:15","guid":{"rendered":"https:\/\/www.europesays.com\/fr\/228725\/"},"modified":"2025-07-05T18:22:15","modified_gmt":"2025-07-05T18:22:15","slug":"incendie-dans-laude-provoque-par-un-vehicule-en-flammes-400-hectares-ravages-500-pompiers-mobilises-des-personnes-evacuees-le-point-sur-le-feu-de-moux-et-douzens","status":"publish","type":"post","link":"https:\/\/www.europesays.com\/fr\/228725\/","title":{"rendered":"Incendie dans l\u2019Aude provoqu\u00e9 par un v\u00e9hicule en flammes : 400 hectares ravag\u00e9s, 500 pompiers mobilis\u00e9s, des personnes \u00e9vacu\u00e9es, le point sur le feu de Moux et Douzens"},"content":{"rendered":"<p>\n                                                                Un violent feu de v\u00e9g\u00e9tation s\u2019est d\u00e9clar\u00e9 ce samedi 5\u00a0juillet aux abords de l\u2019A61, sur la commune de Douzens, apr\u00e8s qu\u2019une voiture a pris feu sur la bande d\u2019arr\u00eat d\u2019urgence. Propuls\u00e9 par un vent tournant et attis\u00e9 par une chaleur accablante, l\u2019incendie s\u2019est rapidement propag\u00e9, d\u00e9truisant au moins 400 hectares en quelques heures. Pr\u00e8s de 500 pompiers, soutenus par une flotte a\u00e9rienne, sont toujours mobilis\u00e9s pour contenir les flammes. Des habitants ont \u00e9t\u00e9 \u00e9vacu\u00e9s.\n                            <\/p>\n<p>C\u2019est un samedi noir pour le massif de l\u2019Alaric. Aux alentours de 13\u00a0h\u00a030, un incendie s\u2019est d\u00e9clench\u00e9 en bordure de l\u2019autoroute A61, sur la commune de Douzens, dans le sens Carcassonne-Narbonne. Selon les premi\u00e8res informations, le feu serait parti d\u2019un v\u00e9hicule en flammes stationn\u00e9 sur la bande d\u2019arr\u00eat d\u2019urgence. Tr\u00e8s vite, les broussailles du bas-c\u00f4t\u00e9 ont pris feu, et sous l\u2019effet du vent tournant, le brasier a gagn\u00e9 en intensit\u00e9 et en superficie.<\/p>\n<p>        <img decoding=\"async\" class=\"std-img__img responsive-img\" src=\"https:\/\/www.europesays.com\/fr\/wp-content\/uploads\/2025\/07\/1751739733_387_image.jpg\" alt=\"Les flammes ont parcouru 400 hectares.\"\/><\/p>\n<p>                Les flammes ont parcouru 400 hectares.<br \/>\n                                    Independant &#8211; NATHALIE AMEN VALS<\/p>\n<p>En fin de journ\u00e9e, et alors que l\u2019incendie n\u2019\u00e9tait pas encore ma\u00eetris\u00e9, un premier bilan faisait \u00e9tat de 400 hectares parcourus par les flammes. Dans l\u2019apr\u00e8s-midi, le feu mena\u00e7ait\u00a0plusieurs secteurs, et notamment les versants de l\u2019Alaric. \u00ab\u00a0On a craint \u00e0 un moment pour Fabrezan et Fontcouverte\u00a0\u00bb, reconna\u00eet le colonel Magny, en charge des op\u00e9rations et directeur du Sdis de l\u2019Aude. \u00ab\u00a0Les conditions sont particuli\u00e8rement d\u00e9favorables avec un vent de nord-ouest instable\u00a0\u00bb, ajoutait-il. Les pompiers n\u2019ont pas non plus \u00e9t\u00e9 aid\u00e9s par la s\u00e9cheresse ambiante\u00a0: \u00ab\u00a030\u00a0mm d\u2019eau dans la v\u00e9g\u00e9tation et 30\u00a0% d\u2019humidit\u00e9 dans l\u2019air\u00a0\u00bb, d\u00e9taillait le colonel.<\/p>\n<p>D\u2019importants moyens mis en \u0153uvre<\/p>\n<p>Pour faire face \u00e0 ce feu, d\u2019importants moyens ont \u00e9t\u00e9 engag\u00e9s\u00a0: en fin de journ\u00e9e 306 pompiers \u00e9taient sur le front, alors que 180 autres \u00e9taient en transit pour venir leur pr\u00eater main-forte, portant \u00e0 pr\u00e8s de 500 le nombre de soldats du feu mobilis\u00e9s. Les moyens a\u00e9riens ont \u00e9galement \u00e9t\u00e9 particuli\u00e8rement importants\u00a0: sept canadairs, un Dash, deux h\u00e9licopt\u00e8res bombardiers d\u2019eau, un h\u00e9licopt\u00e8re de commandement et le Dragon 66 ont survol\u00e9 la zone et effectu\u00e9 de nombreux largages d\u2019eau et de retardant.<\/p>\n<p>Les pompiers audois ont b\u00e9n\u00e9fici\u00e9 de la solidarit\u00e9 de nombreux coll\u00e8gues des d\u00e9partements alentour, notamment les Sdis de la Haute-Garonne, de l\u2019H\u00e9rault, des Pyr\u00e9n\u00e9es-Orientales et de pompiers bretons arriv\u00e9s ce samedi matin \u00e0 Narbonne, en pr\u00e9positionnement, et qui ont donc \u00e9t\u00e9 imm\u00e9diatement mis \u00e0 l\u2019\u0153uvre.<\/p>\n<p>        <img decoding=\"async\" class=\"std-img__img responsive-img\" src=\"https:\/\/www.europesays.com\/fr\/wp-content\/uploads\/2025\/07\/1751739734_288_image.jpg\" alt=\"L\u2019incendie est parti apr\u00e8s qu\u2019un v\u00e9hicule sur la bande d\u2019arr\u00eat d\u2019urgence a pris feu.\"\/><\/p>\n<p>                L\u2019incendie est parti apr\u00e8s qu\u2019un v\u00e9hicule sur la bande d\u2019arr\u00eat d\u2019urgence a pris feu.<br \/>\n                                    DR &#8211; Sdis 11<\/p>\n<p>Le poste de commandement a \u00e9t\u00e9 install\u00e9 sur le stade de Moux, d\u2019o\u00f9 on voyait les flammes avaler les arbres et les transformer en torches.<\/p>\n<p>Face \u00e0 la menace, plusieurs personnes ont \u00e9t\u00e9 \u00e9vacu\u00e9es par pr\u00e9caution. \u00c0 Moux, un couple de personnes \u00e2g\u00e9es et leur petit-fils ainsi qu\u2019une autre personne ont \u00e9t\u00e9 pris en charge par la commune. Une cinqui\u00e8me personne a \u00e9t\u00e9 \u00e9vacu\u00e9e \u00e0 Fontcouverte, indique \u00e9galement le Service interminist\u00e9riel de d\u00e9fense et de protection civile de la pr\u00e9fecture de l\u2019Aude. Le lieu-dit Vals a \u00e9galement fait l\u2019objet d\u2019une attention particuli\u00e8re et\u00a0les soldats du feu y ont concentr\u00e9 plusieurs moyens pour \u00e9viter toute propagation vers les habitations.<\/p>\n<p>Cet incendie a eu d\u2019importantes cons\u00e9quences sur la circulation. D\u2019abord sur l\u2019autoroute, o\u00f9 seule la voie de gauche \u00e9tait praticable, ce qui a entra\u00een\u00e9 un bouchon d\u2019une dizaine de kilom\u00e8tres. La sortie \u00e9tait conseill\u00e9e et l\u2019entr\u00e9e d\u00e9conseill\u00e9e au niveau de la sortie 24 \u00e0 Carcassonne-Est, ce qui a \u00e9galement entra\u00een\u00e9 une augmentation du trafic sur le r\u00e9seau secondaire. La route d\u00e9partementale 212, qui relie Fontcouverte \u00e0 Lagrasse, a \u00e9galement \u00e9t\u00e9 ferm\u00e9e \u00e0 la circulation, indique la pr\u00e9fecture.<\/p>\n<p>Face \u00e0 ce nouvel incendie provoqu\u00e9 par un v\u00e9hicule en feu, les \u00e9lus locaux expriment leur d\u00e9sarroi. Le maire de Douzens, Philippe Rappeneau, rappelle que ce n\u2019est pas la premi\u00e8re fois qu\u2019un feu d\u00e9marre ainsi\u00a0: \u00ab\u00a0Il y a deux ans, \u00e0 Capendu, un camion avait pris feu avec le m\u00eame sc\u00e9nario. Il y a quatre ans, c\u2019\u00e9tait pareil. Il va falloir qu\u2019on se mette tous autour de la table. Je pense qu\u2019il faudrait cr\u00e9er une bande de s\u00e9curit\u00e9 de 15 m\u00e8tres le long de l\u2019autoroute. Oui, \u00e7a co\u00fbte de l\u2019argent, mais un incendie comme celui-l\u00e0, \u00e7a co\u00fbte combien\u00a0?\u00a0\u00bb<\/p>\n<p>\u00c0 Moux, la solidarit\u00e9 s\u2019est imm\u00e9diatement organis\u00e9e. Le maire, G\u00e9rard Pioche, a coordonn\u00e9 l\u2019accueil des \u00e9vacu\u00e9s\u00a0: \u00ab\u00a0On \u00e9tait en train de d\u00e9jeuner quand j\u2019ai \u00e9t\u00e9 pr\u00e9venu. On a apport\u00e9 des packs d\u2019eau aux pompiers. Toutes les \u00e9quipes municipales se sont mobilis\u00e9es\u00a0\u00bb, explique-t-il.<\/p>\n<p>        <img decoding=\"async\" class=\"std-img__img responsive-img\" src=\"https:\/\/www.europesays.com\/fr\/wp-content\/uploads\/2025\/07\/1751739735_18_image.jpg\" alt=\"Le Colonel Magny et G\u00e9rard Pioche, maire de Moux.\"\/><\/p>\n<p>                Le Colonel Magny et G\u00e9rard Pioche, maire de Moux.<br \/>\n                                    Independant &#8211; NATHALIE AMEN VALS<\/p>\n<p>En d\u00e9but de soir\u00e9e, l\u2019incendie reste actif, et l\u2019ensemble des effectifs engag\u00e9s continue de lutter contre sa progression.<\/p>\n<p>La pr\u00e9fecture de l\u2019Aude appelle la population \u00e0 la prudence absolue, \u00e0 ne pas approcher les zones sinistr\u00e9es et \u00e0 ne pas g\u00eaner les op\u00e9rations des soldats du feu.<\/p>\n","protected":false},"excerpt":{"rendered":"Un violent feu de v\u00e9g\u00e9tation s\u2019est d\u00e9clar\u00e9 ce samedi 5\u00a0juillet aux abords de l\u2019A61, sur la commune de&hellip;\n","protected":false},"author":2,"featured_media":228726,"comment_status":"","ping_status":"","sticky":false,"template":"","format":"standard","meta":{"footnotes":""},"categories":[4],"tags":[11,1011,27,12,25],"class_list":{"0":"post-228725","1":"post","2":"type-post","3":"status-publish","4":"format-standard","5":"has-post-thumbnail","7":"category-france","8":"tag-actualites","9":"tag-fr","10":"tag-france","11":"tag-news","12":"tag-republique-francaise"},"share_on_mastodon":{"url":"https:\/\/pubeurope.com\/@fr\/114802022657755180","error":""},"_links":{"self":[{"href":"https:\/\/www.europesays.com\/fr\/wp-json\/wp\/v2\/posts\/228725","targetHints":{"allow":["GET"]}}],"collection":[{"href":"https:\/\/www.europesays.com\/fr\/wp-json\/wp\/v2\/posts"}],"about":[{"href":"https:\/\/www.europesays.com\/fr\/wp-json\/wp\/v2\/types\/post"}],"author":[{"embeddable":true,"href":"https:\/\/www.europesays.com\/fr\/wp-json\/wp\/v2\/users\/2"}],"replies":[{"embeddable":true,"href":"https:\/\/www.europesays.com\/fr\/wp-json\/wp\/v2\/comments?post=228725"}],"version-history":[{"count":0,"href":"https:\/\/www.europesays.com\/fr\/wp-json\/wp\/v2\/posts\/228725\/revisions"}],"wp:featuredmedia":[{"embeddable":true,"href":"https:\/\/www.europesays.com\/fr\/wp-json\/wp\/v2\/media\/228726"}],"wp:attachment":[{"href":"https:\/\/www.europesays.com\/fr\/wp-json\/wp\/v2\/media?parent=228725"}],"wp:term":[{"taxonomy":"category","embeddable":true,"href":"https:\/\/www.europesays.com\/fr\/wp-json\/wp\/v2\/categories?post=228725"},{"taxonomy":"post_tag","embeddable":true,"href":"https:\/\/www.europesays.com\/fr\/wp-json\/wp\/v2\/tags?post=228725"}],"curies":[{"name":"wp","href":"https:\/\/api.w.org\/{rel}","templated":true}]}}