{"id":22874,"date":"2025-04-13T19:05:18","date_gmt":"2025-04-13T19:05:18","guid":{"rendered":"https:\/\/www.europesays.com\/fr\/22874\/"},"modified":"2025-04-13T19:05:18","modified_gmt":"2025-04-13T19:05:18","slug":"previsions-du-dimanche-13-avril-2025-5","status":"publish","type":"post","link":"https:\/\/www.europesays.com\/fr\/22874\/","title":{"rendered":"pr\u00e9visions du dimanche 13 avril 2025"},"content":{"rendered":"<p>Aujourd&rsquo;hui, \u00e0 Nice, des nuages ne voudront pas c\u00e9der leur place au soleil. Des pluies \u00e9parses tomberont. Les valeurs afficheront entre 13 et 15\u00b0C. Un vent d&rsquo;est rafra\u00eechira un peu l&rsquo;atmosph\u00e8re. Les temp\u00e9ratures iront de 13 \u00e0 14\u00b0C sur l&rsquo;ensemble de la matin\u00e9e. La grisaille ne se disperse toujours pas, il y aura encore des nuages l&rsquo;apr\u00e8s-midi. Les maximales pourront atteindre 15\u00b0C tandis que les minimales seront de 14\u00b0C. Il faudra pr\u00e9voir des perturbations le soir, les Ni\u00e7ois se retrouveront sous de la bruine. Les valeurs seront comprises entre 13 et 14\u00b0C. Entre dimanche et lundi, la nuit sera pluvieuse.<\/p>\n<p>Demain, le thermom\u00e8tre affichera 14\u00b0C en moyenne \u00e0 Nice. Une petite brise de nord-est sera ressentie par les habitants. On observera la pr\u00e9sence persistante de nuages le matin. Des pluies \u00e9parses vont tomber. Il fera environ 13\u00b0C. Il va falloir \u00eatre vigilant demain apr\u00e8s-midi : de petites averses auront lieu. Les temp\u00e9ratures seront de 13\u00b0C au plus bas et de 14\u00b0C au maximum. Des averses sont annonc\u00e9es demain soir. La ville se retrouvera de temps en temps sous la pluie. Il va faire 13\u00b0C en moyenne.<\/p>\n<p>Peu d&rsquo;\u00e9volutions pour la suite. Comptez sur 14\u00b0C en moyenne qui accompagneront des journ\u00e9es pluvieuses.<\/p>\n<p><\/p>\n","protected":false},"excerpt":{"rendered":"Aujourd&rsquo;hui, \u00e0 Nice, des nuages ne voudront pas c\u00e9der leur place au soleil. Des pluies \u00e9parses tomberont. Les&hellip;\n","protected":false},"author":2,"featured_media":22875,"comment_status":"","ping_status":"","sticky":false,"template":"","format":"standard","meta":{"footnotes":""},"categories":[2819],"tags":[1111,11,2898,1777,674,1011,27,12,2401,883,2119,882,25],"class_list":{"0":"post-22874","1":"post","2":"type-post","3":"status-publish","4":"format-standard","5":"has-post-thumbnail","7":"category-nice","8":"tag-actu","9":"tag-actualites","10":"tag-alpes-maritimes","11":"tag-eu","12":"tag-europe","13":"tag-fr","14":"tag-france","15":"tag-news","16":"tag-nice","17":"tag-paca","18":"tag-previsions-meteo","19":"tag-provence-alpes-cote-dazur","20":"tag-republique-francaise"},"share_on_mastodon":{"url":"https:\/\/pubeurope.com\/@fr\/114332219692966593","error":""},"_links":{"self":[{"href":"https:\/\/www.europesays.com\/fr\/wp-json\/wp\/v2\/posts\/22874","targetHints":{"allow":["GET"]}}],"collection":[{"href":"https:\/\/www.europesays.com\/fr\/wp-json\/wp\/v2\/posts"}],"about":[{"href":"https:\/\/www.europesays.com\/fr\/wp-json\/wp\/v2\/types\/post"}],"author":[{"embeddable":true,"href":"https:\/\/www.europesays.com\/fr\/wp-json\/wp\/v2\/users\/2"}],"replies":[{"embeddable":true,"href":"https:\/\/www.europesays.com\/fr\/wp-json\/wp\/v2\/comments?post=22874"}],"version-history":[{"count":0,"href":"https:\/\/www.europesays.com\/fr\/wp-json\/wp\/v2\/posts\/22874\/revisions"}],"wp:featuredmedia":[{"embeddable":true,"href":"https:\/\/www.europesays.com\/fr\/wp-json\/wp\/v2\/media\/22875"}],"wp:attachment":[{"href":"https:\/\/www.europesays.com\/fr\/wp-json\/wp\/v2\/media?parent=22874"}],"wp:term":[{"taxonomy":"category","embeddable":true,"href":"https:\/\/www.europesays.com\/fr\/wp-json\/wp\/v2\/categories?post=22874"},{"taxonomy":"post_tag","embeddable":true,"href":"https:\/\/www.europesays.com\/fr\/wp-json\/wp\/v2\/tags?post=22874"}],"curies":[{"name":"wp","href":"https:\/\/api.w.org\/{rel}","templated":true}]}}