{"id":228757,"date":"2025-07-05T18:42:12","date_gmt":"2025-07-05T18:42:12","guid":{"rendered":"https:\/\/www.europesays.com\/fr\/228757\/"},"modified":"2025-07-05T18:42:12","modified_gmt":"2025-07-05T18:42:12","slug":"ogc-nice-le-transfert-de-bulka-au-neom-sc-rapporte-aussi-au-psg","status":"publish","type":"post","link":"https:\/\/www.europesays.com\/fr\/228757\/","title":{"rendered":"OGC Nice. Le transfert de Bulka au Neom SC rapporte aussi au PSG"},"content":{"rendered":"<p><img fetchpriority=\"high\" decoding=\"async\" width=\"600\" height=\"450\" src=\"https:\/\/www.europesays.com\/fr\/wp-content\/uploads\/2025\/07\/Marcin-Bulka-.jpg\" alt=\"OGC Nice. Le transfert de Bulka au Neom SC rapporte aussi au PSG\" class=\"wp-image-215231\"  \/>Marcin Bulka, son transfert va rapporter (un peu) au PSG.<\/p>\n<p>Marcin Bulka quitte officiellement la <a href=\"https:\/\/sportune.20minutes.fr\/ligue-1-l1\" target=\"_blank\" rel=\"noopener\">Ligue 1<\/a>. Et l\u2019Europe du football. Le gardien de l\u2019<a href=\"https:\/\/sportune.20minutes.fr\/ogc-nice-ogcn\" target=\"_blank\" rel=\"noopener\">OGC Nice<\/a> apr\u00e8s quatre solides saisons au service des Aiglons, a accept\u00e9 de relever le challenge du Neom SC, un ambitieux promu en Saudi Pro League.<\/p>\n<p>Le gardien international polonais s\u2019est engag\u00e9 sur un contrat de quatre ans, \u00e0 l\u2019\u00e9ch\u00e9ance de la fin du mois de juin 2029. En contrepartie, l\u2019<a href=\"https:\/\/sportune.20minutes.fr\/ogc-nice-ogcn\" target=\"_blank\" rel=\"noopener\">OGC Nice<\/a> doit recevoir une indemnit\u00e9 sur le transfert estim\u00e9e \u00e0 quinze millions d\u2019euros, qui compense la saison qu\u2019il restait \u00e0 son contrat ni\u00e7ois.<\/p>\n<p>Trois ans au PSG mais une seule saison avec Paris<\/p>\n<p>Sur ce transfert, le <a href=\"https:\/\/sportune.20minutes.fr\/paris-saint-germain-psg\" target=\"_blank\" rel=\"noopener\">Paris Saint-Germain<\/a> doit aussi \u00eatre r\u00e9compens\u00e9, au titre du temps pass\u00e9 par Bulka dans ses rangs, tel que le pr\u00e9voit le m\u00e9canisme de solidarit\u00e9 de la FIFA. Il est rest\u00e9 trois ans, mais n\u2019a jou\u00e9 qu\u2019une seule saison au service des Parisiens, ayant \u00e9t\u00e9 pr\u00eat\u00e9 le reste du temps.<\/p>\n<p>A ce titre, sur une indemnit\u00e9 \u00e0 quinze millions d\u2019euros, le <a href=\"https:\/\/sportune.20minutes.fr\/paris-saint-germain-psg\" target=\"_blank\" rel=\"noopener\">PSG<\/a> recevra l\u2019\u00e9quivalent de 75 000 euros.<\/p>\n","protected":false},"excerpt":{"rendered":"Marcin Bulka, son transfert va rapporter (un peu) au PSG. Marcin Bulka quitte officiellement la Ligue 1. Et&hellip;\n","protected":false},"author":2,"featured_media":228758,"comment_status":"","ping_status":"","sticky":false,"template":"","format":"standard","meta":{"footnotes":""},"categories":[2819],"tags":[1111,11,1777,674,1011,27,12,2401,2268,882,93,25,969],"class_list":{"0":"post-228757","1":"post","2":"type-post","3":"status-publish","4":"format-standard","5":"has-post-thumbnail","7":"category-nice","8":"tag-actu","9":"tag-actualites","10":"tag-eu","11":"tag-europe","12":"tag-fr","13":"tag-france","14":"tag-news","15":"tag-nice","16":"tag-ogc-nice","17":"tag-provence-alpes-cote-dazur","18":"tag-psg","19":"tag-republique-francaise","20":"tag-transfert"},"share_on_mastodon":{"url":"https:\/\/pubeurope.com\/@fr\/114802101011758630","error":""},"_links":{"self":[{"href":"https:\/\/www.europesays.com\/fr\/wp-json\/wp\/v2\/posts\/228757","targetHints":{"allow":["GET"]}}],"collection":[{"href":"https:\/\/www.europesays.com\/fr\/wp-json\/wp\/v2\/posts"}],"about":[{"href":"https:\/\/www.europesays.com\/fr\/wp-json\/wp\/v2\/types\/post"}],"author":[{"embeddable":true,"href":"https:\/\/www.europesays.com\/fr\/wp-json\/wp\/v2\/users\/2"}],"replies":[{"embeddable":true,"href":"https:\/\/www.europesays.com\/fr\/wp-json\/wp\/v2\/comments?post=228757"}],"version-history":[{"count":0,"href":"https:\/\/www.europesays.com\/fr\/wp-json\/wp\/v2\/posts\/228757\/revisions"}],"wp:featuredmedia":[{"embeddable":true,"href":"https:\/\/www.europesays.com\/fr\/wp-json\/wp\/v2\/media\/228758"}],"wp:attachment":[{"href":"https:\/\/www.europesays.com\/fr\/wp-json\/wp\/v2\/media?parent=228757"}],"wp:term":[{"taxonomy":"category","embeddable":true,"href":"https:\/\/www.europesays.com\/fr\/wp-json\/wp\/v2\/categories?post=228757"},{"taxonomy":"post_tag","embeddable":true,"href":"https:\/\/www.europesays.com\/fr\/wp-json\/wp\/v2\/tags?post=228757"}],"curies":[{"name":"wp","href":"https:\/\/api.w.org\/{rel}","templated":true}]}}