{"id":22876,"date":"2025-04-13T19:06:30","date_gmt":"2025-04-13T19:06:30","guid":{"rendered":"https:\/\/www.europesays.com\/fr\/22876\/"},"modified":"2025-04-13T19:06:30","modified_gmt":"2025-04-13T19:06:30","slug":"nous-sommes-en-train-de-nous-faire-rayer-de-la-carte-a-nantes-les-occupants-du-lieu-unique-mettent-en-scene-la-riposte-face-aux-coupes-budgetaires","status":"publish","type":"post","link":"https:\/\/www.europesays.com\/fr\/22876\/","title":{"rendered":"\u00ab\u00a0Nous sommes en train de nous faire rayer de la carte\u00a0\u00bb\u00a0: \u00e0 Nantes, les occupants du Lieu unique mettent en sc\u00e8ne la riposte face aux coupes budg\u00e9taires"},"content":{"rendered":"<p>Nantes (Loire-Atlantique), correspondance particuli\u00e8re.<\/p>\n<p>Le Lieu unique est occup\u00e9 depuis cinq jours. Tout en maintenant pour l\u2019heure ses activit\u00e9s. Le mouvement initi\u00e9 par la CGT spectacle et le collectif de professionnels Culture en lutte cherche \u00e0 rebondir apr\u00e8s une premi\u00e8re mobilisation fin 2024. Celle-ci survenait dans la foul\u00e9e des annonces de la pr\u00e9sidente des Pays de la Loire, Christelle Moran\u00e7ais, sur des \u00e9conomies de 82\u00a0millions d\u2019euros dans le budget r\u00e9gional impactant culture, sport, missions locales, associations. La lutte cherche aujourd\u2019hui \u00e0 s\u2019\u00e9largir et \u00e0 se catalyser\u00a0; avec les postiers du piquet de gr\u00e8ve des Sorini\u00e8res, centre de tri de La Poste pr\u00e8s de Nantes, ou les \u00e9boueurs de la ville, chez qui court toujours un pr\u00e9avis&#8230;.<\/p>\n","protected":false},"excerpt":{"rendered":"Nantes (Loire-Atlantique), correspondance particuli\u00e8re. Le Lieu unique est occup\u00e9 depuis cinq jours. Tout en maintenant pour l\u2019heure ses&hellip;\n","protected":false},"author":2,"featured_media":22877,"comment_status":"","ping_status":"","sticky":false,"template":"","format":"standard","meta":{"footnotes":""},"categories":[2818],"tags":[8439,1111,11,8440,251,1777,674,1011,27,766,12,2636,25,8441],"class_list":{"0":"post-22876","1":"post","2":"type-post","3":"status-publish","4":"format-standard","5":"has-post-thumbnail","7":"category-nantes","8":"tag-accu00e8s-u00e0-la-culture","9":"tag-actu","10":"tag-actualites","11":"tag-convergence-des-luttes","12":"tag-culture","13":"tag-eu","14":"tag-europe","15":"tag-fr","16":"tag-france","17":"tag-nantes","18":"tag-news","19":"tag-pays-de-la-loire","20":"tag-republique-francaise","21":"tag-spectacle-vivant"},"share_on_mastodon":{"url":"https:\/\/pubeurope.com\/@fr\/114332223585942181","error":""},"_links":{"self":[{"href":"https:\/\/www.europesays.com\/fr\/wp-json\/wp\/v2\/posts\/22876","targetHints":{"allow":["GET"]}}],"collection":[{"href":"https:\/\/www.europesays.com\/fr\/wp-json\/wp\/v2\/posts"}],"about":[{"href":"https:\/\/www.europesays.com\/fr\/wp-json\/wp\/v2\/types\/post"}],"author":[{"embeddable":true,"href":"https:\/\/www.europesays.com\/fr\/wp-json\/wp\/v2\/users\/2"}],"replies":[{"embeddable":true,"href":"https:\/\/www.europesays.com\/fr\/wp-json\/wp\/v2\/comments?post=22876"}],"version-history":[{"count":0,"href":"https:\/\/www.europesays.com\/fr\/wp-json\/wp\/v2\/posts\/22876\/revisions"}],"wp:featuredmedia":[{"embeddable":true,"href":"https:\/\/www.europesays.com\/fr\/wp-json\/wp\/v2\/media\/22877"}],"wp:attachment":[{"href":"https:\/\/www.europesays.com\/fr\/wp-json\/wp\/v2\/media?parent=22876"}],"wp:term":[{"taxonomy":"category","embeddable":true,"href":"https:\/\/www.europesays.com\/fr\/wp-json\/wp\/v2\/categories?post=22876"},{"taxonomy":"post_tag","embeddable":true,"href":"https:\/\/www.europesays.com\/fr\/wp-json\/wp\/v2\/tags?post=22876"}],"curies":[{"name":"wp","href":"https:\/\/api.w.org\/{rel}","templated":true}]}}