{"id":228776,"date":"2025-07-05T18:54:11","date_gmt":"2025-07-05T18:54:11","guid":{"rendered":"https:\/\/www.europesays.com\/fr\/228776\/"},"modified":"2025-07-05T18:54:11","modified_gmt":"2025-07-05T18:54:11","slug":"avec-la-grande-ecoute-les-ecologistes-preparent-leur-future-campagne","status":"publish","type":"post","link":"https:\/\/www.europesays.com\/fr\/228776\/","title":{"rendered":"avec \u00ab\u00a0La Grande Ecoute\u00a0\u00bb, les \u00e9cologistes pr\u00e9parent leur future campagne"},"content":{"rendered":"<p>Kit de mobilisation, chef d\u2019\u00e9quipe, briefing\u2026 Ce samedi matin, place Guichard \u00e0 Lyon 3e, la r\u00e9union des militants, \u00e9lus et sympathisants \u00e9cologistes, emmen\u00e9e par la d\u00e9put\u00e9e lyonnaise <a href=\"https:\/\/www.leprogres.fr\/p\/marie-charlotte-garin\" target=\"_blank\" rel=\"noopener\">Marie-Charlotte Garin<\/a>, avait un go\u00fbt de pr\u00e9campagne, \u00e0 quelques mois des \u00e9lections municipales et m\u00e9tropolitaines.<\/p>\n<p>  \u00ab\u00a0Faire de la politique diff\u00e9remment\u00a0\u00bb<\/p>\n<p>\u00ab\u00a0Mon engagement est n\u00e9 dans la campagne de 2020 et dans la mani\u00e8re de faire de la politique diff\u00e9remment. On continue \u00e0 faire de la politique autrement, quand bien m\u00eame on est sortant\u00a0\u00bb, met en avant Marie-Charlotte Garin. Avec \u00ab\u00a0des permanences sur les march\u00e9s, les budgets participatifs, les consultations\u2026\u00a0\u00bb, pour elle, les \u00e9lus \u00e9cologistes ont \u00e9cout\u00e9 les habitants lors de ce premier mandat de <a href=\"https:\/\/www.leprogres.fr\/p\/gregory-doucet\" target=\"_blank\" rel=\"noopener\">Gr\u00e9gory Doucet<\/a> et <a href=\"https:\/\/www.leprogres.fr\/p\/bruno-bernard\" target=\"_blank\" rel=\"noopener\">Bruno Bernard<\/a>, \u00e0 la mairie et la M\u00e9tropole de Lyon.<\/p>\n<p>Le parti vert lyonnais veut continuer avec l\u2019op\u00e9ration \u00ab\u00a0La Grande \u00c9coute\u00a0\u00bb. Les militants vont aller \u00e9changer avec les habitants, sur plus de 200 points de rencontres, d\u2019ici d\u00e9but octobre, dans tous les arrondissements de Lyon.<\/p>\n<p>\u00ab\u00a0On va simplement \u00e9couter sans chercher \u00e0 convaincre\u00a0\u00bb, assure Marie-Charlotte Garin. \u00ab\u00a0Il s\u2019agit de n\u2019oublier personne, d\u2019aller vers tout le monde\u00a0\u00bb dit Abdel Batal, un militant.<\/p>\n<p>Une d\u00e9marche salu\u00e9e par Boris Ferrier, directeur de MJC, qui n\u2019est pas membre du parti. \u00ab\u00a0Quand on est encart\u00e9, on peut se parler entre soi et parfois \u00eatre un peu d\u00e9connect\u00e9.\u00a0\u00bb L\u2019op\u00e9ration engage selon lui les \u00e9cologistes\u00a0: \u00ab\u00a0Quand on \u00e9coute, il faut entendre\u00a0\u00bb.<\/p>\n<p class=\"note\"><a href=\"https:\/\/grande-ecoute-lyon.fr\/\" target=\"_blank\" rel=\"noopener\">https:\/\/grande-ecoute-lyon.fr\/<\/a><\/p>\n","protected":false},"excerpt":{"rendered":"Kit de mobilisation, chef d\u2019\u00e9quipe, briefing\u2026 Ce samedi matin, place Guichard \u00e0 Lyon 3e, la r\u00e9union des militants,&hellip;\n","protected":false},"author":2,"featured_media":228777,"comment_status":"","ping_status":"","sticky":false,"template":"","format":"standard","meta":{"footnotes":""},"categories":[1889],"tags":[1111,11,2430,2757,1777,674,107,1011,27,3539,2428,2756,12,316,25,2429],"class_list":{"0":"post-228776","1":"post","2":"type-post","3":"status-publish","4":"format-standard","5":"has-post-thumbnail","7":"category-lyon","8":"tag-actu","9":"tag-actualites","10":"tag-auvergne-rhone-alpes","11":"tag-edition-lyon-villeurbanne","12":"tag-eu","13":"tag-europe","14":"tag-fil-info","15":"tag-fr","16":"tag-france","17":"tag-les-ecologistes","18":"tag-lyon","19":"tag-lyon-bassin","20":"tag-news","21":"tag-politique","22":"tag-republique-francaise","23":"tag-rhone"},"share_on_mastodon":{"url":"https:\/\/pubeurope.com\/@fr\/114802148205422545","error":""},"_links":{"self":[{"href":"https:\/\/www.europesays.com\/fr\/wp-json\/wp\/v2\/posts\/228776","targetHints":{"allow":["GET"]}}],"collection":[{"href":"https:\/\/www.europesays.com\/fr\/wp-json\/wp\/v2\/posts"}],"about":[{"href":"https:\/\/www.europesays.com\/fr\/wp-json\/wp\/v2\/types\/post"}],"author":[{"embeddable":true,"href":"https:\/\/www.europesays.com\/fr\/wp-json\/wp\/v2\/users\/2"}],"replies":[{"embeddable":true,"href":"https:\/\/www.europesays.com\/fr\/wp-json\/wp\/v2\/comments?post=228776"}],"version-history":[{"count":0,"href":"https:\/\/www.europesays.com\/fr\/wp-json\/wp\/v2\/posts\/228776\/revisions"}],"wp:featuredmedia":[{"embeddable":true,"href":"https:\/\/www.europesays.com\/fr\/wp-json\/wp\/v2\/media\/228777"}],"wp:attachment":[{"href":"https:\/\/www.europesays.com\/fr\/wp-json\/wp\/v2\/media?parent=228776"}],"wp:term":[{"taxonomy":"category","embeddable":true,"href":"https:\/\/www.europesays.com\/fr\/wp-json\/wp\/v2\/categories?post=228776"},{"taxonomy":"post_tag","embeddable":true,"href":"https:\/\/www.europesays.com\/fr\/wp-json\/wp\/v2\/tags?post=228776"}],"curies":[{"name":"wp","href":"https:\/\/api.w.org\/{rel}","templated":true}]}}