{"id":228778,"date":"2025-07-05T18:55:11","date_gmt":"2025-07-05T18:55:11","guid":{"rendered":"https:\/\/www.europesays.com\/fr\/228778\/"},"modified":"2025-07-05T18:55:11","modified_gmt":"2025-07-05T18:55:11","slug":"lyon-dernier-spectacle-de-la-saison-a-lopera-jusquau-9-juillet","status":"publish","type":"post","link":"https:\/\/www.europesays.com\/fr\/228778\/","title":{"rendered":"Lyon. Dernier spectacle de la saison\u00a0\u00e0 l\u2019op\u00e9ra jusqu\u2019au 9\u00a0juillet"},"content":{"rendered":"<p>Pour le dernier spectacle de la saison, les danseurs du ballet de l\u2019Op\u00e9ra national de Lyon traversent les esth\u00e9tiques de trois chor\u00e9graphes. L\u2019embl\u00e9matique Concerto  de Lucinda Childs, grande dame de la danse post-moderne am\u00e9ricaine, entre au r\u00e9pertoire de la compagnie lyonnaise.<\/p>\n<p>Nacera Belaza, chor\u00e9graphe sensible et puissante \u00e0 l\u2019\u00e9criture aussi minimaliste que sa cons\u0153ur am\u00e9ricaine, transporte 14 danseurs vers l\u2019inconnu, l\u2019intime et le l\u00e2cher prise. Enfin, Self Duet , cr\u00e9\u00e9 par No\u00e9 Soulier, explore des th\u00e9matiques similaires dans un solo.<\/p>\n<p class=\"note\">Jusqu\u2019au mercredi 9\u00a0juillet \u00e0 l\u2019op\u00e9ra, Lyon 1er. Tarifs\u00a0: 10 \u00e0 48\u00a0\u20ac. <\/p>\n","protected":false},"excerpt":{"rendered":"Pour le dernier spectacle de la saison, les danseurs du ballet de l\u2019Op\u00e9ra national de Lyon traversent les&hellip;\n","protected":false},"author":2,"featured_media":228779,"comment_status":"","ping_status":"","sticky":false,"template":"","format":"standard","meta":{"footnotes":""},"categories":[1889],"tags":[1111,11,2430,1687,1777,674,1011,27,2428,12,25,3140],"class_list":{"0":"post-228778","1":"post","2":"type-post","3":"status-publish","4":"format-standard","5":"has-post-thumbnail","7":"category-lyon","8":"tag-actu","9":"tag-actualites","10":"tag-auvergne-rhone-alpes","11":"tag-culture-loisirs","12":"tag-eu","13":"tag-europe","14":"tag-fr","15":"tag-france","16":"tag-lyon","17":"tag-news","18":"tag-republique-francaise","19":"tag-spectacle"},"share_on_mastodon":{"url":"https:\/\/pubeurope.com\/@fr\/114802152117354135","error":""},"_links":{"self":[{"href":"https:\/\/www.europesays.com\/fr\/wp-json\/wp\/v2\/posts\/228778","targetHints":{"allow":["GET"]}}],"collection":[{"href":"https:\/\/www.europesays.com\/fr\/wp-json\/wp\/v2\/posts"}],"about":[{"href":"https:\/\/www.europesays.com\/fr\/wp-json\/wp\/v2\/types\/post"}],"author":[{"embeddable":true,"href":"https:\/\/www.europesays.com\/fr\/wp-json\/wp\/v2\/users\/2"}],"replies":[{"embeddable":true,"href":"https:\/\/www.europesays.com\/fr\/wp-json\/wp\/v2\/comments?post=228778"}],"version-history":[{"count":0,"href":"https:\/\/www.europesays.com\/fr\/wp-json\/wp\/v2\/posts\/228778\/revisions"}],"wp:featuredmedia":[{"embeddable":true,"href":"https:\/\/www.europesays.com\/fr\/wp-json\/wp\/v2\/media\/228779"}],"wp:attachment":[{"href":"https:\/\/www.europesays.com\/fr\/wp-json\/wp\/v2\/media?parent=228778"}],"wp:term":[{"taxonomy":"category","embeddable":true,"href":"https:\/\/www.europesays.com\/fr\/wp-json\/wp\/v2\/categories?post=228778"},{"taxonomy":"post_tag","embeddable":true,"href":"https:\/\/www.europesays.com\/fr\/wp-json\/wp\/v2\/tags?post=228778"}],"curies":[{"name":"wp","href":"https:\/\/api.w.org\/{rel}","templated":true}]}}