{"id":228790,"date":"2025-07-05T19:01:10","date_gmt":"2025-07-05T19:01:10","guid":{"rendered":"https:\/\/www.europesays.com\/fr\/228790\/"},"modified":"2025-07-05T19:01:10","modified_gmt":"2025-07-05T19:01:10","slug":"psg-bayern-munich-2-0-rouge-de-bonheur-paris-soffre-une-demi-finale-mondiale","status":"publish","type":"post","link":"https:\/\/www.europesays.com\/fr\/228790\/","title":{"rendered":"PSG &#8211; Bayern Munich (2-0) : rouge de bonheur, Paris s\u2019offre une demi-finale mondiale"},"content":{"rendered":"<p class=\"paragraph text_align_left lp-f-body-02\">La meilleure \u00e9quipe d\u2019Europe est en passe de devenir la meilleure \u00e9quipe du monde. En tout cas, pareil honneur pourrait \u00eatre formalis\u00e9 par un titre \u00e0 la <a href=\"https:\/\/www.leparisien.fr\/sports\/football\/coupe-du-monde-des-clubs\/\" target=\"_blank\" rel=\"noreferrer noopener\">Coupe du monde des clubs<\/a> aux \u00c9tats-Unis, comp\u00e9tition pour laquelle le <a href=\"https:\/\/www.leparisien.fr\/sports\/football\/psg\/\" target=\"_blank\" rel=\"noreferrer noopener\">PSG <\/a>est d\u00e9sormais en demi-finale. Encore une fois dans le dernier carr\u00e9 ! Il a battu le Bayern \u00e0 11 contre 11 puis \u00e0 9 contre 11 parce que son g\u00e9nie est comme l\u2019amour : pas besoin de compter !<\/p>\n<p class=\"paragraph text_align_left lp-f-body-02\">Il jouera mercredi \u00e0 21 heures et devra attendre minuit ou plus, ce samedi, pour savoir s\u2019il affrontera le Real Madrid de <a href=\"https:\/\/www.leparisien.fr\/sports\/football\/kylian-mbappe\/\" target=\"_blank\" rel=\"noreferrer noopener\">Kylian Mbapp\u00e9<\/a> ou Dortmund, son bourreau en demi-finale de la Ligue des champions en 2024. Ce sera sans William Pacho et Lucas Hernandez, exclus respectivement \u00e0 la 82e minute et dans le temps additionnel. <\/p>\n<p class=\"paragraph text_align_left lp-f-body-02\">Un Mondial viendrait donc \u00e9crire noir sur blanc ce que tout le monde voit et sait : le champion d\u2019Europe 2025 est d\u00e9j\u00e0 la meilleure \u00e9quipe du monde, comme l\u2019a \u00e9tabli son parcours en C1 et la fa\u00e7on dont il a coul\u00e9 des \u00e9curies aussi denses que Liverpool, Arsenal ou l\u2019Inter Milan. Il a cette fois r\u00e9sist\u00e9 \u00e0 un \u00e9norme Bayern Munich, dominateur dans le jeu toute la partie, mais incapable de marquer sans hors-jeu ou en trouvant Harry Kane bien plac\u00e9. <\/p>\n<p>Demb\u00e9l\u00e9, comme un Ballon d\u2019or <\/p>\n<p class=\"paragraph text_align_left lp-f-body-02\">Au contraire, sur une r\u00e9cup\u00e9ration haute de Jo\u00e3o Neves, <a href=\"https:\/\/www.leparisien.fr\/sports\/football\/coupe-du-monde-des-clubs\/psg-bayern-but-de-doue-expulsion-de-pacho-folle-fin-de-match-a-atlanta-05-07-2025-PKGGZH2L3JFHVOQYPFH2G2LVL4.php\" target=\"_blank\" rel=\"noreferrer noopener\">D\u00e9sir\u00e9 Dou\u00e9 a inscrit du gauche le premier but<\/a>, confirmant que les grands matchs appartiennent aux grands joueurs. Lui, c\u2019est un crack absolu, d\u00e9cochant une fl\u00e8che \u00e0 Manuel Neuer encore la l\u00e8vre en sang d\u2019un duel pass\u00e9. Et <a href=\"https:\/\/www.leparisien.fr\/sports\/football\/ousmane-dembele\/\" target=\"_blank\" rel=\"noreferrer noopener\">Ousmane Demb\u00e9l\u00e9<\/a> inscrira en contre et en rendant hommage \u00e0 Diogo Jota le second but, juste apr\u00e8s avoir trouv\u00e9 la barre. Si des votants cherchent <a href=\"https:\/\/www.leparisien.fr\/sports\/football\/coupe-du-monde-des-clubs\/si-ousmane-ne-gagne-pas-le-ballon-dor-il-y-a-un-probleme-nasser-al-khelaifi-au-soutien-de-dembele-04-07-2025-RGCUMXGDDRD7LONVS5O2YGKX3Y.php\" target=\"_blank\" rel=\"noreferrer noopener\">un Ballon d\u2019or&#8230;<\/a><\/p>\n<p class=\"paragraph text_align_left lp-f-body-02\">Au commencement, le PSG a \u00e9t\u00e9 secou\u00e9 comme rarement tout en gardant les meilleures situations devant le but de Neuer. Paris s\u2019est exprim\u00e9 en contre, perdant beaucoup de ballons et se voyant domin\u00e9 techniquement et dans la possession par Munich. <\/p>\n<p class=\"paragraph text_align_left lp-f-body-02\">Les Allemands ont r\u00e9ussi \u00e0 faire courir les Parisiens, ont oblig\u00e9 Achraf Hakimi \u00e0 rester pour une fois majoritairement lat\u00e9ral, se sont jou\u00e9 de Nuno Mendes avec un Michael Olise insolent de facilit\u00e9, mais c\u2019est le gardien allemand qui a subi la plus grosse charge de travail, avec au moins une \u00e9norme parade devant Khvicha Kvaratskhelia (32e) avant de se red\u00e9ployer apr\u00e8s la pause devant Bradley Barcola (49e), tentant d\u2019enrouler \u00e0 la Thierry Henry ou Kylian Mbapp\u00e9, mais en moins bien, forc\u00e9ment. <\/p>\n<p class=\"paragraph text_align_left lp-f-body-02\">Priv\u00e9 de ballons, \u00e9touff\u00e9 comme il aime lui-m\u00eame asphyxier ses adversaires, Paris, sans Ousmane Demb\u00e9l\u00e9 au coup d\u2019envoi (entr\u00e9 \u00e0 la 70e), a cherch\u00e9 la vitesse dans le dos des d\u00e9fenseurs bavarois, bien aid\u00e9 par les d\u00e9viations et les dribbles de Barcola, danseur \u00e9toile au milieu du terrain, dessinant des feintes que les Allemands n\u2019ont jamais vraiment comprises. <\/p>\n<p>Musiala, la terrible blessure<\/p>\n<p class=\"paragraph text_align_left lp-f-body-02\">Le supplice parisien et la r\u00e9ponse en transitions rapides aura dur\u00e9 toute la rencontre, marqu\u00e9e par deux blessures des Munichois en premi\u00e8re p\u00e9riode, dont l\u2019une provoqu\u00e9e par une sortie incons\u00e9quente de Gianluigi Donnarumma <a href=\"https:\/\/www.leparisien.fr\/sports\/football\/coupe-du-monde-des-clubs\/psg-bayern-munich-la-terrible-blessure-a-la-cheville-de-musiala-touche-dans-un-duel-avec-donnarumma-05-07-2025-CEUYCWGDXNCS7MTGWLMXOM6VNM.php\" target=\"_blank\" rel=\"noreferrer noopener\">dans les pieds de Jamal Musiala<\/a>, que le gardien italien lui a arrach\u00e9s. L\u2019Allemand n\u2019avait pas \u00e9t\u00e9 titulaire depuis quatre mois et retourne \u00e0 l\u2019infirmerie dans la tristesse et la d\u00e9solation. <\/p>\n<p class=\"paragraph text_align_left lp-f-body-02\">L\u2019entr\u00e9e de Demb\u00e9l\u00e9 \u00e0 vingt minutes du terme a permis de revoir la science du pressing du champion du monde 2018, obligeant m\u00eame Neuer \u00e0 une relance hasardeuse que l\u2019ancien Rennais reprendra, l\u00e9chant le poteau du but vide (74e). L\u2019attaquant aura donc \u00e9t\u00e9 d\u00e9cisif \u00e0 chaque geste ou presque. <\/p>\n<p class=\"paragraph text_align_left lp-f-body-02\">Chaque \u00e9quipe a pris des risques dans une rencontre engag\u00e9e et intense, laissant penser que ce Paris-Munich se disputait au printemps et non pas au bout du bout de la saison, bien que la clim du stade arrange les conditions de jeu. Et comme au printemps, c\u2019est Paris qui gagne \u00e0 la fin. <\/p>\n<p>Feuille de match<\/p>\n<p class=\"paragraph text_align_left lp-f-body-02\"><b>Mi-temps : 0-0.<\/b> <\/p>\n<p class=\"paragraph text_align_left lp-f-body-02\">Arbitre :<b> <\/b>M. Taylor.<\/p>\n<p class=\"paragraph text_align_left lp-f-body-02\"><b>Buts : <\/b>Dou\u00e9 (78e), Demb\u00e9l\u00e9 (90e + 6)<\/p>\n<p class=\"paragraph text_align_left lp-f-body-02\"><b>Avertissements.<\/b> PSG : Dou\u00e9 (76e) ; Bayern Munich : Laimer (68e), Kompany (76e).<\/p>\n<p class=\"paragraph text_align_left lp-f-body-02\"><b>Expulsions. <\/b>PSG : Pacho (82e), Hernandez (90e)<\/p>\n<p class=\"paragraph text_align_left lp-f-body-02\"><b>PSG :<\/b> Donnarumma &#8211; Hakimi, Marquinhos (cap.), Pacho, Nuno Mendes &#8211; Jo\u00e3o Neves, Vitinha, Ruiz (Za\u00efre-Emery, 80e) &#8211; Barcola (Demb\u00e9l\u00e9, 70e), Dou\u00e9 (Hernandez, 80e), Kvaratskhelia (Beraldo, 84e). <b>Entr. :<\/b> Enrique.<\/p>\n<p class=\"paragraph text_align_left lp-f-body-02\"><b>Bayern Munich : <\/b>Neuer (cap.) &#8211; Laimer, Upamecano, Tah, Stanisic (Boey, 34e, Guerreiro, 88e) &#8211; Kimmich, Pavlovic (Goretzka, 80e) &#8211; Olise, Musiala (Gnabry, 46e), Coman (M\u00fcller, 80e) &#8211; Kane. <b>Entr. :<\/b> Kompany.<\/p>\n","protected":false},"excerpt":{"rendered":"La meilleure \u00e9quipe d\u2019Europe est en passe de devenir la meilleure \u00e9quipe du monde. En tout cas, pareil&hellip;\n","protected":false},"author":2,"featured_media":228791,"comment_status":"","ping_status":"","sticky":false,"template":"","format":"standard","meta":{"footnotes":""},"categories":[1888],"tags":[11,7151,1777,674,63,1011,27,12,626,25,60],"class_list":{"0":"post-228790","1":"post","2":"type-post","3":"status-publish","4":"format-standard","5":"has-post-thumbnail","7":"category-paris","8":"tag-actualites","9":"tag-coupe-du-monde-des-clubs","10":"tag-eu","11":"tag-europe","12":"tag-football","13":"tag-fr","14":"tag-france","15":"tag-news","16":"tag-paris","17":"tag-republique-francaise","18":"tag-sports"},"share_on_mastodon":{"url":"https:\/\/pubeurope.com\/@fr\/114802175722633260","error":""},"_links":{"self":[{"href":"https:\/\/www.europesays.com\/fr\/wp-json\/wp\/v2\/posts\/228790","targetHints":{"allow":["GET"]}}],"collection":[{"href":"https:\/\/www.europesays.com\/fr\/wp-json\/wp\/v2\/posts"}],"about":[{"href":"https:\/\/www.europesays.com\/fr\/wp-json\/wp\/v2\/types\/post"}],"author":[{"embeddable":true,"href":"https:\/\/www.europesays.com\/fr\/wp-json\/wp\/v2\/users\/2"}],"replies":[{"embeddable":true,"href":"https:\/\/www.europesays.com\/fr\/wp-json\/wp\/v2\/comments?post=228790"}],"version-history":[{"count":0,"href":"https:\/\/www.europesays.com\/fr\/wp-json\/wp\/v2\/posts\/228790\/revisions"}],"wp:featuredmedia":[{"embeddable":true,"href":"https:\/\/www.europesays.com\/fr\/wp-json\/wp\/v2\/media\/228791"}],"wp:attachment":[{"href":"https:\/\/www.europesays.com\/fr\/wp-json\/wp\/v2\/media?parent=228790"}],"wp:term":[{"taxonomy":"category","embeddable":true,"href":"https:\/\/www.europesays.com\/fr\/wp-json\/wp\/v2\/categories?post=228790"},{"taxonomy":"post_tag","embeddable":true,"href":"https:\/\/www.europesays.com\/fr\/wp-json\/wp\/v2\/tags?post=228790"}],"curies":[{"name":"wp","href":"https:\/\/api.w.org\/{rel}","templated":true}]}}