{"id":228796,"date":"2025-07-05T19:04:10","date_gmt":"2025-07-05T19:04:10","guid":{"rendered":"https:\/\/www.europesays.com\/fr\/228796\/"},"modified":"2025-07-05T19:04:10","modified_gmt":"2025-07-05T19:04:10","slug":"usa-les-crues-au-texas-ont-fait-au-moins-27-morts-dont-neuf-enfants-05-07-2025-a-1744","status":"publish","type":"post","link":"https:\/\/www.europesays.com\/fr\/228796\/","title":{"rendered":"USA-Les crues au Texas ont fait au moins 27 morts, dont neuf enfants &#8211; 05\/07\/2025 \u00e0 17:44"},"content":{"rendered":"<p>\n (Actualis\u00e9 avec nouveau bilan des victimes)\n<\/p>\n<p>\n par Rich McKay\n<\/p>\n<p>\n Les recherches se poursuivaient<br \/>\nsamedi au Texas pour retrouver une vingtaine de personnes<br \/>\nport\u00e9es disparues, notamment des jeunes filles qui participaient<br \/>\n\u00e0 un camp d&rsquo;\u00e9t\u00e9 dans le centre de l&rsquo;Etat am\u00e9ricain, apr\u00e8s des<br \/>\ncrues soudaines qui ont fait au moins 27 morts, dont neuf<br \/>\nenfants, ont annonc\u00e9 les autorit\u00e9s locales.\n<\/p>\n<p>\n Selon le bureau du sh\u00e9rif du comt\u00e9 de Kerr, au Texas, 800<br \/>\npersonnes ont \u00e9t\u00e9 \u00e9vacu\u00e9es en raison des inondations autour du<br \/>\nfleuve Guadalupe, \u00e0 environ 137 km au nord-ouest de San Antonio.\n<\/p>\n<p>\n Vingt-trois \u00e0 vingt-cinq autres personnes, la plupart des<br \/>\njeunes filles qui participaient \u00e0 la colonie de vacances<br \/>\nchr\u00e9tienne Camp Mystic sont port\u00e9es disparues. Les eaux du<br \/>\nfleuve sont mont\u00e9es rapidement pr\u00e8s du camp.\n<\/p>\n<p>\n Le service m\u00e9t\u00e9orologique national des \u00c9tats-Unis a annonc\u00e9<br \/>\nla lev\u00e9e de l&rsquo;alerte aux crues dans certaines parties du comt\u00e9<br \/>\nde Kerr dans le centre-sud du Texas Hill Country, \u00e0 environ 105<br \/>\nkm au nord-ouest de San Antonio, \u00e0 la suite d&rsquo;orages qui ont<br \/>\nd\u00e9vers\u00e9 jusqu&rsquo;\u00e0 1,5 m\u00e8tre de pluie vendredi.\n<\/p>\n<p>\n Une surveillance reste toutefois en vigueur jusqu&rsquo;\u00e0 19<br \/>\nheures samedi dans la r\u00e9gion de San Antonio-Austin (Texas), des<br \/>\naverses \u00e9parses \u00e9tant attendues tout au long de la journ\u00e9e, a<br \/>\nindiqu\u00e9 Allison Santorelli, m\u00e9t\u00e9orologue au Centre de pr\u00e9vision<br \/>\nm\u00e9t\u00e9orologique du National Weather Service (NWS), le service<br \/>\nm\u00e9t\u00e9orologique des Etats-Unis, \u00e0 College Park dans l&rsquo;Etat du<br \/>\nMaryland.\n<\/p>\n<p>\n Lors d&rsquo;une conf\u00e9rence de presse tenue tard vendredi, le<br \/>\ngouverneur du Texas, Greg Abbott, a d\u00e9clar\u00e9 que les op\u00e9rations<br \/>\nde recherche et de sauvetage se poursuivraient toute la nuit et<br \/>\njusqu&rsquo;\u00e0 samedi.\n<\/p>\n<p>\n L&rsquo;administration am\u00e9ricaine travaille avec les autorit\u00e9s<br \/>\nlocales sur le terrain au Texas en r\u00e9ponse aux inondations<br \/>\ntragiques qui ont eu lieu hier, a d\u00e9clar\u00e9 samedi le pr\u00e9sident<br \/>\nDonald Trump sur son r\u00e9seau social Truth.\n<\/p>\n<p>\n Les responsables de la gestion des urgences de l&rsquo;\u00c9tat<br \/>\navaient pr\u00e9venu d\u00e8s jeudi que l&rsquo;ouest et le centre du Texas<br \/>\nseraient confront\u00e9s \u00e0 de fortes pluies et \u00e0 des risques de crues<br \/>\nsoudaines \u00ab\u00a0au cours des deux prochains jours\u00a0\u00bb, citant les<br \/>\npr\u00e9visions du Service m\u00e9t\u00e9orologique national.\n<\/p>\n<p>\n Les pr\u00e9visionnistes ne s&rsquo;attendaient cependant pas \u00e0 la<br \/>\nquantit\u00e9 de pluie observ\u00e9e, a d\u00e9clar\u00e9 W. Nim Kidd, directeur de<br \/>\nla division de la gestion des urgences du Texas, lors d&rsquo;une<br \/>\nconf\u00e9rence de presse vendredi soir.\n<\/p>\n<p>\n (R\u00e9dig\u00e9 par Rich McKay \u00e0 Atlanta, version fran\u00e7aise Kate<br \/>\nEntringer)<\/p>\n","protected":false},"excerpt":{"rendered":"(Actualis\u00e9 avec nouveau bilan des victimes) par Rich McKay Les recherches se poursuivaient samedi au Texas pour retrouver&hellip;\n","protected":false},"author":2,"featured_media":2486,"comment_status":"","ping_status":"","sticky":false,"template":"","format":"standard","meta":{"footnotes":""},"categories":[1589],"tags":[400,11,398,408,405,73,1866,403,402,399,404,12,401,406,1864,1865,1863,308,407],"class_list":{"0":"post-228796","1":"post","2":"type-post","3":"status-publish","4":"format-standard","5":"has-post-thumbnail","7":"category-etats-unis","8":"tag-action-cac-40","9":"tag-actualites","10":"tag-bourse-de-paris","11":"tag-boursorama","12":"tag-cotations","13":"tag-etats-unis","14":"tag-etats-unis-damerique","15":"tag-indices-devises","16":"tag-investir","17":"tag-investissement","18":"tag-marche-boursier","19":"tag-news","20":"tag-sicav","21":"tag-trackers","22":"tag-united-states","23":"tag-united-states-of-america","24":"tag-us","25":"tag-usa","26":"tag-warrants"},"share_on_mastodon":{"url":"https:\/\/pubeurope.com\/@fr\/114802187643990482","error":""},"_links":{"self":[{"href":"https:\/\/www.europesays.com\/fr\/wp-json\/wp\/v2\/posts\/228796","targetHints":{"allow":["GET"]}}],"collection":[{"href":"https:\/\/www.europesays.com\/fr\/wp-json\/wp\/v2\/posts"}],"about":[{"href":"https:\/\/www.europesays.com\/fr\/wp-json\/wp\/v2\/types\/post"}],"author":[{"embeddable":true,"href":"https:\/\/www.europesays.com\/fr\/wp-json\/wp\/v2\/users\/2"}],"replies":[{"embeddable":true,"href":"https:\/\/www.europesays.com\/fr\/wp-json\/wp\/v2\/comments?post=228796"}],"version-history":[{"count":0,"href":"https:\/\/www.europesays.com\/fr\/wp-json\/wp\/v2\/posts\/228796\/revisions"}],"wp:featuredmedia":[{"embeddable":true,"href":"https:\/\/www.europesays.com\/fr\/wp-json\/wp\/v2\/media\/2486"}],"wp:attachment":[{"href":"https:\/\/www.europesays.com\/fr\/wp-json\/wp\/v2\/media?parent=228796"}],"wp:term":[{"taxonomy":"category","embeddable":true,"href":"https:\/\/www.europesays.com\/fr\/wp-json\/wp\/v2\/categories?post=228796"},{"taxonomy":"post_tag","embeddable":true,"href":"https:\/\/www.europesays.com\/fr\/wp-json\/wp\/v2\/tags?post=228796"}],"curies":[{"name":"wp","href":"https:\/\/api.w.org\/{rel}","templated":true}]}}