{"id":228801,"date":"2025-07-05T19:07:12","date_gmt":"2025-07-05T19:07:12","guid":{"rendered":"https:\/\/www.europesays.com\/fr\/228801\/"},"modified":"2025-07-05T19:07:12","modified_gmt":"2025-07-05T19:07:12","slug":"patrick-pouyanne-aux-rencontres-economiques-daix-on-a-autant-de-talents-en-europe-quen-chine-et-aux-etats-unis","status":"publish","type":"post","link":"https:\/\/www.europesays.com\/fr\/228801\/","title":{"rendered":"Patrick Pouyann\u00e9 aux Rencontres \u00e9conomiques d\u2019Aix\u00a0:\u00a0\u00bbOn a autant de talents en Europe qu\u2019en Chine et aux \u00c9tats-Unis\u00a0\u00bb"},"content":{"rendered":"<p>Invit\u00e9 des Rencontres \u00e9conomiques d\u2019Aix, <a href=\"https:\/\/www.laprovence.com\/article\/region\/40516001366297\/rencontres-economiques-daix-pour-patrick-pouyanne-les-gens-veulent-une-transition-energetique-mais-ne-veulent-pas-payer-plus-cher\" target=\"_blank\" rel=\"noopener\">Patrick Pouyann\u00e9<\/a>, le PDG de TotalEnergies a pris part ce samedi 5 juillet \u00e0 la session \u00ab\u00a0Restaurer la comp\u00e9titivit\u00e9 europ\u00e9enne\u00a0\u00bb. Un sujet \u00e9minemment d\u2019actualit\u00e9, auquel le chef d\u2019entreprise, a accord\u00e9 un int\u00e9r\u00eat marqu\u00e9 et propos\u00e9 quelques pistes de r\u00e9flexion pour renforcer le march\u00e9 de l\u2019\u00e9nergie du Vieux continent. \u00ab\u00a0La seule fa\u00e7on de s\u2019en sortir, n\u2019est s\u00fbrement pas de raisonner pays par pays, mais d\u2019approfondir l\u2019int\u00e9gration europ\u00e9enne. Il faut construire une v\u00e9ritable Europe de l\u2019\u00e9nergie, en consid\u00e9rant collectivement le territoire europ\u00e9en et en investissant dans les interconnexions entre pays. Croire que la France, seule peut rester comp\u00e9titive est une illusion. La cl\u00e9, est d\u2019accepter collectivement le co\u00fbt de l\u2019\u00e9nergie europ\u00e9enne et ne pas se battre entre pays europ\u00e9en pour savoir qui sera le plus comp\u00e9titif. Nous sommes plus fort ensemble.\u00a0\u00bb<\/p>\n<p>Apr\u00e8s avoir partag\u00e9 son regard sur la comp\u00e9titivit\u00e9 europ\u00e9enne, Patrick Pouyann\u00e9 s\u2019est rapidement confi\u00e9 \u00e0 \u00ab\u00a0La Provence\u00a0\u00bb sur la transition \u00e9nerg\u00e9tique et la d\u00e9pendance aux <a href=\"https:\/\/www.laprovence.com\/article\/economie\/1134157371194115\/a-vivatech-la-region-fait-briller-ses-innovations\" target=\"_blank\" rel=\"noopener\">nouvelles technologies<\/a>.<\/p>\n<p><strong>Vous avez fait part de votre inqui\u00e9tude sur la d\u00e9pendance aux technologies \u00e9trang\u00e8res, notamment am\u00e9ricaines, et milit\u00e9, pour un cloud europ\u00e9en. Quel mod\u00e8le privil\u00e9giez-vous\u00a0?<\/strong>&#13;\n<\/p>\n<p>Sur les questions des nouvelles technologies, l\u2019Europe a tous les talents et toutes les comp\u00e9tences. Il faut cr\u00e9er un cadre qui permette de faire \u00e9merger des champions avec un march\u00e9 europ\u00e9en r\u00e9unifi\u00e9, pas 27\u00a0petits march\u00e9s et un seul r\u00e9gulateur. Et surtout, ne pas commencer \u00e0 r\u00e9glementer l\u2019IA avant m\u00eame de l\u2019avoir invent\u00e9e.<br \/>J\u2019ai sign\u00e9 un appel pour dire \u00e0 l\u2019Europe que cela va beaucoup trop vite, prenons le temps de comprendre. On commence \u00e0 en parler dans les entreprises et on a d\u00e9j\u00e0 d\u00e9cid\u00e9 qu\u2019il fallait la r\u00e9glementer. Donc, explorons les pistes, innovons et lib\u00e9rons les forces. Il y a de nombreuses bo\u00eetes, comme <a href=\"https:\/\/www.laprovence.com\/article\/economie\/5713575048325514\/la-start-up-francaise-mistral-va-construire-son-premier-centre-de-donnees-en-france\" target=\"_blank\" rel=\"noopener\">Mistral AI<\/a>, avec laquelle TotalEnergies vient d\u2019annoncer un partenariat pour acc\u00e9l\u00e9rer l\u2019innovation et j\u2019ai rencontr\u00e9 des start-up dans l\u2019IA ce matin qui font d\u00e9j\u00e0 \u00e9norm\u00e9ment. Il faut juste les laisser travailler, innover et nous aurons les technologies. Nous ne sommes pas moins capables qu\u2019ailleurs, on a autant de talents en Europe qu\u2019en Chine et aux \u00c9tats-Unis.<\/p>\n","protected":false},"excerpt":{"rendered":"Invit\u00e9 des Rencontres \u00e9conomiques d\u2019Aix, Patrick Pouyann\u00e9, le PDG de TotalEnergies a pris part ce samedi 5 juillet&hellip;\n","protected":false},"author":2,"featured_media":228802,"comment_status":"","ping_status":"","sticky":false,"template":"","format":"standard","meta":{"footnotes":""},"categories":[1586],"tags":[17,11,36731,1007,36730,33,36729,1777,674,1011,27,12,12012,12013,10270,25],"class_list":{"0":"post-228801","1":"post","2":"type-post","3":"status-publish","4":"format-standard","5":"has-post-thumbnail","7":"category-europe","8":"tag-17","9":"tag-actualites","10":"tag-autant","11":"tag-aux","12":"tag-daix-on","13":"tag-economie","14":"tag-economiques","15":"tag-eu","16":"tag-europe","17":"tag-fr","18":"tag-france","19":"tag-news","20":"tag-patrick","21":"tag-pouyanne","22":"tag-rencontres","23":"tag-republique-francaise"},"share_on_mastodon":{"url":"https:\/\/pubeurope.com\/@fr\/114802199317640827","error":""},"_links":{"self":[{"href":"https:\/\/www.europesays.com\/fr\/wp-json\/wp\/v2\/posts\/228801","targetHints":{"allow":["GET"]}}],"collection":[{"href":"https:\/\/www.europesays.com\/fr\/wp-json\/wp\/v2\/posts"}],"about":[{"href":"https:\/\/www.europesays.com\/fr\/wp-json\/wp\/v2\/types\/post"}],"author":[{"embeddable":true,"href":"https:\/\/www.europesays.com\/fr\/wp-json\/wp\/v2\/users\/2"}],"replies":[{"embeddable":true,"href":"https:\/\/www.europesays.com\/fr\/wp-json\/wp\/v2\/comments?post=228801"}],"version-history":[{"count":0,"href":"https:\/\/www.europesays.com\/fr\/wp-json\/wp\/v2\/posts\/228801\/revisions"}],"wp:featuredmedia":[{"embeddable":true,"href":"https:\/\/www.europesays.com\/fr\/wp-json\/wp\/v2\/media\/228802"}],"wp:attachment":[{"href":"https:\/\/www.europesays.com\/fr\/wp-json\/wp\/v2\/media?parent=228801"}],"wp:term":[{"taxonomy":"category","embeddable":true,"href":"https:\/\/www.europesays.com\/fr\/wp-json\/wp\/v2\/categories?post=228801"},{"taxonomy":"post_tag","embeddable":true,"href":"https:\/\/www.europesays.com\/fr\/wp-json\/wp\/v2\/tags?post=228801"}],"curies":[{"name":"wp","href":"https:\/\/api.w.org\/{rel}","templated":true}]}}