{"id":228807,"date":"2025-07-05T19:10:15","date_gmt":"2025-07-05T19:10:15","guid":{"rendered":"https:\/\/www.europesays.com\/fr\/228807\/"},"modified":"2025-07-05T19:10:15","modified_gmt":"2025-07-05T19:10:15","slug":"la-grille-de-depart-du-gp-de-grande-bretagne-f1-2025-motorsport-com","status":"publish","type":"post","link":"https:\/\/www.europesays.com\/fr\/228807\/","title":{"rendered":"La grille de d\u00e9part du GP de Grande-Bretagne F1 2025 &#8211; Motorsport.com"},"content":{"rendered":"<ol>\n<li><a href=\"https:\/\/news.google.com\/rss\/articles\/CBMijAFBVV95cUxNTU1aa1I2a0xYLUUzdTVkQktZVDY1MEpSSDJJOWN0WWxyOHN1WDEtN0JHb3hibmlCdFRvVlNxa3VDM2pmeXA3NmxUdXhRTzQ2LUYycW9CZldrTnBndnBEUVItclZyT0xBQ0FRbF9MdkRBVnFDV1M1YzRqbmlQTDNfbEdESkdaRURvOG5ORg?oc=5\" target=\"_blank\" rel=\"nofollow noopener\">La grille de d\u00e9part du GP de Grande-Bretagne F1 2025<\/a>&nbsp;&nbsp;Motorsport.com<\/li>\n<li><a href=\"https:\/\/news.google.com\/rss\/articles\/CBMiswFBVV95cUxNRVNYWDBRVnJTOTJ5eWtSYUlRSUkyb2dGcC02a2VnLXFKUUJSckFhbW9sQ2Rrd1BVbHV5RkJCRS0zS21TM1VsR0p3cUtHMERrVG5Wd2p2WDltOWl2Rm9rbzYzYXc2M0dHX2M1MDBJR3NXbDc0am9nVTAxZmFuOER3MHY0WUJ1d0FYZjRDUDdpS2VHdHVOcHhfMXJqZXlxVFBmZGFva0JibjFjelJGaUd3VG5naw?oc=5\" target=\"_blank\" rel=\"nofollow noopener\">Max Verstappen signe la pole-position du Grand Prix de Grande-Bretagne<\/a>&nbsp;&nbsp;L&rsquo;\u00c9quipe<\/li>\n<li><a href=\"https:\/\/news.google.com\/rss\/articles\/CBMixgFBVV95cUxNaWhhamRBdVpXY0FhQUJaTk4tTzl4dDVadi1LNm5Ua3dNNzlrNkZLaTNLdjFibE1uTWpEd0tlVTVWLTNmZ0hMT0Jpd3o2Q3V1N2x0WVF2SkFDak5YWXVJSlppODVUNkozRm9CdGNoWFhLaF9tVER2T1VHOHIwS2RVWElGSW1sZVF4YXRWZ19VVHFOU0NqTnFEdWhmdVlXUGxkNi1QV1pzT0xfckliYmVqU3I4LU1Bc3dUZTBmbFRWX21pZXVGcGc?oc=5\" target=\"_blank\" rel=\"nofollow noopener\">GP de Grande-Bretagne de F1 : la grille de d\u00e9part, Hamilton passe \u00e0 c\u00f4t\u00e9 de la pole<\/a>&nbsp;&nbsp;Turbo.fr<\/li>\n<li><a href=\"https:\/\/news.google.com\/rss\/articles\/CBMi_wFBVV95cUxNTVNMUDEwZ1EwYzNZZzNZdGxJaFZ3YUJNRk5zS2NPVTVQVktYWGpkSnM5UldNVlI0YmJFN0wtQlU4TWJ1VS12b3FSSjkyMWI4dm01TDdPN09qVWVaTnh2a0doUHdocy1pMGdLM095RTFDQ0doZU1TblB4aU9JRXJGMXNuN0dzMFZhZmJFOGpNYlBSckRlaDJVR21TQkpwVFFNZzh3aTYyN3Z1ZmpxVjRaSnJBcHRfWjRPeEZkQURmNlhBYVVoN092TWlrNF8tS2JSbFVObW1Pc3BJOXFsek5ZcVktamNNM2JOODZnQmR4cFFxNXpLSGYzNENOWThlMlE?oc=5\" target=\"_blank\" rel=\"nofollow noopener\">F1. Max Verstappen d\u00e9croche la pole \u00e0 Silverstone apr\u00e8s une s\u00e9ance de qualification haletante<\/a>&nbsp;&nbsp;Ouest-France<\/li>\n<li><a href=\"https:\/\/news.google.com\/rss\/articles\/CBMizgJBVV95cUxPOThjbHRhTk12RTIxdENMS1FYNl9ad2g3amQtZEc5VmM0Zy1kVG1CbFVDRjBjSGVhRzFLZjMzaFdEeDdCbTNZdVJLUlNLcHhuSHpFVVlhaFQ3bnFrb18teC1KVXlHUzFhTHVDMmhLTmFCNVR0THl3TEo3RDZIMDBrckZTTUZVSldfUWNrTFM4UzM2dURXaDVKZk9zUEdwVUVYVTNiVlU3XzBZSnlLcWt2WTQxRUE1Mzl4YVdKWkRGRGxKazU5Zm5rQnYtRTJnRzhmTWRPamhianM0YUF4cnJoQy1fc0V6a21VMV85RTRYRFJ6TFM1eF9hX1E1MVR2T3VDbDFFSmJqX0FaWVlWbU9RNzV4UkNNOVM1V0pBTTJiWS1LajkxMEp3TmJUaFI5bVJfLVQ4bkhOOXpJRVhKVFFIaWY5LUtZWHpXVThDNXZR?oc=5\" target=\"_blank\" rel=\"nofollow noopener\">Verstappen a surgi au bout du thriller<\/a>&nbsp;&nbsp;Eurosport<\/li>\n<\/ol>\n","protected":false},"excerpt":{"rendered":"La grille de d\u00e9part du GP de Grande-Bretagne F1 2025&nbsp;&nbsp;Motorsport.com Max Verstappen signe la pole-position du Grand Prix&hellip;\n","protected":false},"author":2,"featured_media":228808,"comment_status":"","ping_status":"","sticky":false,"template":"","format":"standard","meta":{"footnotes":""},"categories":[2],"tags":[11,1454,1011,27,23124,12,25,23125],"class_list":{"0":"post-228807","1":"post","2":"type-post","3":"status-publish","4":"format-standard","5":"has-post-thumbnail","7":"category-actualites","8":"tag-actualites","9":"tag-formule-1","10":"tag-fr","11":"tag-france","12":"tag-gp-de-grande-bretagne","13":"tag-news","14":"tag-republique-francaise","15":"tag-silverstone"},"share_on_mastodon":{"url":"https:\/\/pubeurope.com\/@fr\/114802211197451682","error":""},"_links":{"self":[{"href":"https:\/\/www.europesays.com\/fr\/wp-json\/wp\/v2\/posts\/228807","targetHints":{"allow":["GET"]}}],"collection":[{"href":"https:\/\/www.europesays.com\/fr\/wp-json\/wp\/v2\/posts"}],"about":[{"href":"https:\/\/www.europesays.com\/fr\/wp-json\/wp\/v2\/types\/post"}],"author":[{"embeddable":true,"href":"https:\/\/www.europesays.com\/fr\/wp-json\/wp\/v2\/users\/2"}],"replies":[{"embeddable":true,"href":"https:\/\/www.europesays.com\/fr\/wp-json\/wp\/v2\/comments?post=228807"}],"version-history":[{"count":0,"href":"https:\/\/www.europesays.com\/fr\/wp-json\/wp\/v2\/posts\/228807\/revisions"}],"wp:featuredmedia":[{"embeddable":true,"href":"https:\/\/www.europesays.com\/fr\/wp-json\/wp\/v2\/media\/228808"}],"wp:attachment":[{"href":"https:\/\/www.europesays.com\/fr\/wp-json\/wp\/v2\/media?parent=228807"}],"wp:term":[{"taxonomy":"category","embeddable":true,"href":"https:\/\/www.europesays.com\/fr\/wp-json\/wp\/v2\/categories?post=228807"},{"taxonomy":"post_tag","embeddable":true,"href":"https:\/\/www.europesays.com\/fr\/wp-json\/wp\/v2\/tags?post=228807"}],"curies":[{"name":"wp","href":"https:\/\/api.w.org\/{rel}","templated":true}]}}