{"id":228811,"date":"2025-07-05T19:12:10","date_gmt":"2025-07-05T19:12:10","guid":{"rendered":"https:\/\/www.europesays.com\/fr\/228811\/"},"modified":"2025-07-05T19:12:10","modified_gmt":"2025-07-05T19:12:10","slug":"oihan-guillamoundeguy-7e-a-trois-coups-du-leader-maximilian-steinlechner-apres-le-3e-tour-de-linterwetten-open-lequipe","status":"publish","type":"post","link":"https:\/\/www.europesays.com\/fr\/228811\/","title":{"rendered":"Oihan Guillamoundeguy 7e \u00e0 trois coups du leader Maximilian Steinlechner apr\u00e8s le 3e tour de l&#039;Interwetten Open &#8211; L&#039;\u00c9quipe"},"content":{"rendered":"<ol>\n<li><a href=\"https:\/\/news.google.com\/rss\/articles\/CBMi7wFBVV95cUxQd0o2MGFnSFl3b01nZWVDenh6WFBWZXhhcWNId3E5WHg5RHB6UUdkSDBSZWg0SWxTWG5RRXdzbDBwRG5tUzB1dEQ5bG92eGtOaEdxdXVUZVRmR1BmeUEwMlV0Mnk3WWkwRTJMMXZWTC1iYVdFck9TVFRGeFRTWTZsYkF2UG1DRE5tYUozbE52Y3BvQzg2RUFISUFzOWQ2WkRHaEpsaTFWTXpBRU9pZkdTd0VfQ3hDOXhEQUpodzlBakwwTl9Sc1Ezb1lMallyOEgxUEM2ZTZiaHBXOXd0Q2h3RkZtTzRCN3dmTW1lSmpkUQ?oc=5\" target=\"_blank\" rel=\"nofollow noopener\">Oihan Guillamoundeguy 7e \u00e0 trois coups du leader Maximilian Steinlechner apr\u00e8s le 3e tour de l&rsquo;Interwetten Open<\/a>&nbsp;&nbsp;L&rsquo;\u00c9quipe<\/li>\n<li><a href=\"https:\/\/news.google.com\/rss\/articles\/CBMif0FVX3lxTE1vZWxTTXNvanUzSW9SdXNYWm9mM1B6ZVV6T1NaR3FwQ1BBalpkckJvQ01id191Yll1eTVUOXFXcmt5WkVXWlVNcGJYQWFLTUUxTkdYTm1DckVtVkZnU0ZyckVyNlMyTmg4cUpwZkFIY1RSLWhnWDBxQ0lPRl9IRW8?oc=5\" target=\"_blank\" rel=\"nofollow noopener\">Les Fran\u00e7ais distanc\u00e9s en Autriche<\/a>&nbsp;&nbsp;Golf Plan\u00e8te<\/li>\n<li><a href=\"https:\/\/news.google.com\/rss\/articles\/CBMikAJBVV95cUxQcFhjQnRPNE1jRF9qRTNJQXZaYnVJTUY5bGxvRkJvVS04aTJ0UkV4Rm5iTUtEQTV3MXFzOWlhNjZpMFhqNVRiT2ZmMWlrQzB0N1gyYlJsNjllTXlrUFo5eVB5Zlc0WDBfTkcxOTBmT2dKUHJZMzVjaUsxNmlIcmZIRzlfWXozNmoxRjdHV3JiWnBOSTNmWHZWdWZRa2JRQlpWQWp2dFdfaEswa19UTEtPbk1jNGRYNk9Pa0RjUUZNRUZmMEFPQ0U1TE9DbktZSmNyaEpkMWVhZV9zUkswb2xTVzAzSm9PWm9XRUlkaE1LQzZBNnpxTWVxZEMwVHJEMTJ4cWNlWlJyVzY2eXNBQi1PdA?oc=5\" target=\"_blank\" rel=\"nofollow noopener\">Golf. Hotelplanner &#8211; Interwetten: Max Steinlechner en t\u00eate apr\u00e8s le 3e tour, 4 Fran\u00e7ais \u00e0 6 coups<\/a>&nbsp;&nbsp;Ouest-France<\/li>\n<li><a href=\"https:\/\/news.google.com\/rss\/articles\/CBMi2gFBVV95cUxQLVNTLXc4VVlsZ2tfRV9DMnc3T0dRNDBDOWgtWGphdDdUdDVaNVhsNmJvTHF4bWpNUkRCaHZOWURueEtNNUtOdlI0bFgxaG95clBOakEzVWl6bnFhMlJ4bTQ1YnN2OWN6VHVtRDhTY3JUak96Y0pkOHpBYThWTGJjQ3pqYTUybWxGOTJoUEY4eGQ2QXhvaXVISUdMOGFBTTRUa1BvaFluVnIyVk1XSmFTNHlsbEloOVJ3SEpkbzNBcTlmVEdIR2Rvam1NWG5MNFNienNDaXBJRkc1dw?oc=5\" target=\"_blank\" rel=\"nofollow noopener\">Challenge Tour &#8211; Matthis Besard 22e apr\u00e8s le 3e tour \u00e0 Oberhaus<\/a>&nbsp;&nbsp;La Libre.be<\/li>\n<li><a href=\"https:\/\/news.google.com\/rss\/articles\/CBMi-wFBVV95cUxQRHMySGI2cWJ6SkVyS0F5b0hzUWozOXdCcFZ3NjMySWxMVzJUVG1zazB4cTJWWElNLWZvZUFBT3phNkxQbmFtelZCcVhoUlk3SzB3YUMzN3V5enNJZkRsVDFtTFgwRU1MQ0x2SFdzWW1fTGRQTVl4TmtNM0Q1X2lhOFIzLXNCamMwZlBmbnhaQlFfZ0NiRUNfN05xN182RHZ4T3VrcENud0xYZnNoS2RsenppYzM2S0cyaGNSZjJKRU1DTFVYZXFrNURsZFpxSlRseWg0X0xMdzdUeVFKYm9Jakktc016aUdGWjN5NzRfZmJDUlhkMTM0dUphVQ?oc=5\" target=\"_blank\" rel=\"nofollow noopener\">Challenge Tour Golf &#8211; Yente Van Doren et James Meyer de Beco 30e apr\u00e8s un tour en Autriche<\/a>&nbsp;&nbsp;DHnet<\/li>\n<\/ol>\n","protected":false},"excerpt":{"rendered":"Oihan Guillamoundeguy 7e \u00e0 trois coups du leader Maximilian Steinlechner apr\u00e8s le 3e tour de l&rsquo;Interwetten Open&nbsp;&nbsp;L&rsquo;\u00c9quipe Les&hellip;\n","protected":false},"author":2,"featured_media":228812,"comment_status":"","ping_status":"","sticky":false,"template":"","format":"standard","meta":{"footnotes":""},"categories":[1418],"tags":[1011,27,1472,60],"class_list":{"0":"post-228811","1":"post","2":"type-post","3":"status-publish","4":"format-standard","5":"has-post-thumbnail","7":"category-golf","8":"tag-fr","9":"tag-france","10":"tag-golf","11":"tag-sports"},"share_on_mastodon":{"url":"https:\/\/pubeurope.com\/@fr\/114802218973367081","error":""},"_links":{"self":[{"href":"https:\/\/www.europesays.com\/fr\/wp-json\/wp\/v2\/posts\/228811","targetHints":{"allow":["GET"]}}],"collection":[{"href":"https:\/\/www.europesays.com\/fr\/wp-json\/wp\/v2\/posts"}],"about":[{"href":"https:\/\/www.europesays.com\/fr\/wp-json\/wp\/v2\/types\/post"}],"author":[{"embeddable":true,"href":"https:\/\/www.europesays.com\/fr\/wp-json\/wp\/v2\/users\/2"}],"replies":[{"embeddable":true,"href":"https:\/\/www.europesays.com\/fr\/wp-json\/wp\/v2\/comments?post=228811"}],"version-history":[{"count":0,"href":"https:\/\/www.europesays.com\/fr\/wp-json\/wp\/v2\/posts\/228811\/revisions"}],"wp:featuredmedia":[{"embeddable":true,"href":"https:\/\/www.europesays.com\/fr\/wp-json\/wp\/v2\/media\/228812"}],"wp:attachment":[{"href":"https:\/\/www.europesays.com\/fr\/wp-json\/wp\/v2\/media?parent=228811"}],"wp:term":[{"taxonomy":"category","embeddable":true,"href":"https:\/\/www.europesays.com\/fr\/wp-json\/wp\/v2\/categories?post=228811"},{"taxonomy":"post_tag","embeddable":true,"href":"https:\/\/www.europesays.com\/fr\/wp-json\/wp\/v2\/tags?post=228811"}],"curies":[{"name":"wp","href":"https:\/\/api.w.org\/{rel}","templated":true}]}}