{"id":228826,"date":"2025-07-05T19:24:24","date_gmt":"2025-07-05T19:24:24","guid":{"rendered":"https:\/\/www.europesays.com\/fr\/228826\/"},"modified":"2025-07-05T19:24:24","modified_gmt":"2025-07-05T19:24:24","slug":"valerie-damidot-vous-conseille-ce-thriller-qui-embrouille-nos-neurones-depuis-deja-deux-saisons","status":"publish","type":"post","link":"https:\/\/www.europesays.com\/fr\/228826\/","title":{"rendered":"Val\u00e9rie Damidot vous conseille ce thriller qui embrouille nos neurones depuis d\u00e9j\u00e0 deux saisons"},"content":{"rendered":"<p>Invit\u00e9e de <a href=\"https:\/\/podcasts.programme-tv.net\/prisma-media-toudoum\" rel=\"nofollow noopener\" target=\"_blank\">Superstream, le podcast de T\u00e9l\u00e9-Loisirs <\/a>consacr\u00e9 aux programmes de streaming, Val\u00e9rie Damidot nous a prouv\u00e9 \u00e0 quel point elle \u00e9tait passionn\u00e9e de s\u00e9ries. Apr\u00e8s avoir <a href=\"https:\/\/www.programme-tv.net\/news\/series-tv\/382334-on-sennuie-profondement-valerie-damidot-tacle-la-serie-numero-2-de-netflix\/\" data-api-deeplink=\"teleloisirs:\/\/news\/382334\" rel=\"nofollow noopener\" target=\"_blank\">pouss\u00e9 un coup de gueule contre une s\u00e9rie espagnole, actuellement class\u00e9e dans le top Netflix<\/a>, elle nous a \u00e9galement livr\u00e9 sa s\u00e9rie coup de c\u0153ur. \u00ab\u00a0Ma s\u00e9rie coup de c\u0153ur, c\u2019est Severance. Pour moi, c\u2019est la meilleure s\u00e9rie du si\u00e8cle !\u00a0\u00bb Disponible sur Apple TV+ depuis 2022, <a href=\"https:\/\/www.programme-tv.net\/news\/series-tv\/369227-severance-la-saison-2-joue-toujours-avec-nos-nerfs-et-on-adore-ca\/\" data-api-deeplink=\"teleloisirs:\/\/news\/369227\" rel=\"nofollow noopener\" target=\"_blank\">Severance <\/a>est une s\u00e9rie produite par <a href=\"https:\/\/www.programme-tv.net\/biographie\/1458-stiller-ben\/\" data-link-people=\"fea3a62f-908b-4b35-a8d2-67dc9a092b0d\" rel=\"nofollow noopener\" target=\"_blank\">Ben Stiller<\/a> dans laquelle les employ\u00e9s de l\u2019entreprise Lumon Industries subissent une op\u00e9ration pour s\u00e9parer leurs souvenirs professionnels et priv\u00e9s. Port\u00e9e notamment par Adam Scott,<a href=\"https:\/\/www.programme-tv.net\/news\/series-tv\/298608-cette-serie-meconnue-et-excellente-dont-la-fin-a-choque-stephen-king\/\" data-api-deeplink=\"teleloisirs:\/\/news\/298608\" rel=\"nofollow noopener\" target=\"_blank\"> Severance a \u00e9t\u00e9 pl\u00e9biscit\u00e9e par Stephen King, qui a \u00e9t\u00e9 choqu\u00e9 par le final de la saison 1. <\/a><\/p>\n<p>\u00ab\u00a0Severance, c&rsquo;est l&rsquo;antith\u00e8se de Game of Thrones\u00a0\u00bb : Val\u00e9rie Damidot vous conseille de toute urgence la s\u00e9rie d&rsquo;Apple TV+<\/p>\n<p>\u00ab\u00a0Je suis fan de Game of Thrones parce que c\u2019est riche, il y a plein de d\u00e9cors. Mais Severance, c\u2019est l\u2019antith\u00e8se de Game of Thrones, explique Val\u00e9rie Damidot au micro de Superstream. Le d\u00e9cor, c\u2019est des bureaux. Le jeu et l\u2019ambiance sont minimalistes. Tu ne comprends pas tout de suite comment le truc fonctionne. Et \u00e0 la fin de la saison 2, j\u2019\u00e9tais\u2026 Avec la chanson de <a href=\"https:\/\/www.programme-tv.net\/biographie\/36536-legrand-michel\/\" data-link-people=\"58aaf69d-a557-4983-a905-83dfdc7d99a9\" rel=\"nofollow noopener\" target=\"_blank\">Michel Legrand<\/a>\u2026 Oh l\u00e0 l\u00e0 ! Tout est beau, tout est bien r\u00e9alis\u00e9, le propos est tr\u00e8s intelligent. Pour ceux qui ne l\u2019ont pas vue, l\u2019histoire c\u2019est : tu vas au travail et, quand tu vas au travail, ton cerveau te quitte, tu deviens une autre personne. J\u2019ai ador\u00e9 !\u00a0\u00bb<\/p>\n<p>                        Severance saison 2 : \u00ab\u00a0Le meilleur \u00e9pisode de t\u00e9l\u00e9vision depuis des ann\u00e9es\u00a0\u00bb<\/p>\n<p>Severance a aussi \u00e9t\u00e9 le coup de c\u0153ur de notre journaliste Marc Arlin qui, lui, a encha\u00een\u00e9 les deux saisons car il n\u2019avait jamais regard\u00e9 la s\u00e9rie avant la sortie de la saison 2. \u00ab\u00a0Beaucoup de gens m\u2019ont dit qu\u2019ils trouvaient la saison 2 moins bien que la premi\u00e8re. Moi, je trouve que, quand on voit la deuxi\u00e8me directement apr\u00e8s la premi\u00e8re, il y a une r\u00e9sonance qui est \u00e9vidente, il y a beaucoup de rappels, \u00e7a saute aux yeux. Contrairement \u00e0 pas mal de gens, la saison 2 m\u2019intrigue beaucoup. Je l\u2019ai finie il y a deux jours et je suis encore en plein questionnement. Il y a quelques \u00e9pisodes que je trouve moins forts mais<a href=\"https:\/\/www.programme-tv.net\/news\/series-tv\/374126-severance-saison-2-la-fin-expliquee-de-l-une-des-meilleures-series-de-ces-dernieres-annees\/\" data-api-deeplink=\"teleloisirs:\/\/news\/374126\" rel=\"nofollow noopener\" target=\"_blank\"> la fin est absolument incroyable, c\u2019est le meilleur \u00e9pisode de t\u00e9l\u00e9vision depuis des ann\u00e9es<\/a>, vraiment fou et compl\u00e8tement inattendu. Au niveau stylistique, musical, avec la BO de <a href=\"https:\/\/www.programme-tv.net\/news\/people\/370424-javais-accepte-lidee-macha-meril-revele-que-michel-legrand-voulait-se-fracasser-en-avion-et-mourir-avec-elle\/\" data-api-deeplink=\"teleloisirs:\/\/news\/370424\" rel=\"nofollow noopener\" target=\"_blank\">Michel Legrand<\/a>, c\u2019est assez dingue. On ne sait pas encore exactement o\u00f9 \u00e7a va aboutir, car \u00e7a ouvre beaucoup de pistes pour la saison 3 mais c\u2019est effectivement une tr\u00e8s grande s\u00e9rie.\u00a0\u00bb M\u00eame si, au d\u00e9but, Marc avoue avoir eu du mal \u00e0 entrer dedans. \u00ab\u00a0C\u2019est parce qu\u2019on n\u2019est pas habitu\u00e9, explique Val\u00e9rie Damidot. On te dit clairement qu\u2019il va falloir se concentrer parce que ce n\u2019est pas sur le d\u00e9cor qu\u2019on pourra se concentrer. Et puis, c\u2019est servi avec des acteurs magnifiques.\u00a0\u00bb Bonne nouvelle pour Val\u00e9rie Damidot,<a href=\"https:\/\/www.programme-tv.net\/news\/series-tv\/374224-severance-la-serie-aura-t-elle-une-saison-3\/\" data-api-deeplink=\"teleloisirs:\/\/news\/374224\" rel=\"nofollow noopener\" target=\"_blank\"> Severance a \u00e9t\u00e9 renouvel\u00e9e pour une saison 3 ! <\/a><\/p>\n","protected":false},"excerpt":{"rendered":"Invit\u00e9e de Superstream, le podcast de T\u00e9l\u00e9-Loisirs consacr\u00e9 aux programmes de streaming, Val\u00e9rie Damidot nous a prouv\u00e9 \u00e0&hellip;\n","protected":false},"author":2,"featured_media":228827,"comment_status":"","ping_status":"","sticky":false,"template":"","format":"standard","meta":{"footnotes":""},"categories":[1356],"tags":[36733,244,58,59,1011,27,36734,3725,10395,412,129,252,1364,35755],"class_list":{"0":"post-228826","1":"post","2":"type-post","3":"status-publish","4":"format-standard","5":"has-post-thumbnail","7":"category-television","8":"tag-apple-tv-plus","9":"tag-commentaire","10":"tag-divertissement","11":"tag-entertainment","12":"tag-fr","13":"tag-france","14":"tag-les-conseils-des-stars","15":"tag-podcast","16":"tag-pub-streaming","17":"tag-severance","18":"tag-svod","19":"tag-television","20":"tag-tv","21":"tag-valu00e9rie-damidot"},"share_on_mastodon":{"url":"https:\/\/pubeurope.com\/@fr\/114802266206537584","error":""},"_links":{"self":[{"href":"https:\/\/www.europesays.com\/fr\/wp-json\/wp\/v2\/posts\/228826","targetHints":{"allow":["GET"]}}],"collection":[{"href":"https:\/\/www.europesays.com\/fr\/wp-json\/wp\/v2\/posts"}],"about":[{"href":"https:\/\/www.europesays.com\/fr\/wp-json\/wp\/v2\/types\/post"}],"author":[{"embeddable":true,"href":"https:\/\/www.europesays.com\/fr\/wp-json\/wp\/v2\/users\/2"}],"replies":[{"embeddable":true,"href":"https:\/\/www.europesays.com\/fr\/wp-json\/wp\/v2\/comments?post=228826"}],"version-history":[{"count":0,"href":"https:\/\/www.europesays.com\/fr\/wp-json\/wp\/v2\/posts\/228826\/revisions"}],"wp:featuredmedia":[{"embeddable":true,"href":"https:\/\/www.europesays.com\/fr\/wp-json\/wp\/v2\/media\/228827"}],"wp:attachment":[{"href":"https:\/\/www.europesays.com\/fr\/wp-json\/wp\/v2\/media?parent=228826"}],"wp:term":[{"taxonomy":"category","embeddable":true,"href":"https:\/\/www.europesays.com\/fr\/wp-json\/wp\/v2\/categories?post=228826"},{"taxonomy":"post_tag","embeddable":true,"href":"https:\/\/www.europesays.com\/fr\/wp-json\/wp\/v2\/tags?post=228826"}],"curies":[{"name":"wp","href":"https:\/\/api.w.org\/{rel}","templated":true}]}}