{"id":228832,"date":"2025-07-05T19:27:11","date_gmt":"2025-07-05T19:27:11","guid":{"rendered":"https:\/\/www.europesays.com\/fr\/228832\/"},"modified":"2025-07-05T19:27:11","modified_gmt":"2025-07-05T19:27:11","slug":"selon-des-chercheurs-cette-epice-bon-marche-aurait-la-capacite-deliminer-jusqua-95-des-cellules-cancereuses","status":"publish","type":"post","link":"https:\/\/www.europesays.com\/fr\/228832\/","title":{"rendered":"Selon des chercheurs, cette \u00e9pice bon march\u00e9, aurait la capacit\u00e9 d\u2019\u00e9liminer jusqu\u2019\u00e0 95 % des cellules canc\u00e9reuses"},"content":{"rendered":"<p>Utilis\u00e9 depuis des si\u00e8cles en m\u00e9decine ayurv\u00e9dique, le curcuma refait aujourd\u2019hui parler de lui pour ses potentiels bienfaits contre le cancer colorectal. Ce dernier fait partie des cancers les plus fr\u00e9quents en France et repr\u00e9sente la 2\u00e8me cause de d\u00e9c\u00e8s par cancer d\u2019apr\u00e8s Sant\u00e9 publique France. Dans la vie de tous les jours, il est possible de r\u00e9duire les risques de cancers en adoptant une alimentation saine et \u00e9quilibr\u00e9e. Certaines \u00e9pices, riches en antioxydants, peuvent jouer un r\u00f4le important (sans pour autant se substituer \u00e0 une bonne hygi\u00e8ne de vie). C\u2019est ce que d\u00e9montre une nouvelle \u00e9tude.<\/p>\n<p><b>La curcumine, un effet puissant sur les cellules tumorales <\/b><\/p>\n<p>Publi\u00e9e dans Cancer Letters, une \u00e9tude men\u00e9e par l\u2019Universit\u00e9 de Leicester a montr\u00e9 que de faibles doses de curcumine (pigment du curcuma) permettaient de d\u00e9truire jusqu\u2019\u00e0 95 % des cellules souches canc\u00e9reuses dans des \u00e9chantillons pr\u00e9lev\u00e9s sur des ad\u00e9nomes colorectaux (masses anormales fix\u00e9es aux parois du c\u00f4lon ou du rectum). Le m\u00e9canisme observ\u00e9 ? La curcumine bloque l\u2019activit\u00e9 de la prot\u00e9ine Nanog qui, dans un contexte de cancer, peut multiplier certaines cellules tumorales. Effectu\u00e9es sur des souris, les analyses ont d\u00e9montr\u00e9 que la curcumine contribuait au ralentissement de la progression de la tumeur. N\u00e9anmoins, transposer ces r\u00e9sultats \u00e0 l\u2019humain n\u00e9cessiterait l\u2019\u00e9quivalent de 1,6 \u00e0 2 grammes de curcumine par jour. Une quantit\u00e9 importante que l\u2019alimentation (&#8230;)<\/p>\n<p><a href=\"https:\/\/www.topsante.com\/medecine\/cancers\/cancer_colorectal\/selon-des-chercheurs-cette-epice-bon-marche-aurait-la-capacite-deliminer-jusqua-95-des-cellules-cancereuses-919937?utm_campaign=partenariat&amp;utm_source=yahoo-articles&amp;utm_medium=flux\" rel=\"nofollow noopener\" target=\"_blank\" data-ylk=\"slk:Lire la suite sur Top Sant\u00e9;elm:context_link;itc:0;sec:content-canvas\" class=\"link \">Lire la suite sur Top Sant\u00e9<\/a><\/p>\n<p><a href=\"https:\/\/www.topsante.com\/medecine\/cancers\/cancer_de_la_peau\/jai-decouvert-mon-cancer-en-buvant-un-verre-de-vin-voici-le-symptome-dalerte-a-connaitre-919948?utm_campaign=partenariat&amp;utm_source=yahoo-articles&amp;utm_medium=flux\" rel=\"nofollow noopener\" target=\"_blank\" data-ylk=\"slk:\u201cJ\u2019ai d\u00e9couvert mon cancer en buvant un verre de vin, voici le sympt\u00f4me d&#039;alerte \u00e0 conna\u00eetre\u201d;elm:context_link;itc:0;sec:content-canvas\" class=\"link \">\u201cJ\u2019ai d\u00e9couvert mon cancer en buvant un verre de vin, voici le sympt\u00f4me d&rsquo;alerte \u00e0 conna\u00eetre\u201d<\/a><br \/><a href=\"https:\/\/www.topsante.com\/nutrition_et_recettes\/nutrition\/ni-au-refrigerateur-ni-dans-des-sacs-en-plastique-le-meilleur-endroit-pour-conserver-les-bananes-et-eviter-quelles-ne-murissent-trop-919621?utm_campaign=partenariat&amp;utm_source=yahoo-articles&amp;utm_medium=flux\" rel=\"nofollow noopener\" target=\"_blank\" data-ylk=\"slk:Ni au r\u00e9frig\u00e9rateur, ni dans des sacs en plastique : le meilleur endroit pour conserver les bananes et \u00e9viter qu&#039;elles ne m\u00fbrissent trop;elm:context_link;itc:0;sec:content-canvas\" class=\"link \">Ni au r\u00e9frig\u00e9rateur, ni dans des sacs en plastique : le meilleur endroit pour conserver les bananes et \u00e9viter qu&rsquo;elles ne m\u00fbrissent trop<\/a><br \/><a href=\"https:\/\/www.topsante.com\/beaute_soins\/des-dermatologues-devoilent-leur-2-cremes-preferees-pour-la-beaute-du-cou-919938?utm_campaign=partenariat&amp;utm_source=yahoo-articles&amp;utm_medium=flux\" rel=\"nofollow noopener\" target=\"_blank\" data-ylk=\"slk:Des dermatologues d\u00e9voilent leur 2 cr\u00e8mes pr\u00e9f\u00e9r\u00e9es pour la beaut\u00e9 du cou;elm:context_link;itc:0;sec:content-canvas\" class=\"link \">Des dermatologues d\u00e9voilent leur 2 cr\u00e8mes pr\u00e9f\u00e9r\u00e9es pour la beaut\u00e9 du cou<\/a><br \/><a href=\"https:\/\/www.topsante.com\/medecine\/rhumatologie\/arthrite\/le-legume-n1-pour-aider-a-gerer-la-douleur-arthritique-selon-les-experts-919614?utm_campaign=partenariat&amp;utm_source=yahoo-articles&amp;utm_medium=flux\" rel=\"nofollow noopener\" target=\"_blank\" data-ylk=\"slk:Le l\u00e9gume n\u00b01 pour aider \u00e0 g\u00e9rer la douleur arthritique, selon les experts;elm:context_link;itc:0;sec:content-canvas\" class=\"link \">Le l\u00e9gume n\u00b01 pour aider \u00e0 g\u00e9rer la douleur arthritique, selon les experts<\/a><br \/><a href=\"https:\/\/www.topsante.com\/nutrition_et_recettes\/les_bons_aliments\/stress-une-coach-en-nutrition-conseille-ce-fruit-pour-faire-baisser-le-cortisol-919888?utm_campaign=partenariat&amp;utm_source=yahoo-articles&amp;utm_medium=flux\" rel=\"nofollow noopener\" target=\"_blank\" data-ylk=\"slk:Stress : une coach en nutrition conseille ce fruit pour faire baisser le cortisol;elm:context_link;itc:0;sec:content-canvas\" class=\"link \">Stress : une coach en nutrition conseille ce fruit pour faire baisser le cortisol<\/a><\/p>\n","protected":false},"excerpt":{"rendered":"Utilis\u00e9 depuis des si\u00e8cles en m\u00e9decine ayurv\u00e9dique, le curcuma refait aujourd\u2019hui parler de lui pour ses potentiels bienfaits&hellip;\n","protected":false},"author":2,"featured_media":228833,"comment_status":"","ping_status":"","sticky":false,"template":"","format":"standard","meta":{"footnotes":""},"categories":[10],"tags":[14845,1011,27,72,36736,36735,71],"class_list":{"0":"post-228832","1":"post","2":"type-post","3":"status-publish","4":"format-standard","5":"has-post-thumbnail","7":"category-sante","8":"tag-cancer-colorectal","9":"tag-fr","10":"tag-france","11":"tag-health","12":"tag-hygiene-de-vie","13":"tag-medecine-ayurvedique","14":"tag-sante"},"share_on_mastodon":{"url":"https:\/\/pubeurope.com\/@fr\/114802278075893110","error":""},"_links":{"self":[{"href":"https:\/\/www.europesays.com\/fr\/wp-json\/wp\/v2\/posts\/228832","targetHints":{"allow":["GET"]}}],"collection":[{"href":"https:\/\/www.europesays.com\/fr\/wp-json\/wp\/v2\/posts"}],"about":[{"href":"https:\/\/www.europesays.com\/fr\/wp-json\/wp\/v2\/types\/post"}],"author":[{"embeddable":true,"href":"https:\/\/www.europesays.com\/fr\/wp-json\/wp\/v2\/users\/2"}],"replies":[{"embeddable":true,"href":"https:\/\/www.europesays.com\/fr\/wp-json\/wp\/v2\/comments?post=228832"}],"version-history":[{"count":0,"href":"https:\/\/www.europesays.com\/fr\/wp-json\/wp\/v2\/posts\/228832\/revisions"}],"wp:featuredmedia":[{"embeddable":true,"href":"https:\/\/www.europesays.com\/fr\/wp-json\/wp\/v2\/media\/228833"}],"wp:attachment":[{"href":"https:\/\/www.europesays.com\/fr\/wp-json\/wp\/v2\/media?parent=228832"}],"wp:term":[{"taxonomy":"category","embeddable":true,"href":"https:\/\/www.europesays.com\/fr\/wp-json\/wp\/v2\/categories?post=228832"},{"taxonomy":"post_tag","embeddable":true,"href":"https:\/\/www.europesays.com\/fr\/wp-json\/wp\/v2\/tags?post=228832"}],"curies":[{"name":"wp","href":"https:\/\/api.w.org\/{rel}","templated":true}]}}