{"id":228850,"date":"2025-07-05T19:38:14","date_gmt":"2025-07-05T19:38:14","guid":{"rendered":"https:\/\/www.europesays.com\/fr\/228850\/"},"modified":"2025-07-05T19:38:14","modified_gmt":"2025-07-05T19:38:14","slug":"nancy-lycee-notre-dame-saint-sigisbert-bac-2025-mention-tres-bien-thomas-decker-17-ans-bac-general","status":"publish","type":"post","link":"https:\/\/www.europesays.com\/fr\/228850\/","title":{"rendered":"Nancy, lyc\u00e9e Notre-Dame-Saint-Sigisbert | Bac 2025 Mention Tr\u00e8s Bien. Thomas Decker, 17 ans, bac g\u00e9n\u00e9ral"},"content":{"rendered":"<p>Thomas Decker, 17 ans, habitant Nancy, a d\u00e9croch\u00e9 son bac g\u00e9n\u00e9ral Math\u00e9matiques Physique-Chimie avec mention tr\u00e8s bien. Passionn\u00e9 par le cyclisme et les Lego, il pratique assid\u00fbment le v\u00e9lo. Sa mati\u00e8re pr\u00e9f\u00e9r\u00e9e est la physique-chimie. Il a obtenu la note de 19 au Grand oral en math\u00e9matiques. Avec une moyenne de 16,16, il s&rsquo;appr\u00eate \u00e0 int\u00e9grer une classe pr\u00e9paratoire en sciences et techniques. Son objectif professionnel est de devenir ing\u00e9nieur agronome anthropologue. Cet \u00e9t\u00e9, il pr\u00e9voit de traverser la Normandie et la Bretagne en v\u00e9lo.<\/p>\n<p>\u270e R\u00e9dig\u00e9 avec l&rsquo;aide d&rsquo;outils IA et v\u00e9rifi\u00e9 par un journaliste \ud83d\udec8 En savoir plus avec la charte IA d&rsquo;Ebra.<\/p>\n","protected":false},"excerpt":{"rendered":"Thomas Decker, 17 ans, habitant Nancy, a d\u00e9croch\u00e9 son bac g\u00e9n\u00e9ral Math\u00e9matiques Physique-Chimie avec mention tr\u00e8s bien. Passionn\u00e9&hellip;\n","protected":false},"author":2,"featured_media":228851,"comment_status":"","ping_status":"","sticky":false,"template":"","format":"standard","meta":{"footnotes":""},"categories":[9635],"tags":[1111,11,36609,1704,1057,1777,674,10961,1011,27,775,1702,1703,12,25],"class_list":{"0":"post-228850","1":"post","2":"type-post","3":"status-publish","4":"format-standard","5":"has-post-thumbnail","7":"category-nancy","8":"tag-actu","9":"tag-actualites","10":"tag-baccalaureat-mention-tres-bien","11":"tag-edition-nancy-et-agglomeration","12":"tag-education","13":"tag-eu","14":"tag-europe","15":"tag-examen-diplome","16":"tag-fr","17":"tag-france","18":"tag-grand-est","19":"tag-nancy","20":"tag-nancy-ville-54b","21":"tag-news","22":"tag-republique-francaise"},"share_on_mastodon":{"url":"https:\/\/pubeurope.com\/@fr\/114802321160520738","error":""},"_links":{"self":[{"href":"https:\/\/www.europesays.com\/fr\/wp-json\/wp\/v2\/posts\/228850","targetHints":{"allow":["GET"]}}],"collection":[{"href":"https:\/\/www.europesays.com\/fr\/wp-json\/wp\/v2\/posts"}],"about":[{"href":"https:\/\/www.europesays.com\/fr\/wp-json\/wp\/v2\/types\/post"}],"author":[{"embeddable":true,"href":"https:\/\/www.europesays.com\/fr\/wp-json\/wp\/v2\/users\/2"}],"replies":[{"embeddable":true,"href":"https:\/\/www.europesays.com\/fr\/wp-json\/wp\/v2\/comments?post=228850"}],"version-history":[{"count":0,"href":"https:\/\/www.europesays.com\/fr\/wp-json\/wp\/v2\/posts\/228850\/revisions"}],"wp:featuredmedia":[{"embeddable":true,"href":"https:\/\/www.europesays.com\/fr\/wp-json\/wp\/v2\/media\/228851"}],"wp:attachment":[{"href":"https:\/\/www.europesays.com\/fr\/wp-json\/wp\/v2\/media?parent=228850"}],"wp:term":[{"taxonomy":"category","embeddable":true,"href":"https:\/\/www.europesays.com\/fr\/wp-json\/wp\/v2\/categories?post=228850"},{"taxonomy":"post_tag","embeddable":true,"href":"https:\/\/www.europesays.com\/fr\/wp-json\/wp\/v2\/tags?post=228850"}],"curies":[{"name":"wp","href":"https:\/\/api.w.org\/{rel}","templated":true}]}}