{"id":228854,"date":"2025-07-05T19:41:14","date_gmt":"2025-07-05T19:41:14","guid":{"rendered":"https:\/\/www.europesays.com\/fr\/228854\/"},"modified":"2025-07-05T19:41:14","modified_gmt":"2025-07-05T19:41:14","slug":"deux-jours-ditt-un-homme-ivre-et-arme-blesse-un-pompier-en-intervention-apres-avoir-force-son-vehicule-de-secours","status":"publish","type":"post","link":"https:\/\/www.europesays.com\/fr\/228854\/","title":{"rendered":"Deux jours d\u2019ITT\u00a0: un homme ivre et arm\u00e9 blesse un pompier en intervention apr\u00e8s avoir forc\u00e9 son v\u00e9hicule de secours"},"content":{"rendered":"<p>\n                                                                Un sapeur-pompier de l\u2019H\u00e9rault a \u00e9t\u00e9 bless\u00e9 dans la nuit de jeudi \u00e0 vendredi 4\u00a0juillet \u00e0 Montpellier alors qu\u2019il \u00e9tait en pleine intervention pour une intoxication m\u00e9dicamenteuse.\n                            <\/p>\n<p>Dans la nuit de jeudi \u00e0 vendredi 4\u00a0juillet, vers minuit, rue des S\u0153urs-Noires \u00e0 Montpellier, un sapeur-pompier de l\u2019H\u00e9rault a \u00e9t\u00e9 bless\u00e9 lors d\u2019une intervention.<\/p>\n<p>Appel\u00e9s pour une intoxication m\u00e9dicamenteuse, les secours d\u00e9couvrent une femme alcoolis\u00e9e, accompagn\u00e9e de son fils, \u00e9galement ivre. Ce dernier, \u00e2g\u00e9 de 48 ans, insiste pour monter dans le v\u00e9hicule de secours.<\/p>\n<p>Il \u00e9tait d\u00e9tenteur d\u2019un couteau<\/p>\n<p>Mais au vu de son \u00e9tat (2\u00a0g d\u2019alcool dans le sang), il est \u00e9conduit. Il force alors la porte, les insulte et devient agressif. Il a \u00e9t\u00e9 ma\u00eetris\u00e9 avec difficult\u00e9, blessant un pompier (deux jours d\u2019ITT) \u00e0 la main.<\/p>\n<p>Interpell\u00e9 en possession d\u2019un couteau, il a \u00e9t\u00e9 plac\u00e9 en garde \u00e0 vue o\u00f9 il \u00e9tait toujours vendredi soir.<\/p>\n","protected":false},"excerpt":{"rendered":"Un sapeur-pompier de l\u2019H\u00e9rault a \u00e9t\u00e9 bless\u00e9 dans la nuit de jeudi \u00e0 vendredi 4\u00a0juillet \u00e0 Montpellier alors&hellip;\n","protected":false},"author":2,"featured_media":228855,"comment_status":"","ping_status":"","sticky":false,"template":"","format":"standard","meta":{"footnotes":""},"categories":[9599],"tags":[1111,11,1777,674,1011,27,2208,12,2680,25],"class_list":{"0":"post-228854","1":"post","2":"type-post","3":"status-publish","4":"format-standard","5":"has-post-thumbnail","7":"category-montpellier","8":"tag-actu","9":"tag-actualites","10":"tag-eu","11":"tag-europe","12":"tag-fr","13":"tag-france","14":"tag-montpellier","15":"tag-news","16":"tag-occitanie","17":"tag-republique-francaise"},"share_on_mastodon":{"url":"https:\/\/pubeurope.com\/@fr\/114802333032851049","error":""},"_links":{"self":[{"href":"https:\/\/www.europesays.com\/fr\/wp-json\/wp\/v2\/posts\/228854","targetHints":{"allow":["GET"]}}],"collection":[{"href":"https:\/\/www.europesays.com\/fr\/wp-json\/wp\/v2\/posts"}],"about":[{"href":"https:\/\/www.europesays.com\/fr\/wp-json\/wp\/v2\/types\/post"}],"author":[{"embeddable":true,"href":"https:\/\/www.europesays.com\/fr\/wp-json\/wp\/v2\/users\/2"}],"replies":[{"embeddable":true,"href":"https:\/\/www.europesays.com\/fr\/wp-json\/wp\/v2\/comments?post=228854"}],"version-history":[{"count":0,"href":"https:\/\/www.europesays.com\/fr\/wp-json\/wp\/v2\/posts\/228854\/revisions"}],"wp:featuredmedia":[{"embeddable":true,"href":"https:\/\/www.europesays.com\/fr\/wp-json\/wp\/v2\/media\/228855"}],"wp:attachment":[{"href":"https:\/\/www.europesays.com\/fr\/wp-json\/wp\/v2\/media?parent=228854"}],"wp:term":[{"taxonomy":"category","embeddable":true,"href":"https:\/\/www.europesays.com\/fr\/wp-json\/wp\/v2\/categories?post=228854"},{"taxonomy":"post_tag","embeddable":true,"href":"https:\/\/www.europesays.com\/fr\/wp-json\/wp\/v2\/tags?post=228854"}],"curies":[{"name":"wp","href":"https:\/\/api.w.org\/{rel}","templated":true}]}}