{"id":228866,"date":"2025-07-05T19:51:09","date_gmt":"2025-07-05T19:51:09","guid":{"rendered":"https:\/\/www.europesays.com\/fr\/228866\/"},"modified":"2025-07-05T19:51:09","modified_gmt":"2025-07-05T19:51:09","slug":"que-faire-avec-ses-enfants-a-strasbourg-durant-lete-2025","status":"publish","type":"post","link":"https:\/\/www.europesays.com\/fr\/228866\/","title":{"rendered":"Que faire avec ses enfants \u00e0 Strasbourg durant l&rsquo;\u00e9t\u00e9 2025\u00a0?"},"content":{"rendered":"<p class=\"wp-block-post-excerpt__excerpt\">Sportifs, culturels, en famille ou en autonomie, Strasbourg regorge d\u2019\u00e9v\u00e9nements et d\u2019ateliers pour s\u2019occuper avec des bambins, en juillet et en ao\u00fbt. En voici une s\u00e9lection. <\/p>\n<p class=\"font-sans\">\n\t\t\tCet article est en acc\u00e8s libre. Pour soutenir Rue89 Strasbourg,<br \/>\n\t\t\t<a class=\"underline\" href=\"https:\/\/www.rue89strasbourg.com\/abonnement\" rel=\"nofollow noopener\" target=\"_blank\">abonnez-vous<\/a>.\n\t\t<\/p>\n<p>Jeanne-Esther Eichenlaub<\/p>\n<p>Publi\u00e9 le 1 juillet 2025\u00a0\u00a0\u00b7\u00a0\u00a0<\/p>\n<p>Imprim\u00e9 le 5 juillet 2025 \u00e0 21h50\u00a0\u00a0\u00b7\u00a0\u00a0<\/p>\n<p>\t\t\t\t\t8\u00a0minutes\n<\/p>\n<p>De la musique sous les fen\u00eatres<\/p>\n<p>Du 1er juillet au 3 juillet puis du 15 au 17 juillet pour f\u00eater l\u2019\u00e9t\u00e9, la musique sort des salles de concert et s\u2019installe aux pieds des immeubles dans le quartier du Neuhof. \u00c0 17h, des animations sont propos\u00e9es puis \u00e0 partir de 18h, les premi\u00e8res notes de musique se font entendre. L\u2019Espace Django qui coordonne cette action propose ensuite un go\u00fbter g\u00e9ant entre voisins ou simples badauds. Le 1er juillet, c\u2019est le jazz qui est \u00e0 l\u2019honneur avec le groupe Barouf, puis la soul de Nexy et la fusion m\u00e9diterran\u00e9enne d\u2019Aguila Mosa\u00efk. Les concerts ont lieu \u00e0 chaque jour dans un endroit diff\u00e9rent du quartier du Neuhof.<\/p>\n<\/p>\n<p>Y <strong>aller<\/strong><\/p>\n<p><strong>Concerts aux fen\u00eatres<\/strong>, du 1er au 3 juillet puis du 15 au 17 juillet, dans des rues et sur des places du quartier du Neuhof \u00e0 Strasbourg. Programmation compl\u00e8te <a href=\"https:\/\/www.espacedjango.eu\/evenement\/concerts-aux-fenetres-barouf\/\" rel=\"nofollow noopener\" target=\"_blank\">sur le site de l\u2019Espace Django<\/a>.<\/p>\n<p><a href=\"https:\/\/www.rue89strasbourg.com\/la-newsletter\" rel=\"nofollow noopener\" target=\"_blank\"><img loading=\"lazy\" decoding=\"async\" width=\"970\" height=\"250\" src=\"https:\/\/www.europesays.com\/fr\/wp-content\/uploads\/2025\/06\/bannie\u0300re-autopromo-2025-desktop-1.gif\" alt=\"\" class=\"wp-image-347550\" style=\"width:792px;height:auto\"\/><\/a><\/p>\n<p><a href=\"https:\/\/www.rue89strasbourg.com\/la-newsletter\" rel=\"nofollow noopener\" target=\"_blank\"><img loading=\"lazy\" decoding=\"async\" width=\"300\" height=\"300\" src=\"https:\/\/www.europesays.com\/fr\/wp-content\/uploads\/2025\/06\/bannie\u0300res-autopromo-300x300-2.gif\" alt=\"\" class=\"wp-image-347551\"\/><\/a><\/p>\n<p>Sous les pav\u00e9s, la plage<\/p>\n<p>Du 5 juillet au 31 ao\u00fbt, la plage s\u2019invite sur les docks de la presqu\u2019\u00eele Malraux. Tous les apr\u00e8s-midis d\u00e8s 14h, des animations sur terre et dans l\u2019eau sont organis\u00e9es pour les enfants \u00e0 partir de trois ans. P\u00e9dalo, paddle et d\u00e9riveurs seront amarr\u00e9s dans l\u2019ancien port industriel. Le farniente est \u00e9galement une option\u00a0: transats et parasols seront dispos\u00e9s sur le sable qui recouvrira le parvis de la presqu\u2019\u00eele. Cette plage \u00e9ph\u00e9m\u00e8re sera ouverte en acc\u00e8s libre de 8h \u00e0 minuit.<\/p>\n<p>Y <strong>aller<\/strong><\/p>\n<p>Docks Malraux, devant la M\u00e9diath\u00e8que du m\u00eame nom, sur la presqu\u2019\u00eele Andr\u00e9 Malraux, Strasbourg\u00a0\u2013 Neudorf \/ Esplanade, du 5 juillet au 31 ao\u00fbt\u00a0:<\/p>\n<ul class=\"wp-block-list\">\n<li><strong>Base nautique<\/strong> : du dimanche au jeudi de 15h \u00e0 19h\u00a0: les vendredis et les samedis de 15h \u00e0 21h.<\/li>\n<li><strong>Plage \u00e9ph\u00e9m\u00e8re<\/strong> : tous les jours de 8h \u00e0 minuit.<\/li>\n<li><strong>Animations pour le jeune public<\/strong> : tous les apr\u00e8s-midis d\u00e8s 14h<\/li>\n<\/ul>\n<p>\u00c9v\u00e9nements gratuits.<\/p>\n<p>\t\tDans la cour de r\u00e9cr\u00e9<\/p>\n<p>Du 7 juillet au 24 ao\u00fbt, l\u2019op\u00e9ration \u00ab\u00a0Cours d\u2019\u00e9cole ouverte au public\u00a0\u00bb pr\u00e9voit de laisser libre acc\u00e8s \u00e0 six cours d\u2019\u00e9coles vertes et ombrag\u00e9es. Des transats attendent les parents et des jeux seront mis \u00e0 disposition de tous\u00a0: <a href=\"https:\/\/fr.wikipedia.org\/wiki\/M%C3%B6lkky\" rel=\"nofollow noopener\" target=\"_blank\">m\u00f6lkky<\/a>, badminton, craies g\u00e9antes\u2026 Des animations seront propos\u00e9es par des associations tout au long de l\u2019\u00e9t\u00e9. De quoi d\u00e9compresser, m\u00eame en \u00e9tant \u00e0 l\u2019\u00e9cole.<\/p>\n<p>Y <strong>aller<\/strong><\/p>\n<p><strong>Cours d\u2019\u00e9coles ouvertes au public<\/strong>, du 7 juillet au 24 ao\u00fbt, tous les jours, week-end et f\u00e9ri\u00e9s inclus\u00a0:<\/p>\n<ul class=\"wp-block-list\">\n<li>\u00e9cole de la Canardi\u00e8re, 12 avenue de Normandie \u00e0 Strasbourg \u2013 Meinau, <\/li>\n<li>\u00e9cole L\u00e9onard de Vinci, 3 rue L\u00e9onard-de-Vinci \u00e0 Strasbourg \u2013 Elsau, <\/li>\n<li>\u00e9cole \u00e9l\u00e9mentaire Albert le Grand, 4 rue de Huningue \u00e0 Strasbourg \u2013 Neudorf, <\/li>\n<li>\u00e9cole Schoepflin, 3 rue de l\u2019\u00c9crevisse \u00e0 Strasbourg \u2013 Tribunal, <\/li>\n<li>\u00e9cole Louvois, 18 quai des Alpes \u00e0 Strasbourg \u2013 Krutenau, <\/li>\n<li>\u00e9cole Paul Langevin, 27 rue Lavoisier \u00e0 Strasbourg \u2013 Cronenbourg. <\/li>\n<\/ul>\n<p>Acc\u00e8s gratuit.<\/p>\n<p>Les m\u00e9diath\u00e8ques \u00e0 l\u2019heure d\u2019\u00e9t\u00e9<\/p>\n<p>Les m\u00e9diath\u00e8ques de l\u2019Eurom\u00e9tropole passent \u00e0 l\u2019heure d\u2019\u00e9t\u00e9 et organisent des lectures de contes. La m\u00e9diath\u00e8que du Neuhof et celle de la Robertsau (M\u00e9lanie de Pourtal\u00e8s), mettent en place des lectures au parc. \u00c0 la m\u00e9diath\u00e8que Andr\u00e9 Malraux, c\u2019est sur le parvis, les pieds dans le sable de Strasbourg plage que les biblioth\u00e9caires liront des histoires. <\/p>\n<p>Ces sessions de contes auront lieu \u00e0 partir du 9 juillet jusqu\u2019au 27 ao\u00fbt. Les horaires et les jours varient en fonction des m\u00e9diath\u00e8ques\u00a0: les lectures seront matinales \u00e0 Malraux (10h \u00e0 11h45), ainsi qu\u2019au parc de Pourtal\u00e8s (10h \u00e0 11h). Elles se d\u00e9rouleront l\u2019apr\u00e8s-midi (16h \u00e0 17h30) au Neuhof et uniquement en juillet.<\/p>\n<p>Les m\u00e9diath\u00e8ques Simone Veil \u00e0 Illkirch-Graffenstaden et Frida Kahlo \u00e0 Schiltigheim ainsi que celle de Cronenboug proposent aussi de conter des histoires aux petits. D\u2019autres \u00e9v\u00e9nements se d\u00e9roulent dans les m\u00e9diath\u00e8ques tout au long de l\u2019\u00e9t\u00e9 comme un escape game le 6 ao\u00fbt \u00e0 la m\u00e9diath\u00e8que Andr\u00e9 Malraux. Ces animations sont gratuites.<\/p>\n<p><img loading=\"lazy\" decoding=\"async\" width=\"792\" height=\"594\" src=\"https:\/\/www.europesays.com\/fr\/wp-content\/uploads\/2025\/07\/p1085897-792x594.jpg\" alt=\"\" class=\"wp-image-348421\"  \/> Jeux d\u2019\u00e9t\u00e9 au plan d\u2019eau du BaggerseePhoto\u00a0: Valentine Zeler \/ Eurom\u00e9tropole de Strasbourg<\/p>\n<p>Y <strong>aller<\/strong><\/p>\n<p>Alors, on bouge\u00a0?<\/p>\n<p>Au parc de la Citadelle, du 10 juillet au 24 ao\u00fbt, les apr\u00e8s-midis sont d\u00e9di\u00e9es au sport, avec l\u2019op\u00e9ration de l\u2019Eurom\u00e9tropole de Strasbourg intitul\u00e9e \u00ab\u00a0Plaine Sportive\u00a0\u00bb. Cette initiative se tient aussi au parc du Baggersee et dans la plaine des jeux de Hautepierre. Chaque plaine a sa sp\u00e9cificit\u00e9\u00a0: au Baggersee, les sports aquatiques et nature, \u00e0 Hautepierre les sports olympiques, au parc de la Citadelle et derri\u00e8re le Wacken, les sports urbains. Initiation \u00e0 la boxe, \u00e0 l\u2019halt\u00e9rophilie, hip-hop, jeux de raquette, paddle, yoga sont autant d\u2019activit\u00e9s qui se d\u00e9roulent du mercredi au dimanche.<\/p>\n<p>Y <strong>aller<\/strong><\/p>\n<p><strong>Plaines sportives, <\/strong>du 10 juillet au 24 ao\u00fbt, \u00e9v\u00e8nements gratuits\u00a0:<\/p>\n<ul class=\"wp-block-list\">\n<li><strong>Hautepierre\u00a0: <\/strong>de 16h30 \u00e0 21h30, du mercredi au samedi, et de 10h \u00e0 21h30 les dimanches au parc des sports, rue Baden-Powell <\/li>\n<li><strong>Illkirch-Graffenstaden\u00a0:<\/strong> de 14h30 \u00e0 17h45, du mercredi au dimanche, au plan d\u2019eau du Baggersee<\/li>\n<li><strong>Esplanade\u00a0:<\/strong> de 14h \u00e0 17h les mercredis, jeudis et samedis, de 10h \u00e0 17h les vendredis et dimanches, parc de la Citadelle<\/li>\n<li><strong>Wacken\u00a0:<\/strong> de 14h \u00e0 17h les mercredis, jeudis et samedis, de 10h \u00e0 17h les vendredis et dimanches, parc du Wacken, rue Pierre-de-Coubertin<\/li>\n<\/ul>\n<p>Des pr\u00e9cisions peuvent \u00eatre obtenues au 03 68 98 51 09.<\/p>\n<p>\u00c0 la conqu\u00eate des \u00e9toiles<\/p>\n<p>Observer la vo\u00fbte \u00e9toil\u00e9e, savoir diff\u00e9rencier qui de la grande ou la petite Ourse ressemble \u00e0 une casserole, d\u00e9couvrir l\u2019immense \u00e9tendue bleue, noire, parfois grise qui s\u2019\u00e9tend au-del\u00e0 de l\u2019atmosph\u00e8re\u2026 Du 8 juillet au 29 ao\u00fbt, de 11h30 \u00e0 12h30, l\u2019\u00e9quipe du plan\u00e9tarium propose une excursion c\u00e9leste en plein jour.<\/p>\n<p>La s\u00e9ance dure 45 minutes, pendant lesquelles le ciel d\u2019\u00e9t\u00e9 est projet\u00e9 sur le d\u00f4me du plan\u00e9tarium. Un m\u00e9diateur se charge d\u2019expliquer ce que l\u2019on voit dans le ciel. N\u00e9buleuses, plan\u00e8tes, m\u00e9t\u00e9ores et galaxies sont au programme.<\/p>\n<p>Y <strong>aller<\/strong><\/p>\n<p><strong>Ciel d\u2019\u00e9t\u00e9<\/strong>, tous les jours \u00e0 partir du 8 juillet, de 11h30 \u00e0 12h30 au plan\u00e9tarium du jardin des sciences, 27 boulevard de la Victoire \u00e0 Strasbourg \u2013 Neustadt. Spectacle conseill\u00e9 \u00e0 partir de 10 ans. <a href=\"https:\/\/jardin-sciences-billetterie.unistra.fr\/fr-FR\/accueil\" target=\"_blank\" rel=\"noreferrer noopener nofollow\">Tarifs de 6 \u00e0 8\u20ac<\/a>.<\/p>\n<p>Cr\u00e9er un pot \u00e0 la mode pr\u00e9historique<\/p>\n<p>Fabriquer un vase, un bol, ou un plat comme au N\u00e9olithique \u00e0 Strasbourg, c\u2019est possible au mus\u00e9e arch\u00e9ologique. Cet atelier qui se d\u00e9roule les 23 juillet et 20 ao\u00fbt propose aux enfants \u00e0 partir de cinq ans de d\u00e9couvrir comment les humains stockaient leurs biens aux premiers \u00e2ges de la s\u00e9dentarit\u00e9.<\/p>\n<p>La technique employ\u00e9e est celle dite \u00ab\u00a0\u00e0 colombin\u00a0\u00bb. Il s\u2019agit de faire des boudins d\u2019argile, de les empiler les uns sur les autres puis de les aplatir afin de former un objet. Cette technique est utilis\u00e9e depuis la pr\u00e9histoire, le tour de potier n\u2019apparaissant que bien plus tard.<\/p>\n<p><img loading=\"lazy\" decoding=\"async\" width=\"730\" height=\"709\" src=\"https:\/\/www.europesays.com\/fr\/wp-content\/uploads\/2025\/07\/monpot-neo.png\" alt=\"Fabriquer un pot comme nos anc\u00eatres avant nous !\" class=\"wp-image-348204\"  \/> Ce pot date de la pr\u00e9histoire. Depuis le N\u00e9olithique, les hommes cr\u00e9\u00e9ent et d\u00e9corent des objets en terre-cuite.Photo\u00a0: document remis \/ M. Bertola<\/p>\n<p>Aller <strong>plus loin<\/strong><\/p>\n<p><strong>Mon pot n\u00e9o<\/strong>, les mercredis 23 juillet et 20 ao\u00fbt, de 14h30 \u00e0 16h30 au mus\u00e9e arch\u00e9ologique, 2 place du Ch\u00e2teau \u00e0 Strasbourg \u2013 Centre-ville. <a href=\"https:\/\/www.musees.strasbourg.eu\/evenement\/-\/entity\/id\/534914520\/mon-pot-neo\" target=\"_blank\" rel=\"noreferrer noopener nofollow\">Tarifs de 3,50\u20ac \u00e0 7,50\u20ac<\/a>.<\/p>\n<p>Cin\u00e9ma en plein air<\/p>\n<p>Tous les vendredis soir, \u00e0 partir du 4 juillet et jusqu\u2019au 29 ao\u00fbt, la Ville propose des s\u00e9ances cin\u00e9ma en plein air dans diff\u00e9rents quartiers de Strasbourg. La premi\u00e8re s\u00e9ance a lieu au parc du Heyritz, Bill Murray y sera Lost in Translation. Plusieurs s\u00e9ances sont particuli\u00e8rement adapt\u00e9es aux enfants\u00a0: le 11 juillet au Parc de la Bergerie \u00e0 Cronenbourg, Tous en sc\u00e8ne sera diffus\u00e9 et le 25 juillet ce sera le Chat Pott\u00e9 2 \u00e0 l\u2019\u00e9cole Ariane Icare, dans le quartier du Neuhof. Pour tous les amateurs de classiques et de Belmondo, pourquoi ne pas emmener sa prog\u00e9niture voir Le Magnifique, le 1er ao\u00fbt place Henri Will, \u00e0 Neudorf\u00a0?<\/p>\n<p>Le cin\u00e9ma en plein air se fait aussi itin\u00e9rant, des films sont projet\u00e9s dans 15 communes de l\u2019Eurom\u00e9tropole comme Plobsheim, Eckbolsheim, Lampertheim et Bischheim. La s\u00e9lection cin\u00e9matographique du cin\u00e9ma en plein air itin\u00e9rant est familiale. Au programme\u00a0: le Roi lion, Cinema paradiso, E.T. l\u2019extraterrestre ou encorelLes Choristes. Les projections d\u00e9butent en g\u00e9n\u00e9ral vers 22h, \u00e0 la tomb\u00e9e de la nuit. Pour l\u2019Eurom\u00e9tropole, les films sont projet\u00e9s \u00e0 partir du 4 juillet et jusqu\u2019au 6 septembre. Les s\u00e9ances sont gratuites, \u00e0 partir de 18h et jusqu\u2019\u00e0 23h.<\/p>\n<p><img loading=\"lazy\" decoding=\"async\" width=\"792\" height=\"528\" src=\"https:\/\/www.europesays.com\/fr\/wp-content\/uploads\/2025\/07\/img-4392-792x528.jpg\" alt=\"\" class=\"wp-image-348420\"  \/> Projection de West side story, au parc de l\u2019Orangerie, en ao\u00fbt 2022.Photo\u00a0: document remis \/ Eurom\u00e9tropole de Strasbourg \/ Elyxandro Cegarra<\/p>\n<p>Aller <strong>plus loin<\/strong><\/p>\n<p><strong>Cin\u00e9 en plein air<\/strong>, tous les vendredis \u00e0 la tomb\u00e9e de la nuit, du 4 juillet au 29 ao\u00fbt. <\/p>\n<ul class=\"wp-block-list\">\n<li>vendredi 4 juillet, Lost in Translation au Parc du Heyritz \u00e0 Strasbourg \u2013 Neudorf,<\/li>\n<li>vendredi 11 juillet, Tous en sc\u00e8ne 2 au parc de la Bergerie \u00e0 Strasbourg \u2013 Cronenbourg,<\/li>\n<li>vendredi 18 juillet, Vivant au parc de l\u2019Orangerie (aire de jeux) \u00e0 Strasbourg \u2013 Orangerie,<\/li>\n<li>vendredi 25 juillet, Le Chat Pott\u00e9 2 : la derni\u00e8re qu\u00eate \u00e0 l\u2019\u00e9cole Ariane Icare \u00e0 Strasbourg \u2013 Neuhof,<\/li>\n<li>vendredi 1er ao\u00fbt, Le magnifique, place Henri-Will \u00e0 Strasbourg \u2013 Neudorf,<\/li>\n<li>vendredi 8 ao\u00fbt, La M\u00e9thode Williams au parc des Sports \u00e0 Strasbourg \u2013 Hautepierre,<\/li>\n<li>vendredi 15 ao\u00fbt, L\u2019Homme qui en savait trop au jardin des Deux-Rives \u00e0 Strasbourg \u2013 Port du Rhin,<\/li>\n<li>vendredi 22 ao\u00fbt, Le Comte de Monte-Cristo, au parc Albert-Schweitzer \u00e0 Strasbourg \u2013 Koenigshoffen,<\/li>\n<li>vendredi 29 ao\u00fbt, Big Fish au parc du Heyritz  \u00e0 Strasbourg \u2013 Neudorf.<\/li>\n<\/ul>\n<p>\u00c9v\u00e9nement gratuit, programme sur <a href=\"https:\/\/ete.strasbourg.eu\/cinema-en-plein-air\" target=\"_blank\" rel=\"noreferrer noopener nofollow\">le site de la Ville<\/a>.<\/p>\n<p><strong>Cin\u00e9 en plein air itin\u00e9rant<\/strong>, du 4 juillet au 6 septembre. <\/p>\n<ul class=\"wp-block-list\">\n<li>vendredi 4 juillet, Le Roi Lion, parc de la salle des f\u00eates \u00e0 Plobsheim,<\/li>\n<li>samedi 5 juillet, Cin\u00e9ma Paradiso, parc de la mairie \u00e0 Mundolsheim,<\/li>\n<li>samedi 12 juillet, M\u00eame les souris vont au paradis, jardin du presbyt\u00e8re \u00e0 Eckwersheim,<\/li>\n<li>samedi 19 juillet, L\u2019Incroyable Voyage, espace sportif \u00e0 Achenheim,<\/li>\n<li>mardi 22 juillet, La Folle Journ\u00e9e de Ferris Bueller, parvis de l\u2019Espace Malraux \u00e0 Geispolsheim,<\/li>\n<li>samedi 26 juillet, E.T. l\u2019extra-terrestre, parvis de l\u2019Escale \u00e0 Entzheim,<\/li>\n<li>vendredi 8 ao\u00fbt, Le G\u00e9ant de Fer, parking du hall de sport \u00e0 Holtzheim,<\/li>\n<li>samedi 9 ao\u00fbt, Belle et S\u00e9bastien, parc Zimmer \u00e0 Lingolsheim,<\/li>\n<li>mercredi 16 ao\u00fbt, Qui veut la peau de Roger Rabbit\u00a0?, parvis salle socioculturelle \u00e0 Kolbsheim,<\/li>\n<li>mardi 22 ao\u00fbt, Le Grand Bain, square du Tilleul \u00e0 Lipsheim,<\/li>\n<li>mercredi 23 ao\u00fbt, The Blues Brothers, rue du Stade \u00e0 Lampertheim,<\/li>\n<li>mardi 29 ao\u00fbt, LOL (laughing out loud) \u00e0 l\u2019Espace Alphonse Daudet \u00e0 Mittelhausbergen.<\/li>\n<\/ul>\n<p>\u00c9v\u00e9nement gratuit, programmation d\u00e9taill\u00e9e <a href=\"https:\/\/cinepleinair.eu\/wp-content\/uploads\/2025\/06\/Depliant-A6_2025_HD.pdf\" target=\"_blank\" rel=\"noreferrer noopener nofollow\">en ligne<\/a>.<\/p>\n<p>Flix, \u00e0 la Scala<\/p>\n<p>Les deux Th\u00e9\u00e2tres actuel et public de Strasbourg (TAPS) lancent leur saison estivale et proposent huit spectacles entre le 17 juillet et le 13 ao\u00fbt. La majorit\u00e9 est accessible d\u00e8s l\u2019\u00e2ge de 7 ans, certains m\u00eame d\u00e8s l\u2019\u00e2ge de 2-3 ans comme L\u2019Amie, un spectacle onirique qui met en sc\u00e8ne l\u2019amiti\u00e9 entre un enfant et une chauve-souris. Parmi les autres spectacles \u00e0 l\u2019affiche\u00a0: Flix, adaptation du roman \u00e9ponyme de Tomi Ungerer. Ce spectacle qui c\u00e9l\u00e8bre la tol\u00e9rance et la diff\u00e9rence est donn\u00e9 le jeudi 31 juillet \u00e0 19h.<\/p>\n<p><img loading=\"lazy\" decoding=\"async\" width=\"792\" height=\"525\" src=\"https:\/\/www.europesays.com\/fr\/wp-content\/uploads\/2025\/07\/image-1257479-20141023-ob-aab171-repas-chatville-web-jpg-792x525.jpg\" alt=\"\" class=\"wp-image-348202\"  \/> \u00ab\u00a0Chat va bien ?\u00a0\u00bb, l\u2019adaptation de Flix au th\u00e9\u00e2tre par la compagnie Les Anges Nus.Photo\u00a0: document remis \/ Mathieu Pelletier<\/p>\n<p>Aller <strong>plus loin<\/strong><\/p>\n<p><strong>Flix<\/strong>, le 31 juillet \u00e0 19h, au TAPS Scala, 96, route du polygone, Strasbourg\u00a0\u2013 Neudorf. Spectacle conseill\u00e9 \u00e0 partir de 7 ans, <a href=\"https:\/\/billets-taps.strasbourg.eu\/0476\/fChoixSeanceWidget.aspx?idstructure=0476&amp;EventId=415&amp;request=QcE+w0WHSuAMmSCnwzrvfhBpISCM0UNfa4gOMwHntDBv475lhmzp7kUSAjKuYam+\" target=\"_blank\" rel=\"noreferrer noopener nofollow\">billetterie en ligne<\/a>.<\/p>\n<p><strong>Saison estivale<\/strong>, du 17 juillet au 13 ao\u00fbt au TAPS Scala (96, route du polygone, Strasbourg\u00a0\u2013 Neudorf) et TAPS Laiterie (10, rue du Howald, Strasbourg\u00a0\u2013 Gare). De 4\u20ac \u00e0 6\u20ac, programmation estivale compl\u00e8te \u00e0 retrouver sur le <a href=\"https:\/\/taps.strasbourg.eu\/spectacles\/\" target=\"_blank\" rel=\"noreferrer noopener nofollow\">site du th\u00e9\u00e2tre<\/a>.<\/p>\n","protected":false},"excerpt":{"rendered":"Sportifs, culturels, en famille ou en autonomie, Strasbourg regorge d\u2019\u00e9v\u00e9nements et d\u2019ateliers pour s\u2019occuper avec des bambins, en&hellip;\n","protected":false},"author":2,"featured_media":228867,"comment_status":"","ping_status":"","sticky":false,"template":"","format":"standard","meta":{"footnotes":""},"categories":[2820],"tags":[1111,11,650,251,36737,1719,2883,1777,674,1011,27,775,12,25,19943,640,1347,2528],"class_list":{"0":"post-228866","1":"post","2":"type-post","3":"status-publish","4":"format-standard","5":"has-post-thumbnail","7":"category-strasbourg","8":"tag-actu","9":"tag-actualites","10":"tag-cinema","11":"tag-culture","12":"tag-docks-dete","13":"tag-enfants","14":"tag-ete","15":"tag-eu","16":"tag-europe","17":"tag-fr","18":"tag-france","19":"tag-grand-est","20":"tag-news","21":"tag-republique-francaise","22":"tag-spectacles-agenda","23":"tag-strasbourg","24":"tag-theatre","25":"tag-vacances"},"share_on_mastodon":{"url":"https:\/\/pubeurope.com\/@fr\/114802372605749741","error":""},"_links":{"self":[{"href":"https:\/\/www.europesays.com\/fr\/wp-json\/wp\/v2\/posts\/228866","targetHints":{"allow":["GET"]}}],"collection":[{"href":"https:\/\/www.europesays.com\/fr\/wp-json\/wp\/v2\/posts"}],"about":[{"href":"https:\/\/www.europesays.com\/fr\/wp-json\/wp\/v2\/types\/post"}],"author":[{"embeddable":true,"href":"https:\/\/www.europesays.com\/fr\/wp-json\/wp\/v2\/users\/2"}],"replies":[{"embeddable":true,"href":"https:\/\/www.europesays.com\/fr\/wp-json\/wp\/v2\/comments?post=228866"}],"version-history":[{"count":0,"href":"https:\/\/www.europesays.com\/fr\/wp-json\/wp\/v2\/posts\/228866\/revisions"}],"wp:featuredmedia":[{"embeddable":true,"href":"https:\/\/www.europesays.com\/fr\/wp-json\/wp\/v2\/media\/228867"}],"wp:attachment":[{"href":"https:\/\/www.europesays.com\/fr\/wp-json\/wp\/v2\/media?parent=228866"}],"wp:term":[{"taxonomy":"category","embeddable":true,"href":"https:\/\/www.europesays.com\/fr\/wp-json\/wp\/v2\/categories?post=228866"},{"taxonomy":"post_tag","embeddable":true,"href":"https:\/\/www.europesays.com\/fr\/wp-json\/wp\/v2\/tags?post=228866"}],"curies":[{"name":"wp","href":"https:\/\/api.w.org\/{rel}","templated":true}]}}