{"id":228889,"date":"2025-07-05T20:04:10","date_gmt":"2025-07-05T20:04:10","guid":{"rendered":"https:\/\/www.europesays.com\/fr\/228889\/"},"modified":"2025-07-05T20:04:10","modified_gmt":"2025-07-05T20:04:10","slug":"face-aux-idees-dextreme-droite-les-lgbtqia-prennent-marseille","status":"publish","type":"post","link":"https:\/\/www.europesays.com\/fr\/228889\/","title":{"rendered":"face aux id\u00e9es d&rsquo;extr\u00eame droite, les LGBTQIA+ \u00ab\u00a0prennent\u00a0\u00bb Marseille"},"content":{"rendered":"<p>\u00ab\u00a0Le danger reste loin tant que la f\u00eate bat son plein.\u00a0\u00bb \u00ab\u00a0Je suis n\u00e9 ainsi.\u00a0\u00bb Ou encore, \u00ab\u00a0Pour moi, c\u2019est un pr\u00e9nom qui change, pour lui c\u2019est sa vie\u00a0\u00bb. Les pancartes sont hiss\u00e9es haut, ce samedi 5\u00a0juillet, dans un contexte particuli\u00e8rement sombre pour les minorit\u00e9s de genre au niveau mondial.<\/p>\n<p>\u00c0 Marseille, <a href=\"https:\/\/www.laprovence.com\/article\/region\/1216837020707414\/marche-des-fiertes-il-faut-briser-la-vague-de-conservatisme-qui-menace-les-lgbt\" target=\"_blank\" rel=\"noopener\">c\u2019est la r\u00e9sistance \u00e0 \u00ab\u00a0la vague\u00a0\u00bb incarn\u00e9e par les id\u00e9es haineuses de l\u2019extr\u00eame droite qui a donn\u00e9 le ton<\/a> de la 32e Marche des fiert\u00e9s, entre le palais Longchamp et le Vieux-Port, organis\u00e9e entre 16 h et le d\u00e9but de soir\u00e9e. Car si en France, trois salari\u00e9s LGBTQIA +\u00a0(lesbiennes, gays, bi, trans) sur 10 ont \u00e9t\u00e9 <a href=\"https:\/\/www.laprovence.com\/article\/faits-divers-justice\/331401302325615\/agression-homophobe-du-tiktokeur-ewan-ange-deux-suspects-interpelles-a-marseille-juges-prochainement\" target=\"_blank\" rel=\"noopener\">agress\u00e9s<\/a> au travail en\u00a02025 d\u2019apr\u00e8s SOS Homophobie, la Marche des fiert\u00e9s a fait bloc pour servir d\u2019\u00e9lectrochoc.<\/p>\n<p>Une communaut\u00e9 qui s\u2019est diversifi\u00e9e depuis les ann\u00e9es\u00a01960<\/p>\n<p>Trans, drags haut perch\u00e9es sur leurs talons, couples homosexuels bras dessus bras dessous, des familles avec deux papas, deux mamans\u2026 c\u2019est \u00e7a la Pride 2025 \u00e0 <a href=\"https:\/\/www.laprovence.com\/bouches-du-rhone\/marseille-13055\" target=\"_blank\" rel=\"noopener\">Marseille<\/a>. \u00ab\u00a0On a beau venir de situations ou traverser des difficult\u00e9s diff\u00e9rentes, on est bien plus forts quand on est unis et solidaires, comme dans tout combat politique\u00a0\u00bb, postulent C\u00e9dric et \u00c9ric, un couple qui habite Longchamp (4e), avant le coup d\u2019envoi de la Marche.<\/p>\n","protected":false},"excerpt":{"rendered":"\u00ab\u00a0Le danger reste loin tant que la f\u00eate bat son plein.\u00a0\u00bb \u00ab\u00a0Je suis n\u00e9 ainsi.\u00a0\u00bb Ou encore, \u00ab\u00a0Pour&hellip;\n","protected":false},"author":2,"featured_media":228890,"comment_status":"","ping_status":"","sticky":false,"template":"","format":"standard","meta":{"footnotes":""},"categories":[2814],"tags":[17,1111,11,1007,36739,154,1777,674,2823,11136,1011,27,3246,2089,884,12,882,16,25],"class_list":{"0":"post-228889","1":"post","2":"type-post","3":"status-publish","4":"format-standard","5":"has-post-thumbnail","7":"category-marseille","8":"tag-17","9":"tag-actu","10":"tag-actualites","11":"tag-aux","12":"tag-dextreme","13":"tag-des","14":"tag-eu","15":"tag-europe","16":"tag-face","17":"tag-fiertes","18":"tag-fr","19":"tag-france","20":"tag-idees","21":"tag-marche","22":"tag-marseille","23":"tag-news","24":"tag-provence-alpes-cote-dazur","25":"tag-region","26":"tag-republique-francaise"},"share_on_mastodon":{"url":"https:\/\/pubeurope.com\/@fr\/114802423491820873","error":""},"_links":{"self":[{"href":"https:\/\/www.europesays.com\/fr\/wp-json\/wp\/v2\/posts\/228889","targetHints":{"allow":["GET"]}}],"collection":[{"href":"https:\/\/www.europesays.com\/fr\/wp-json\/wp\/v2\/posts"}],"about":[{"href":"https:\/\/www.europesays.com\/fr\/wp-json\/wp\/v2\/types\/post"}],"author":[{"embeddable":true,"href":"https:\/\/www.europesays.com\/fr\/wp-json\/wp\/v2\/users\/2"}],"replies":[{"embeddable":true,"href":"https:\/\/www.europesays.com\/fr\/wp-json\/wp\/v2\/comments?post=228889"}],"version-history":[{"count":0,"href":"https:\/\/www.europesays.com\/fr\/wp-json\/wp\/v2\/posts\/228889\/revisions"}],"wp:featuredmedia":[{"embeddable":true,"href":"https:\/\/www.europesays.com\/fr\/wp-json\/wp\/v2\/media\/228890"}],"wp:attachment":[{"href":"https:\/\/www.europesays.com\/fr\/wp-json\/wp\/v2\/media?parent=228889"}],"wp:term":[{"taxonomy":"category","embeddable":true,"href":"https:\/\/www.europesays.com\/fr\/wp-json\/wp\/v2\/categories?post=228889"},{"taxonomy":"post_tag","embeddable":true,"href":"https:\/\/www.europesays.com\/fr\/wp-json\/wp\/v2\/tags?post=228889"}],"curies":[{"name":"wp","href":"https:\/\/api.w.org\/{rel}","templated":true}]}}