{"id":228891,"date":"2025-07-05T20:05:15","date_gmt":"2025-07-05T20:05:15","guid":{"rendered":"https:\/\/www.europesays.com\/fr\/228891\/"},"modified":"2025-07-05T20:05:15","modified_gmt":"2025-07-05T20:05:15","slug":"jean-michel-aulas-reproche-a-gregory-doucet-de-decevoir-beaucoup-les-lyonnais","status":"publish","type":"post","link":"https:\/\/www.europesays.com\/fr\/228891\/","title":{"rendered":"Jean-Michel Aulas reproche \u00e0 Gr\u00e9gory Doucet de \u00ab\u00a0d\u00e9cevoir beaucoup\u00a0\u00bb les Lyonnais"},"content":{"rendered":"<p itemprop=\"description\"><strong>La campagne est lanc\u00e9e.<\/strong><\/p>\n<p>En acceptant enfin de r\u00e9pondre directement aux critiques formul\u00e9es par <a href=\"https:\/\/www.lyonmag.com\/profil-personnalite-lyonnaise\/8\/jean-michel-aulas\" target=\"_blank\" rel=\"noopener\">Jean-Michel Aulas<\/a>, <a href=\"https:\/\/www.lyonmag.com\/profil-personnalite-lyonnaise\/504\/gregory-doucet\" target=\"_blank\" rel=\"noopener\">Gr\u00e9gory Doucet<\/a> a initi\u00e9 le dialogue par m\u00e9dias ou r\u00e9seaux interpos\u00e9s.<\/p>\n<p>Et apr\u00e8s avoir d\u00e9nonc\u00e9 les \u00ab\u00a0mensonges\u00a0\u00bb de l&rsquo;ancien pr\u00e9sident de l&rsquo;OL qui visera la mairie centrale de Lyon en 2026, le maire \u00e9cologiste a eu droit \u00e0 son tour \u00e0 une salve de reproches de la part de son adversaire.<\/p>\n<p>\u00ab\u00a0Soyez plus bienveillant et plus juste monsieur le maire, lui conseille ainsi Jean-Michel Aulas sur X (ex-Twitter). Car peut \u00eatre sans le vouloir vous nous d\u00e9cevez beaucoup, et ce qui est fait \u00e0 Lyon est \u00e0 l\u2019oppos\u00e9 du bien-\u00eatre que souhaitent les Lyonnais\u00a0\u00bb.<\/p>\n<p>A quand des propositions dans cette campagne ? Surpris par les d\u00e9boires de l&rsquo;OL r\u00e9trograd\u00e9 en Ligue 2, Jean-Michel Aulas a finalement d\u00e9cal\u00e9 l&rsquo;officialisation de sa candidature \u00e0 fin ao\u00fbt\/d\u00e9but septembre.<\/p>\n","protected":false},"excerpt":{"rendered":"La campagne est lanc\u00e9e. En acceptant enfin de r\u00e9pondre directement aux critiques formul\u00e9es par Jean-Michel Aulas, Gr\u00e9gory Doucet&hellip;\n","protected":false},"author":2,"featured_media":228892,"comment_status":"","ping_status":"","sticky":false,"template":"","format":"standard","meta":{"footnotes":""},"categories":[1889],"tags":[1111,11,2813,2190,2430,1109,251,1112,2811,1777,674,118,1011,27,1922,1110,1114,2428,2810,12,241,316,25,2812,517,800],"class_list":{"0":"post-228891","1":"post","2":"type-post","3":"status-publish","4":"format-standard","5":"has-post-thumbnail","7":"category-lyon","8":"tag-actu","9":"tag-actualites","10":"tag-article","11":"tag-asvel","12":"tag-auvergne-rhone-alpes","13":"tag-breves","14":"tag-culture","15":"tag-depeches","16":"tag-economique","17":"tag-eu","18":"tag-europe","19":"tag-faits-divers","20":"tag-fr","21":"tag-france","22":"tag-info","23":"tag-informations","24":"tag-infos","25":"tag-lyon","26":"tag-lyonmag","27":"tag-news","28":"tag-ol","29":"tag-politique","30":"tag-republique-francaise","31":"tag-sociale","32":"tag-sport","33":"tag-transports"},"share_on_mastodon":{"url":"https:\/\/pubeurope.com\/@fr\/114802427374293020","error":""},"_links":{"self":[{"href":"https:\/\/www.europesays.com\/fr\/wp-json\/wp\/v2\/posts\/228891","targetHints":{"allow":["GET"]}}],"collection":[{"href":"https:\/\/www.europesays.com\/fr\/wp-json\/wp\/v2\/posts"}],"about":[{"href":"https:\/\/www.europesays.com\/fr\/wp-json\/wp\/v2\/types\/post"}],"author":[{"embeddable":true,"href":"https:\/\/www.europesays.com\/fr\/wp-json\/wp\/v2\/users\/2"}],"replies":[{"embeddable":true,"href":"https:\/\/www.europesays.com\/fr\/wp-json\/wp\/v2\/comments?post=228891"}],"version-history":[{"count":0,"href":"https:\/\/www.europesays.com\/fr\/wp-json\/wp\/v2\/posts\/228891\/revisions"}],"wp:featuredmedia":[{"embeddable":true,"href":"https:\/\/www.europesays.com\/fr\/wp-json\/wp\/v2\/media\/228892"}],"wp:attachment":[{"href":"https:\/\/www.europesays.com\/fr\/wp-json\/wp\/v2\/media?parent=228891"}],"wp:term":[{"taxonomy":"category","embeddable":true,"href":"https:\/\/www.europesays.com\/fr\/wp-json\/wp\/v2\/categories?post=228891"},{"taxonomy":"post_tag","embeddable":true,"href":"https:\/\/www.europesays.com\/fr\/wp-json\/wp\/v2\/tags?post=228891"}],"curies":[{"name":"wp","href":"https:\/\/api.w.org\/{rel}","templated":true}]}}