{"id":228893,"date":"2025-07-05T20:06:11","date_gmt":"2025-07-05T20:06:11","guid":{"rendered":"https:\/\/www.europesays.com\/fr\/228893\/"},"modified":"2025-07-05T20:06:11","modified_gmt":"2025-07-05T20:06:11","slug":"metropole-de-lyon-ils-manifestent-contre-la-vente-de-poissons-vivants-devant-le-decathlon-de-bron-ce-samedi","status":"publish","type":"post","link":"https:\/\/www.europesays.com\/fr\/228893\/","title":{"rendered":"M\u00e9tropole de Lyon. Ils manifestent contre la vente de poissons vivants devant le Decathlon de Bron ce samedi"},"content":{"rendered":"<p>Pancartes \u00e0 l\u2019appui, ils ont d\u00e9nonc\u00e9 la vente de poissons vivants destin\u00e9e \u00e0 la p\u00eache au vif, consid\u00e9r\u00e9e comme une pratique immorale. Pour Audrey Dubois, \u00ab cela cr\u00e9e une souffrance inutile aux animaux\u00a0\u00bb.<\/p>\n<p>\u00ab La p\u00eache au vif est une technique de p\u00eache barbare, nous demandons \u00e0 Decathlon de cesser de l\u2019alimenter en vendant des poissons vivants, reprend-elle. Nous ne pouvons pas rester les bras crois\u00e9s alors que des \u00eatres sensibles sont soumis \u00e0 une d\u00e9tresse continuelle. Le magasin D\u00e9cathlon de Bron, malgr\u00e9 ses promesses, continue de les proposer \u00e0 la vente en ligne. On aimerait que cela cesse dans les plus brefs d\u00e9lais\u00a0\u00bb.<\/p>\n<p>  \u00ab Inciter \u00e0 un dialogue sur la protection animale \u00bb<\/p>\n<p>Si cette manifestation n\u2019a pas sembl\u00e9 susciter de r\u00e9actions particuli\u00e8res chez les clients, elle soul\u00e8ve n\u00e9anmoins des questions importantes \u00ab sur l\u2019avenir de la p\u00eache au vif et sur la n\u00e9cessit\u00e9 d\u2019\u00e9voluer vers des pratiques plus respectueuses de l\u2019environnement et des animaux\u00a0\u00bb, selon Yohan, p\u00eacheur averti.<\/p>\n","protected":false},"excerpt":{"rendered":"Pancartes \u00e0 l\u2019appui, ils ont d\u00e9nonc\u00e9 la vente de poissons vivants destin\u00e9e \u00e0 la p\u00eache au vif, consid\u00e9r\u00e9e&hellip;\n","protected":false},"author":2,"featured_media":228894,"comment_status":"","ping_status":"","sticky":false,"template":"","format":"standard","meta":{"footnotes":""},"categories":[1889],"tags":[1111,11,1867,2430,9492,12890,3152,1777,674,1011,27,2428,12,25,104],"class_list":{"0":"post-228893","1":"post","2":"type-post","3":"status-publish","4":"format-standard","5":"has-post-thumbnail","7":"category-lyon","8":"tag-actu","9":"tag-actualites","10":"tag-animaux","11":"tag-auvergne-rhone-alpes","12":"tag-bron","13":"tag-bron-ville","14":"tag-edition-est-lyonnais","15":"tag-eu","16":"tag-europe","17":"tag-fr","18":"tag-france","19":"tag-lyon","20":"tag-news","21":"tag-republique-francaise","22":"tag-societe"},"share_on_mastodon":{"url":"https:\/\/pubeurope.com\/@fr\/114802431332270198","error":""},"_links":{"self":[{"href":"https:\/\/www.europesays.com\/fr\/wp-json\/wp\/v2\/posts\/228893","targetHints":{"allow":["GET"]}}],"collection":[{"href":"https:\/\/www.europesays.com\/fr\/wp-json\/wp\/v2\/posts"}],"about":[{"href":"https:\/\/www.europesays.com\/fr\/wp-json\/wp\/v2\/types\/post"}],"author":[{"embeddable":true,"href":"https:\/\/www.europesays.com\/fr\/wp-json\/wp\/v2\/users\/2"}],"replies":[{"embeddable":true,"href":"https:\/\/www.europesays.com\/fr\/wp-json\/wp\/v2\/comments?post=228893"}],"version-history":[{"count":0,"href":"https:\/\/www.europesays.com\/fr\/wp-json\/wp\/v2\/posts\/228893\/revisions"}],"wp:featuredmedia":[{"embeddable":true,"href":"https:\/\/www.europesays.com\/fr\/wp-json\/wp\/v2\/media\/228894"}],"wp:attachment":[{"href":"https:\/\/www.europesays.com\/fr\/wp-json\/wp\/v2\/media?parent=228893"}],"wp:term":[{"taxonomy":"category","embeddable":true,"href":"https:\/\/www.europesays.com\/fr\/wp-json\/wp\/v2\/categories?post=228893"},{"taxonomy":"post_tag","embeddable":true,"href":"https:\/\/www.europesays.com\/fr\/wp-json\/wp\/v2\/tags?post=228893"}],"curies":[{"name":"wp","href":"https:\/\/api.w.org\/{rel}","templated":true}]}}