{"id":228897,"date":"2025-07-05T20:08:30","date_gmt":"2025-07-05T20:08:30","guid":{"rendered":"https:\/\/www.europesays.com\/fr\/228897\/"},"modified":"2025-07-05T20:08:30","modified_gmt":"2025-07-05T20:08:30","slug":"canicule-lile-de-france-en-alerte-rouge-pic-de-chaleur-ce-mardi","status":"publish","type":"post","link":"https:\/\/www.europesays.com\/fr\/228897\/","title":{"rendered":"Canicule : l&rsquo;\u00cele-de-France en alerte rouge, pic de chaleur ce mardi"},"content":{"rendered":"<p><img loading=\"lazy\" decoding=\"async\" alt=\"\u00a9 Shutterstock - M\u00e9t\u00e9o-France place 16 d\u00e9partements en alerte rouge, dont l\u2019\u00cele-de-France. Mardi marquera le pic d\u2019un \u00e9pisode caniculaire d\u2019une intensit\u00e9 exceptionnelle.\" data-zoom-src=\"https:\/\/www.europesays.com\/fr\/wp-content\/uploads\/2025\/07\/initial-thermometre-paris-canicule.jpg\" data-zoomable=\"\" height=\"702\" src=\"https:\/\/www.europesays.com\/fr\/wp-content\/uploads\/2025\/07\/initial-thermometre-paris-canicule.jpg\" width=\"1248\"\/>  <\/p>\n<p class=\"article-desc\">\u00a9 Shutterstock &#8211; M\u00e9t\u00e9o-France place 16 d\u00e9partements en alerte rouge, dont l\u2019\u00cele-de-France. Mardi marquera le pic d\u2019un \u00e9pisode caniculaire d\u2019une intensit\u00e9 exceptionnelle. <\/p>\n<p>M\u00e9t\u00e9o-France a plac\u00e9 en vigilance rouge seize d\u00e9partements, dont l\u2019ensemble de l\u2019<strong>\u00cele-de-France<\/strong>, signalant une intensit\u00e9 et une dur\u00e9e de chaleur particuli\u00e8rement pr\u00e9occupantes. Aux c\u00f4t\u00e9s de la <strong>r\u00e9gion capitale<\/strong>, sont \u00e9galement concern\u00e9s : <strong>l\u2019Aube, l\u2019Yonne, le Loiret, le Cher, le Loir-et-Cher, l\u2019Indre, l\u2019Indre-et-Loire<\/strong> et<strong> la Vienne<\/strong>. Soixante-huit autres d\u00e9partements restent plac\u00e9s en vigilance orange. <\/p>\n<p>Cette<a href=\"https:\/\/mesinfos.fr\/ile-de-france\/canicule-en-ile-de-france-la-circulation-automobile-restreinte-des-ce-lundi-225509.html\" rel=\"noopener nofollow\" target=\"_blank\"> extension du niveau d\u2019alerte<\/a>, la plus \u00e9lev\u00e9e du syst\u00e8me de <strong>vigilance m\u00e9t\u00e9orologique<\/strong>, traduit la s\u00e9v\u00e9rit\u00e9 d\u2019un <strong>\u00e9pisode caniculaire<\/strong> qui allie <strong>temp\u00e9ratures extr\u00eames<\/strong>, <strong>chaleur nocturne <\/strong>persistante et large emprise g\u00e9ographique. Selon <strong>M\u00e9t\u00e9o-France<\/strong>, \u00ab\u00a0la dur\u00e9e, l\u2019extension g\u00e9ographique et l\u2019intensit\u00e9 de l\u2019\u00e9pisode n\u00e9cessitent une vigilance particuli\u00e8re\u00a0\u00bb. Le<strong> pic de chaleur <\/strong>est attendu pour mardi apr\u00e8s-midi, avec une nuit de mardi \u00e0 mercredi \u00e9galement class\u00e9e \u00e0 haut risque, en raison de temp\u00e9ratures nocturnes restant exceptionnellement \u00e9lev\u00e9es.<\/p>\n<p> <strong>Des temp\u00e9ratures minimales et maximales inqui\u00e9tantes<\/strong> <\/p>\n<p>Les observations relev\u00e9es ce lundi matin t\u00e9moignent d\u00e9j\u00e0 d\u2019une situation inhabituelle. \u00c0 5h du matin, les temp\u00e9ratures affichaient encore entre 20 et 24 \u00b0C sur une grande partie du pays. Le<strong> pourtour m\u00e9diterran\u00e9en<\/strong> enregistrait m\u00eame des valeurs comprises entre 22 et 27 \u00b0C. En journ\u00e9e, la chaleur est mont\u00e9e en fl\u00e8che, avec 35 \u00e0 38 \u00b0C mesur\u00e9s sur la moiti\u00e9 sud, atteignant localement 40 \u00b0C dans l\u2019Aude.<\/p>\n<p>Pour mardi, les temp\u00e9ratures minimales resteront tr\u00e8s \u00e9lev\u00e9es, entre 20 et 24 \u00b0C, voire davantage localement. Les maximales atteindront des sommets : entre 36 et 40 \u00b0C sur la plupart des d\u00e9partements plac\u00e9s en <strong>vigilance rouge,<\/strong> avec des pointes possibles \u00e0 41 \u00b0C. Les zones les plus concern\u00e9es se situent dans le <strong>bassin parisien <\/strong>et <strong>le centre de la France<\/strong>. Seuls les d\u00e9partements du nord-ouest, proches de <strong>la Manche <\/strong>et des fronti\u00e8res belges, devraient conserver des temp\u00e9ratures inf\u00e9rieures \u00e0 34 \u00b0C. <\/p>\n<blockquote class=\"twitter-tweet\" data-uniformized=\"true\">\n<p dir=\"ltr\" lang=\"fr\">Pour lundi 30 juin 2025 :<br \/>\ud83d\udfe0 84 d\u00e9partements en Vigilance orange<\/p>\n<p>Pour mardi 01 juillet 2025 :<br \/>\ud83d\udd34 16 d\u00e9partements en Vigilance rouge<br \/>\ud83d\udfe0 68 d\u00e9partements en Vigilance orange<\/p>\n<p>Restez prudents et inform\u00e9s :<a href=\"https:\/\/t.co\/JGz4rTUvHP\" rel=\"nofollow\">https:\/\/t.co\/JGz4rTUvHP<\/a> <a href=\"https:\/\/t.co\/UFkT9uZH5a\" rel=\"nofollow\">pic.twitter.com\/UFkT9uZH5a<\/a><\/p>\n<p> \u2014 VigiM\u00e9t\u00e9oFrance (@VigiMeteoFrance) <a href=\"https:\/\/twitter.com\/VigiMeteoFrance\/status\/1939686573173334221?ref_src=twsrc%5Etfw\" rel=\"nofollow noopener\" target=\"_blank\">June 30, 2025<\/a><\/p><\/blockquote>\n<p> <script async src=\"https:\/\/platform.twitter.com\/widgets.js\" charset=\"utf-8\"><\/script><\/p>\n","protected":false},"excerpt":{"rendered":"\u00a9 Shutterstock &#8211; M\u00e9t\u00e9o-France place 16 d\u00e9partements en alerte rouge, dont l\u2019\u00cele-de-France. Mardi marquera le pic d\u2019un \u00e9pisode&hellip;\n","protected":false},"author":2,"featured_media":228898,"comment_status":"","ping_status":"","sticky":false,"template":"","format":"standard","meta":{"footnotes":""},"categories":[1592],"tags":[1111,11,35492,6698,1777,674,1011,27,662,12,626,25],"class_list":{"0":"post-228897","1":"post","2":"type-post","3":"status-publish","4":"format-standard","5":"has-post-thumbnail","7":"category-ile-de-france","8":"tag-actu","9":"tag-actualites","10":"tag-alerte-canicule","11":"tag-canicule","12":"tag-eu","13":"tag-europe","14":"tag-fr","15":"tag-france","16":"tag-ile-de-france","17":"tag-news","18":"tag-paris","19":"tag-republique-francaise"},"share_on_mastodon":{"url":"https:\/\/pubeurope.com\/@fr\/114802439289159257","error":""},"_links":{"self":[{"href":"https:\/\/www.europesays.com\/fr\/wp-json\/wp\/v2\/posts\/228897","targetHints":{"allow":["GET"]}}],"collection":[{"href":"https:\/\/www.europesays.com\/fr\/wp-json\/wp\/v2\/posts"}],"about":[{"href":"https:\/\/www.europesays.com\/fr\/wp-json\/wp\/v2\/types\/post"}],"author":[{"embeddable":true,"href":"https:\/\/www.europesays.com\/fr\/wp-json\/wp\/v2\/users\/2"}],"replies":[{"embeddable":true,"href":"https:\/\/www.europesays.com\/fr\/wp-json\/wp\/v2\/comments?post=228897"}],"version-history":[{"count":0,"href":"https:\/\/www.europesays.com\/fr\/wp-json\/wp\/v2\/posts\/228897\/revisions"}],"wp:featuredmedia":[{"embeddable":true,"href":"https:\/\/www.europesays.com\/fr\/wp-json\/wp\/v2\/media\/228898"}],"wp:attachment":[{"href":"https:\/\/www.europesays.com\/fr\/wp-json\/wp\/v2\/media?parent=228897"}],"wp:term":[{"taxonomy":"category","embeddable":true,"href":"https:\/\/www.europesays.com\/fr\/wp-json\/wp\/v2\/categories?post=228897"},{"taxonomy":"post_tag","embeddable":true,"href":"https:\/\/www.europesays.com\/fr\/wp-json\/wp\/v2\/tags?post=228897"}],"curies":[{"name":"wp","href":"https:\/\/api.w.org\/{rel}","templated":true}]}}