{"id":228899,"date":"2025-07-05T20:09:10","date_gmt":"2025-07-05T20:09:10","guid":{"rendered":"https:\/\/www.europesays.com\/fr\/228899\/"},"modified":"2025-07-05T20:09:10","modified_gmt":"2025-07-05T20:09:10","slug":"lex-president-ali-bongo-et-sa-famille-lancent-une-contre-offensive-judiciaire-a-paris","status":"publish","type":"post","link":"https:\/\/www.europesays.com\/fr\/228899\/","title":{"rendered":"l\u2019ex-pr\u00e9sident Ali Bongo et sa famille lancent une contre-offensive judiciaire \u00e0 Paris"},"content":{"rendered":"<p class=\"mb-4 text-lg md:leading-8 break-words\">Depuis leur d\u00e9part discret du Gabon en mai, <a class=\"link \" href=\"https:\/\/www.lepoint.fr\/afrique\/gabon-laurence-ndong-il-faut-rompre-avec-le-cycle-des-elections-truquees-06-11-2018-2268935_3826.php\" rel=\"nofollow noopener\" target=\"_blank\" data-ylk=\"slk:les Bongo ont ouvert un nouveau front judiciaire en France;elm:context_link;itc:0;sec:content-canvas\">les Bongo ont ouvert un nouveau front judiciaire en France<\/a> contre les autorit\u00e9s gabonaises. S\u00e9questration, torture, spoliation\u00a0: la famille de l&rsquo;ex-pr\u00e9sident Ali Bongo tente d&rsquo;internationaliser un conflit d&rsquo;h\u00e9ritage politique et patrimonial. \u00c0 Libreville, le pouvoir assure pr\u00e9parer un proc\u00e8s national, \u00ab\u00a0juste et \u00e9quitable\u00a0\u00bb.<\/p>\n<p class=\"mb-4 text-lg md:leading-8 break-words\">Un r\u00e8glement plus feutr\u00e9 avait pourtant \u00e9t\u00e9 envisag\u00e9. \u00c0 la fin de l&rsquo;ann\u00e9e 2023, des discussions auraient \u00e9t\u00e9 engag\u00e9es en coulisses\u00a0: la famille Bongo quitterait le pays en \u00e9change d&rsquo;une restitution partielle des avoirs acquis sous leur r\u00e8gne. Mais selon plusieurs sources, l&rsquo;accord aurait achopp\u00e9 sur la question des garanties judiciaires. Le 15\u00a0mai 2025, <a class=\"link \" href=\"https:\/\/www.lepoint.fr\/afrique\/gabon-la-chute-de-sylvia-bongo-inculpee-de-blanchiment-de-capitaux-29-09-2023-2537446_3826.php\" rel=\"nofollow noopener\" target=\"_blank\" data-ylk=\"slk:Sylvia;elm:context_link;itc:0;sec:content-canvas\">Sylvia<\/a>, Ali et leur fils Noureddin Bongo quittent Libreville pour Luanda, avant de rejoindre Londres.<\/p>\n<p class=\"mb-4 text-lg md:leading-8 break-words\">C\u2019est d\u00e9sormais \u00e0 Paris que se joue la suite. Les 30\u00a0juin et 1er\u00a0juillet, tous trois ont \u00e9t\u00e9 entendus par deux juges d\u2019instruction du tribunal judiciaire de Paris en tant que parties civiles. Leur plainte, d\u00e9pos\u00e9e par les cabinets Zimeray\u00a0&amp;\u00a0Finelle et Doughty Street Chambers, vise les nouvelles autorit\u00e9s gabonaises pour \u00ab\u00a0enl\u00e8vement\u00a0\u00bb, \u00ab\u00a0s\u00e9questration en bande organis\u00e9e\u00a0\u00bb, \u00ab\u00a0actes de torture\u00a0\u00bb et \u00ab\u00a0barbarie\u00a0\u00bb.<\/p>\n<p class=\"mb-4 text-lg md:leading-8 break-words\">\u00c0 LIRE AUSSI <strong class=\"strong\"><a href=\"https:\/\/www.lepoint.fr\/afrique\/gabon-ce-que-l-on-sait-de-l-exil-negocie-d-ali-bongo-et-de-sa-famille-en-angola-16-05-2025-2589730_3826.php\" rel=\"nofollow noopener\" target=\"_blank\" data-ylk=\"slk:Gabon\u00a0: ce que l&#039;on sait de l&#039;exil n\u00e9goci\u00e9 d&#039;Ali Bongo et de sa famille en Angola;elm:context_link;itc:0;sec:content-canvas\" class=\"link \">Gabon\u00a0: ce que l&rsquo;on sait de l&rsquo;exil n\u00e9goci\u00e9 d&rsquo;Ali Bongo et de sa famille en Angola<\/a><\/strong><\/p>\n<p>Offensive judiciaire et bataille d&rsquo;image<\/p>\n<p class=\"mb-4 text-lg md:leading-8 break-words\">Derri\u00e8re cette d\u00e9marche, une strat\u00e9gie\u00a0: d\u00e9placer la bataille judiciaire hors du Gabon. Ali Bongo, encore [&#8230;] <a href=\"https:\/\/www.lepoint.fr\/afrique\/gabon-l-ex-president-ali-bongo-et-sa-famille-lancent-une-contre-offensive-judiciaire-a-paris-05-07-2025-2593744_3826.php\" rel=\"nofollow noopener\" target=\"_blank\" data-ylk=\"slk:Lire la suite;elm:context_link;itc:0;sec:content-canvas\" class=\"link \">Lire la suite<\/a><\/p>\n","protected":false},"excerpt":{"rendered":"Depuis leur d\u00e9part discret du Gabon en mai, les Bongo ont ouvert un nouveau front judiciaire en France&hellip;\n","protected":false},"author":2,"featured_media":228900,"comment_status":"","ping_status":"","sticky":false,"template":"","format":"standard","meta":{"footnotes":""},"categories":[1888],"tags":[1111,1928,11,1927,36740,1777,674,36741,1011,27,1772,22272,12,1926,626,1925,25],"class_list":{"0":"post-228899","1":"post","2":"type-post","3":"status-publish","4":"format-standard","5":"has-post-thumbnail","7":"category-paris","8":"tag-actu","9":"tag-actu-paris","10":"tag-actualites","11":"tag-actualites-paris","12":"tag-ali-bongo","13":"tag-eu","14":"tag-europe","15":"tag-famille-bongo","16":"tag-fr","17":"tag-france","18":"tag-gabon","19":"tag-juges-dinstruction","20":"tag-news","21":"tag-news-paris","22":"tag-paris","23":"tag-paris-news","24":"tag-republique-francaise"},"share_on_mastodon":{"url":"https:\/\/pubeurope.com\/@fr\/114802443179060922","error":""},"_links":{"self":[{"href":"https:\/\/www.europesays.com\/fr\/wp-json\/wp\/v2\/posts\/228899","targetHints":{"allow":["GET"]}}],"collection":[{"href":"https:\/\/www.europesays.com\/fr\/wp-json\/wp\/v2\/posts"}],"about":[{"href":"https:\/\/www.europesays.com\/fr\/wp-json\/wp\/v2\/types\/post"}],"author":[{"embeddable":true,"href":"https:\/\/www.europesays.com\/fr\/wp-json\/wp\/v2\/users\/2"}],"replies":[{"embeddable":true,"href":"https:\/\/www.europesays.com\/fr\/wp-json\/wp\/v2\/comments?post=228899"}],"version-history":[{"count":0,"href":"https:\/\/www.europesays.com\/fr\/wp-json\/wp\/v2\/posts\/228899\/revisions"}],"wp:featuredmedia":[{"embeddable":true,"href":"https:\/\/www.europesays.com\/fr\/wp-json\/wp\/v2\/media\/228900"}],"wp:attachment":[{"href":"https:\/\/www.europesays.com\/fr\/wp-json\/wp\/v2\/media?parent=228899"}],"wp:term":[{"taxonomy":"category","embeddable":true,"href":"https:\/\/www.europesays.com\/fr\/wp-json\/wp\/v2\/categories?post=228899"},{"taxonomy":"post_tag","embeddable":true,"href":"https:\/\/www.europesays.com\/fr\/wp-json\/wp\/v2\/tags?post=228899"}],"curies":[{"name":"wp","href":"https:\/\/api.w.org\/{rel}","templated":true}]}}