{"id":22890,"date":"2025-04-13T19:14:12","date_gmt":"2025-04-13T19:14:12","guid":{"rendered":"https:\/\/www.europesays.com\/fr\/22890\/"},"modified":"2025-04-13T19:14:12","modified_gmt":"2025-04-13T19:14:12","slug":"balade-dans-les-galeries-dart-marseillaises","status":"publish","type":"post","link":"https:\/\/www.europesays.com\/fr\/22890\/","title":{"rendered":"balade dans les galeries d&rsquo;art marseillaises"},"content":{"rendered":"<p>Pour ces vacances de printemps, La Provence vous propose des id\u00e9es de sorties. Ici, nos conseils de galeries d&rsquo;art \u00e0 d\u00e9couvrir dans les diff\u00e9rents quartiers de <a href=\"https:\/\/www.laprovence.com\/ville\/marseille\" target=\"_blank\" rel=\"noopener\">Marseille<\/a>.<\/p>\n<p>Herv\u00e9 di Rosa \u00e0 la Galerie Alexis Pentcheff<\/p>\n<p>L\u2019artiste originaire de S\u00e8te est \u00e0 l\u2019honneur <a href=\"https:\/\/www.laprovence.com\/article\/culture-loisirs\/96068376393463\/herve-di-rosa-donne-un-joyeux-air-de-famille-au-mucem\" target=\"_blank\" rel=\"noopener\">actuellement au Mucem avec son exposition Un air de famille.<\/a> Mais d\u2019autres \u0153uvres d\u2019Herv\u00e9 di Rosa sont d\u00e9sormais visibles au Pavillon de la Reine Jeanne, \u00e0 la galerie Pentcheff, \u00e0 Malmousque (7e). Ici, on retrouve des tableaux repr\u00e9sentant la foule marseillaise bigarr\u00e9e et color\u00e9e. Elle semble regarder la mer, en direction du Mucem, comme pour dialoguer avec celle expos\u00e9e l\u00e0-bas, ou \u00ab\u00a0mater\u00a0\u00bb la vraie foule qui lui ressemble, en face, sur les rochers.<\/p>\n<p>Autre clin d\u2019\u0153il et \u00e9cho avec le mus\u00e9e national\u00a0: les esquisses qui ont servi \u00e0 la r\u00e9alisation d\u2019un grand format et du bas-relief en papier m\u00e2ch\u00e9 qui tr\u00f4ne au-dessus de l\u2019entr\u00e9e de la salle d\u2019expo. On trouve \u00e9galement \u00e0 la galerie des sculptures rares de l\u2019artiste r\u00e9alis\u00e9es au Cameroun, une collection de c\u00e9ramiques et une douzaine de petits formats mettant en sc\u00e8ne Les Fables de La Fontaine, avec le style haut en couleur du peintre.<\/p>\n<p><strong>Jusqu\u2019au 31 mai. Du mardi au samedi de 14h \u00e0 18h30. 10, chemin du G\u00e9nie, 7e. 04\u00a091\u00a042\u00a081\u00a033.<\/strong>&#13;<\/p>\n","protected":false},"excerpt":{"rendered":"Pour ces vacances de printemps, La Provence vous propose des id\u00e9es de sorties. Ici, nos conseils de galeries&hellip;\n","protected":false},"author":2,"featured_media":22891,"comment_status":"","ping_status":"","sticky":false,"template":"","format":"standard","meta":{"footnotes":""},"categories":[2814],"tags":[17,1111,11,1007,7552,251,8442,1446,1777,674,1011,27,6910,884,12,2189,882,25,5876],"class_list":{"0":"post-22890","1":"post","2":"type-post","3":"status-publish","4":"format-standard","5":"has-post-thumbnail","7":"category-marseille","8":"tag-17","9":"tag-actu","10":"tag-actualites","11":"tag-aux","12":"tag-balade","13":"tag-culture","14":"tag-dherve","15":"tag-dans","16":"tag-eu","17":"tag-europe","18":"tag-fr","19":"tag-france","20":"tag-jazz","21":"tag-marseille","22":"tag-news","23":"tag-photos","24":"tag-provence-alpes-cote-dazur","25":"tag-republique-francaise","26":"tag-rosa"},"share_on_mastodon":{"url":"https:\/\/pubeurope.com\/@fr\/114332255159457302","error":""},"_links":{"self":[{"href":"https:\/\/www.europesays.com\/fr\/wp-json\/wp\/v2\/posts\/22890","targetHints":{"allow":["GET"]}}],"collection":[{"href":"https:\/\/www.europesays.com\/fr\/wp-json\/wp\/v2\/posts"}],"about":[{"href":"https:\/\/www.europesays.com\/fr\/wp-json\/wp\/v2\/types\/post"}],"author":[{"embeddable":true,"href":"https:\/\/www.europesays.com\/fr\/wp-json\/wp\/v2\/users\/2"}],"replies":[{"embeddable":true,"href":"https:\/\/www.europesays.com\/fr\/wp-json\/wp\/v2\/comments?post=22890"}],"version-history":[{"count":0,"href":"https:\/\/www.europesays.com\/fr\/wp-json\/wp\/v2\/posts\/22890\/revisions"}],"wp:featuredmedia":[{"embeddable":true,"href":"https:\/\/www.europesays.com\/fr\/wp-json\/wp\/v2\/media\/22891"}],"wp:attachment":[{"href":"https:\/\/www.europesays.com\/fr\/wp-json\/wp\/v2\/media?parent=22890"}],"wp:term":[{"taxonomy":"category","embeddable":true,"href":"https:\/\/www.europesays.com\/fr\/wp-json\/wp\/v2\/categories?post=22890"},{"taxonomy":"post_tag","embeddable":true,"href":"https:\/\/www.europesays.com\/fr\/wp-json\/wp\/v2\/tags?post=22890"}],"curies":[{"name":"wp","href":"https:\/\/api.w.org\/{rel}","templated":true}]}}