{"id":228905,"date":"2025-07-05T20:12:12","date_gmt":"2025-07-05T20:12:12","guid":{"rendered":"https:\/\/www.europesays.com\/fr\/228905\/"},"modified":"2025-07-05T20:12:12","modified_gmt":"2025-07-05T20:12:12","slug":"psg-bayern-munich-2-0-paris-maitrise-vraiment-son-sujet-estime-frederic-piquionne","status":"publish","type":"post","link":"https:\/\/www.europesays.com\/fr\/228905\/","title":{"rendered":"PSG-Bayern Munich (2-0)\u00a0: \u00ab Paris ma\u00eetrise vraiment son sujet\u00a0\u00bb, estime Fr\u00e9d\u00e9ric Piquionne"},"content":{"rendered":"<p class=\"paragraph text_align_left lp-f-body-02\">Discret jusque-l\u00e0, <a href=\"https:\/\/www.leparisien.fr\/sports\/football\/desire-doue\/\" target=\"_blank\" rel=\"noreferrer noopener\">D\u00e9sir\u00e9 Dou\u00e9 <\/a>a endoss\u00e9 le r\u00f4le de h\u00e9ros en d\u00e9cochant une superbe frappe \u00e0 la 78e minute, laissant intact l\u2019espoir d\u2019un quintupl\u00e9 historique cette saison, avant qu\u2019Ousmane Demb\u00e9l\u00e9 n\u2019y aille de <a href=\"https:\/\/www.leparisien.fr\/sports\/football\/coupe-du-monde-des-clubs\/psg-bayern-2-0-les-images-du-but-dousmane-dembele-et-de-son-emouvante-celebration-en-hommage-a-diogo-jota-05-07-2025-GIGHWPC6ZZBZ5M6JBCAK7X7XBY.php\" target=\"_blank\" rel=\"noreferrer noopener\">son but dans les arr\u00eats de jeu<\/a>. L\u2019ancien attaquant de Rennes et de Saint-\u00c9tienne Fr\u00e9d\u00e9ric Piquionne nous livre son sentiment sur cette rencontre.<\/p>\n","protected":false},"excerpt":{"rendered":"Discret jusque-l\u00e0, D\u00e9sir\u00e9 Dou\u00e9 a endoss\u00e9 le r\u00f4le de h\u00e9ros en d\u00e9cochant une superbe frappe \u00e0 la 78e&hellip;\n","protected":false},"author":2,"featured_media":228906,"comment_status":"","ping_status":"","sticky":false,"template":"","format":"standard","meta":{"footnotes":""},"categories":[1888],"tags":[11,7151,1777,674,63,1011,27,12,626,25,60],"class_list":{"0":"post-228905","1":"post","2":"type-post","3":"status-publish","4":"format-standard","5":"has-post-thumbnail","7":"category-paris","8":"tag-actualites","9":"tag-coupe-du-monde-des-clubs","10":"tag-eu","11":"tag-europe","12":"tag-football","13":"tag-fr","14":"tag-france","15":"tag-news","16":"tag-paris","17":"tag-republique-francaise","18":"tag-sports"},"share_on_mastodon":{"url":"https:\/\/pubeurope.com\/@fr\/114802455006633337","error":""},"_links":{"self":[{"href":"https:\/\/www.europesays.com\/fr\/wp-json\/wp\/v2\/posts\/228905","targetHints":{"allow":["GET"]}}],"collection":[{"href":"https:\/\/www.europesays.com\/fr\/wp-json\/wp\/v2\/posts"}],"about":[{"href":"https:\/\/www.europesays.com\/fr\/wp-json\/wp\/v2\/types\/post"}],"author":[{"embeddable":true,"href":"https:\/\/www.europesays.com\/fr\/wp-json\/wp\/v2\/users\/2"}],"replies":[{"embeddable":true,"href":"https:\/\/www.europesays.com\/fr\/wp-json\/wp\/v2\/comments?post=228905"}],"version-history":[{"count":0,"href":"https:\/\/www.europesays.com\/fr\/wp-json\/wp\/v2\/posts\/228905\/revisions"}],"wp:featuredmedia":[{"embeddable":true,"href":"https:\/\/www.europesays.com\/fr\/wp-json\/wp\/v2\/media\/228906"}],"wp:attachment":[{"href":"https:\/\/www.europesays.com\/fr\/wp-json\/wp\/v2\/media?parent=228905"}],"wp:term":[{"taxonomy":"category","embeddable":true,"href":"https:\/\/www.europesays.com\/fr\/wp-json\/wp\/v2\/categories?post=228905"},{"taxonomy":"post_tag","embeddable":true,"href":"https:\/\/www.europesays.com\/fr\/wp-json\/wp\/v2\/tags?post=228905"}],"curies":[{"name":"wp","href":"https:\/\/api.w.org\/{rel}","templated":true}]}}