{"id":228915,"date":"2025-07-05T20:17:11","date_gmt":"2025-07-05T20:17:11","guid":{"rendered":"https:\/\/www.europesays.com\/fr\/228915\/"},"modified":"2025-07-05T20:17:11","modified_gmt":"2025-07-05T20:17:11","slug":"lallemagne-envisage-un-service-militaire-volontaire","status":"publish","type":"post","link":"https:\/\/www.europesays.com\/fr\/228915\/","title":{"rendered":"L&rsquo;Allemagne envisage un service militaire volontaire"},"content":{"rendered":"<p>                    <img decoding=\"async\" style=\"aspect-ratio:16\/9\" src=\"https:\/\/www.europesays.com\/fr\/wp-content\/uploads\/2025\/07\/Collage-Maker-02-Feb-2023-09.04-AM-1675325100.webp\" width=\"100%\" loading=\"eager\"\/><\/p>\n<p>                            <a href=\"https:\/\/fr.businessam.be\/author\/redactie\/\" class=\"author-thumbnail\" style=\"border: 2px inset #00000099;\" rel=\"nofollow noopener\" target=\"_blank\"><img loading=\"lazy\" decoding=\"async\" src=\"https:\/\/www.europesays.com\/fr\/wp-content\/uploads\/2025\/07\/1751746631_218_cropped-favicon-192x192.png\" width=\"80\" height=\"80\" alt=\"Business AM\"\/><\/a>\ue05bpar <a href=\"https:\/\/fr.businessam.be\/author\/redactie\/\" rel=\"nofollow noopener\" target=\"_blank\">Business AM<\/a><br \/>\ue010publi\u00e9 le samedi 05 juillet 2025 \u00e0 21:01 \u2022 <br \/>\ue00c2 min de lecture<\/p>\n<p>Principaux renseignements<\/p>\n<ul class=\"wp-block-list\">\n<li><strong>L\u2019Allemagne pr\u00e9voit d\u2019introduire un programme de service militaire volontaire de six mois.<\/strong><\/li>\n<li><strong>Ce programme vise \u00e0 former davantage de r\u00e9servistes et \u00e0 doubler leur nombre, actuellement estim\u00e9 \u00e0 100 000.<\/strong><\/li>\n<li><strong>Les objectifs de participation doivent \u00eatre atteints pour \u00e9viter le service obligatoire, dans un contexte de controverse sur la mise en \u0153uvre du service militaire obligatoire.<\/strong><\/li>\n<\/ul>\n<p><a href=\"https:\/\/fr.businessam.be\/lallemagne-intensifie-son-soutien-militaire-a-lukraine\/\" target=\"_blank\" rel=\"noreferrer noopener nofollow\">L\u2019Allemagne<\/a> pr\u00e9voit de lancer une nouvelle initiative pour renforcer sa d\u00e9fense nationale en raison des inqui\u00e9tudes croissantes concernant la Russie. Le plan propose un programme de service militaire volontaire de six mois destin\u00e9 \u00e0 former davantage de r\u00e9servistes et \u00e0 doubler potentiellement leur nombre, actuellement estim\u00e9 \u00e0 100 000.<\/p>\n<p>Ce programme viserait \u00e0 doter les volontaires de comp\u00e9tences fondamentales, telles que les fonctions de garde. Si la participation s\u2019av\u00e8re insuffisante, le gouvernement pourrait envisager de mettre en place un service militaire <a href=\"https:\/\/www.bundeswehr.de\/en\/about-bundeswehr\/ranks-and-careers\/voluntary-military-service\" target=\"_blank\" rel=\"noreferrer noopener nofollow\">obligatoire<\/a>.<\/p>\n<p>D\u00e9tails du programme<\/p>\n<p>Le programme de volontariat est envisag\u00e9 comme une voie permettant \u00e0 certains participants de poursuivre une carri\u00e8re dans le service actif. En outre, il offre des possibilit\u00e9s de formation prolong\u00e9e dans des domaines tels que la conduite de camions et l\u2019exploitation de chars <a href=\"https:\/\/www.usnews.com\/news\/world\/articles\/2025-07-04\/germany-plans-six-month-voluntary-military-service-sources-say\" target=\"_blank\" rel=\"noreferrer noopener nofollow\">d\u2019assaut<\/a>.<\/p>\n<p>Le Ministre de la D\u00e9fense, Boris Pistorius, souhaite que la l\u00e9gislation n\u00e9cessaire soit adopt\u00e9e d\u2019ici la fin du mois prochain et que les premi\u00e8res recrues commencent leur formation en mai 2026. Toutefois, le plan se heurte \u00e0 des questions concernant la mise en \u0153uvre \u00e9ventuelle d\u2019un service obligatoire si les objectifs de recrutement ne sont pas atteints. Cet aspect de la proposition a suscit\u00e9 la controverse, m\u00eame au sein du parti social-d\u00e9mocrate de Pistorius.<\/p>\n<p>L\u2019Allemagne a mis fin \u00e0 son programme de service militaire obligatoire en 2011.  L\u2019initiative actuelle est motiv\u00e9e par la pression exerc\u00e9e par les alli\u00e9s de l\u2019OTAN, notamment \u00e0 la suite de l\u2019invasion de l\u2019Ukraine par la Russie en 2022, pour renforcer les capacit\u00e9s de d\u00e9fense.  Pistorius cherche \u00e0 augmenter la taille des forces arm\u00e9es allemandes de 180 000 \u00e0 260 000 personnes.<\/p>\n","protected":false},"excerpt":{"rendered":"\ue05bpar Business AM\ue010publi\u00e9 le samedi 05 juillet 2025 \u00e0 21:01 \u2022 \ue00c2 min de lecture Principaux renseignements L\u2019Allemagne&hellip;\n","protected":false},"author":2,"featured_media":5479,"comment_status":"","ping_status":"","sticky":false,"template":"","format":"standard","meta":{"footnotes":""},"categories":[1587],"tags":[11,672,1804,1805,1803,1777,674,1801,12,1802],"class_list":{"0":"post-228915","1":"post","2":"type-post","3":"status-publish","4":"format-standard","5":"has-post-thumbnail","7":"category-allemagne","8":"tag-actualites","9":"tag-allemagne","10":"tag-bundesrepublik-deutschland","11":"tag-de","12":"tag-deutschland","13":"tag-eu","14":"tag-europe","15":"tag-germany","16":"tag-news","17":"tag-republique-federale-dallemagne"},"share_on_mastodon":{"url":"https:\/\/pubeurope.com\/@fr\/114802474749715176","error":""},"_links":{"self":[{"href":"https:\/\/www.europesays.com\/fr\/wp-json\/wp\/v2\/posts\/228915","targetHints":{"allow":["GET"]}}],"collection":[{"href":"https:\/\/www.europesays.com\/fr\/wp-json\/wp\/v2\/posts"}],"about":[{"href":"https:\/\/www.europesays.com\/fr\/wp-json\/wp\/v2\/types\/post"}],"author":[{"embeddable":true,"href":"https:\/\/www.europesays.com\/fr\/wp-json\/wp\/v2\/users\/2"}],"replies":[{"embeddable":true,"href":"https:\/\/www.europesays.com\/fr\/wp-json\/wp\/v2\/comments?post=228915"}],"version-history":[{"count":0,"href":"https:\/\/www.europesays.com\/fr\/wp-json\/wp\/v2\/posts\/228915\/revisions"}],"wp:featuredmedia":[{"embeddable":true,"href":"https:\/\/www.europesays.com\/fr\/wp-json\/wp\/v2\/media\/5479"}],"wp:attachment":[{"href":"https:\/\/www.europesays.com\/fr\/wp-json\/wp\/v2\/media?parent=228915"}],"wp:term":[{"taxonomy":"category","embeddable":true,"href":"https:\/\/www.europesays.com\/fr\/wp-json\/wp\/v2\/categories?post=228915"},{"taxonomy":"post_tag","embeddable":true,"href":"https:\/\/www.europesays.com\/fr\/wp-json\/wp\/v2\/tags?post=228915"}],"curies":[{"name":"wp","href":"https:\/\/api.w.org\/{rel}","templated":true}]}}