{"id":228919,"date":"2025-07-05T20:20:10","date_gmt":"2025-07-05T20:20:10","guid":{"rendered":"https:\/\/www.europesays.com\/fr\/228919\/"},"modified":"2025-07-05T20:20:10","modified_gmt":"2025-07-05T20:20:10","slug":"les-mots-sympas-de-doue-et-hakimi-pour-musiala-apres-sa-grave-blessure","status":"publish","type":"post","link":"https:\/\/www.europesays.com\/fr\/228919\/","title":{"rendered":"les mots sympas de Dou\u00e9 et Hakimi pour Musiala apr\u00e8s sa grave blessure"},"content":{"rendered":"<p>Apr\u00e8s la qualification du PSG pour les demi-finales de la Coupe du monde des clubs, Achraf Hakimi a adress\u00e9 un message \u00e0 Jamal Musiala, gravement bless\u00e9 \u00e0 la cheville en cours de match. D\u00e9sir\u00e9 Dou\u00e9 aussi.<\/p>\n<p>Des mots r\u00e9confortants. Apr\u00e8s la victoire de Paris face au Bayern (2-0) en quart de finale de la Coupe du monde des clubs ce samedi \u00e0 Atlanta, Achraf Hakimi a tenu \u00e0 rendre hommage \u00e0 Jamal Musiala. <a href=\"https:\/\/rmcsport.bfmtv.com\/football\/mondial-des-clubs\/psg-bayern-la-terrible-image-de-la-cheville-de-musiala-sur-un-contact-avec-donnarumma-le-gardien-choque_AV-202507050353.html\" title=\"PSG-Bayern: la terrible image de la cheville de Musiala sur un contact avec Donnarumma, le gardien choqu\u00e9\" class=\"internal_link\" target=\"_blank\" rel=\"noopener\">Victime d&rsquo;une grave blessure \u00e0 la cheville gauche<\/a>, le Bavarois a \u00e9t\u00e9 \u00e9vacu\u00e9 sur une civi\u00e8re \u00e0 quelques secondes de la mi-temps. Le joueur allemand de 20 ans s&rsquo;est \u00e9croul\u00e9 dans la surface apr\u00e8s avoir violemment percut\u00e9 Gianluigi Donnarumma, sorti pour attraper le ballon. Sa jambe a alors \u00e9t\u00e9 en porte-\u00e0-faux et a pli\u00e9 au niveau de la cheville sous le poids du gardien.<\/p>\n<p>Imm\u00e9diatement, Musilia a \u00e9t\u00e9 entour\u00e9 de nombreux joueurs et soigneurs apr\u00e8s quoi l&rsquo;arbitre a siffl\u00e9 la-mi-temps. Musiala a \u00e9t\u00e9 remplac\u00e9 par Serge Gnabry en d\u00e9but de seconde p\u00e9riode alors que le score \u00e9tait encore de 0-0.<\/p>\n<p><strong><a href=\"https:\/\/rmcsport.bfmtv.com\/football\/mondial-des-clubs\/direct-psg-bayern-suivez-le-match-des-quarts-de-finale-de-la-coupe-du-monde-des-clubs-2025-en-live_LS-202507050268.html\" title=\"PSG-Bayern: Paris qualifi\u00e9 pour les demi-finales de la Coupe du monde des clubs, casse-t\u00eate \u00e0 venir en d\u00e9fense\" class=\"internal_link\" target=\"_blank\" rel=\"noopener\">&gt;&gt; Revivez PSG-Bayern (2-0)<\/a><\/strong><\/p>\n<p>Le soutien de Hakimi et Dou\u00e9<\/p>\n<p>Le lat\u00e9ral parisien Hakimi a tenu \u00e0 adresser un mot \u00e0 Musiala. \u00ab\u00a0J&rsquo;ai l&rsquo;impression que c&rsquo;est une blessure tr\u00e8s importante pour lui. Je lui apporte tout mon soutien. J&rsquo;esp\u00e8re qu&rsquo;il reviendra rapidement sur les terrains\u00a0\u00bb, a confi\u00e9 le Marocain au micro de DAZN.<\/p>\n<p>\u00ab\u00a0On est vraiment attrist\u00e9s par rapport \u00e0 Musiala, qui sort sur blessure, \u00e7a nous a vraiment attrist\u00e9 dans le vestiaire\u00a0\u00bb, rench\u00e9rit D\u00e9sir\u00e9 Dou\u00e9 en zone mixte. \u00ab\u00a0On lui envoie tout notre soutien parce que ce sont des \u00e9v\u00e8nements tr\u00e8s compliqu\u00e9s, on souhaite qu&rsquo;il se r\u00e9tablisse le mieux possible. Donnarumma? On lui a apport\u00e9 notre soutien, ce n&rsquo;est jamais facile d&rsquo;\u00eatre sur ce genre d&rsquo;actions qui finissent mal. Cela fait partie du football, on souhaite que tout se passe bien dans sa r\u00e9\u00e9ducation.\u00a0\u00bb<\/p>\n<p>Ce samedi, le PSG a pli\u00e9 mais n&rsquo;a pas rompu. R\u00e9duit \u00e0 10 apr\u00e8s avoir ouvert le score, puis \u00e0 9, Paris a enfonc\u00e9 le Bayern Munich (2-0) pour se qualifier pour les demi-finales du Mondial des clubs, o\u00f9 il attend <a href=\"https:\/\/rmcsport.bfmtv.com\/football\/mondial-des-clubs\/direct-real-madrid-dortmund-suivez-le-dernier-match-des-quarts-de-finale-de-la-coupe-du-monde-des-clubs-en-live_LS-202507050297.html\" title=\"DIRECT. Real Madrid-Dortmund: Les Madril\u00e8nes ouvrent rapidement le score\" class=\"internal_link\" target=\"_blank\" rel=\"noopener\">le Real Madrid ou le Borussia Dortmund<\/a>.<\/p>\n","protected":false},"excerpt":{"rendered":"Apr\u00e8s la qualification du PSG pour les demi-finales de la Coupe du monde des clubs, Achraf Hakimi a&hellip;\n","protected":false},"author":2,"featured_media":228920,"comment_status":"","ping_status":"","sticky":false,"template":"","format":"standard","meta":{"footnotes":""},"categories":[2],"tags":[11,1011,27,12,25],"class_list":{"0":"post-228919","1":"post","2":"type-post","3":"status-publish","4":"format-standard","5":"has-post-thumbnail","7":"category-actualites","8":"tag-actualites","9":"tag-fr","10":"tag-france","11":"tag-news","12":"tag-republique-francaise"},"share_on_mastodon":{"url":"https:\/\/pubeurope.com\/@fr\/114802486463253534","error":""},"_links":{"self":[{"href":"https:\/\/www.europesays.com\/fr\/wp-json\/wp\/v2\/posts\/228919","targetHints":{"allow":["GET"]}}],"collection":[{"href":"https:\/\/www.europesays.com\/fr\/wp-json\/wp\/v2\/posts"}],"about":[{"href":"https:\/\/www.europesays.com\/fr\/wp-json\/wp\/v2\/types\/post"}],"author":[{"embeddable":true,"href":"https:\/\/www.europesays.com\/fr\/wp-json\/wp\/v2\/users\/2"}],"replies":[{"embeddable":true,"href":"https:\/\/www.europesays.com\/fr\/wp-json\/wp\/v2\/comments?post=228919"}],"version-history":[{"count":0,"href":"https:\/\/www.europesays.com\/fr\/wp-json\/wp\/v2\/posts\/228919\/revisions"}],"wp:featuredmedia":[{"embeddable":true,"href":"https:\/\/www.europesays.com\/fr\/wp-json\/wp\/v2\/media\/228920"}],"wp:attachment":[{"href":"https:\/\/www.europesays.com\/fr\/wp-json\/wp\/v2\/media?parent=228919"}],"wp:term":[{"taxonomy":"category","embeddable":true,"href":"https:\/\/www.europesays.com\/fr\/wp-json\/wp\/v2\/categories?post=228919"},{"taxonomy":"post_tag","embeddable":true,"href":"https:\/\/www.europesays.com\/fr\/wp-json\/wp\/v2\/tags?post=228919"}],"curies":[{"name":"wp","href":"https:\/\/api.w.org\/{rel}","templated":true}]}}