{"id":228925,"date":"2025-07-05T20:23:17","date_gmt":"2025-07-05T20:23:17","guid":{"rendered":"https:\/\/www.europesays.com\/fr\/228925\/"},"modified":"2025-07-05T20:23:17","modified_gmt":"2025-07-05T20:23:17","slug":"les-anglais-brown-smith-et-penge-squattent-le-top-4-lacroix-conserve-une-petite-chance","status":"publish","type":"post","link":"https:\/\/www.europesays.com\/fr\/228925\/","title":{"rendered":"Les Anglais Brown, Smith et Penge squattent le top 4. Lacroix conserve une petite chance"},"content":{"rendered":"<p>\t\t\t\t\t\t<img width=\"770\" height=\"557\" src=\"https:\/\/www.europesays.com\/fr\/wp-content\/uploads\/2025\/07\/danielbrown-770x557.jpeg\" class=\"img-responsive wp-post-image\" alt=\"\" decoding=\"async\" fetchpriority=\"high\"  \/>\t\t\t\t\t<\/p>\n<p>\t\t\t\t\t\t Partager cet article <\/p>\n<p class=\"screen-reader-text juiz_sps_maybe_hidden_text\">Partager la publication \u00ab\u00a0Les Anglais Brown, Smith et Penge squattent le top 4. Lacroix conserve une petite chance\u00a0\u00bb<\/p>\n<p><strong>Malgr\u00e9 une forte densit\u00e9 de pr\u00e9tendants \u00e0 la victoire \u00e0 l\u2019or\u00e9e du dernier tour du BMW International Open, l\u2019Anglais Daniel Brown (photo), leader \u00e0 -16, et son compatriote Jordan Smith, deuxi\u00e8me \u00e0 -15, ont pris une option. Mais le vainqueur de l\u2019\u00e9dition 2025 en Bavi\u00e8re pourrait facilement venir de l\u2019arri\u00e8re. Douzi\u00e8me \u00e0 -10, le Fran\u00e7ais Fr\u00e9d\u00e9ric Lacroix pourrait, qui sait, \u00eatre celui-l\u00e0.<\/strong><\/p>\n<p>\u00a0<\/p>\n<p><strong>L.V.<\/strong><\/p>\n<p>Les Anglais trustent le haut du leaderboard du <strong>BMW International Open<\/strong> 2025 apr\u00e8s 54 trous ! D\u00e9j\u00e0 auteur d\u2019un tr\u00e8s solide 65 (-7) vendredi, <strong>Daniel Brown<\/strong> a ainsi r\u00e9cidiv\u00e9 lors du Moving Day \u00e0 Munich avec un nouveau 65 fort notamment d\u2019un eagle claqu\u00e9 sur le par 4 du trou n\u00b016 atteignable en un.<\/p>\n<p><a href=\"https:\/\/www.europeantour.com\/dpworld-tour\/bmw-international-open-2025\/leaderboard?round=4\" target=\"_blank\" rel=\"noopener nofollow\">Retrouvez le classement complet et les tee times du 4e tour<\/a><\/p>\n<p>\t\t\t\t\t<a id=\"174987\" href=\"https:\/\/www.sudfrancegolf.com\/fr\/\" target=\"_blank\" rel=\"sponsorised nofollow noopener\"><img decoding=\"async\" src=\"data:image\/svg+xml,%3Csvg%20xmlns=\" http:=\"\" class=\"img-responsive\" alt=\"\" data-lazy-src=\"https:\/\/www.europesays.com\/fr\/wp-content\/uploads\/2025\/06\/giesudfrancegolf-e02-egolf-pass-2025-v2-1170x275-1.gif\"\/><\/a><\/p>\n<p>A -16, celui qui avait \u00e9t\u00e9 en t\u00eate de <strong>The Open<\/strong> \u00e0 <strong>Troon<\/strong> l\u2019an pass\u00e9 \u00e0 l\u2019issue du premier tour poss\u00e8de un coup d\u2019avance sur son compatriote <strong>Jordan Smith<\/strong>, 66 (-6) aujourd\u2019hui. Victorieux pour la premi\u00e8re fois dans sa carri\u00e8re en Allemagne (au <strong>Porsche European Open<\/strong> en juillet 2017), Smith, 32 ans, a ici la possibilit\u00e9 d\u2019accrocher un troisi\u00e8me succ\u00e8s \u00e0 son palmar\u00e8s (apr\u00e8s le <strong>Portugal Masters<\/strong> en octobre 2022).<\/p>\n<p>\u00a0<\/p>\n<blockquote class=\"twitter-tweet\">\n<p dir=\"ltr\" lang=\"en\">Eagle for Dan Brown who now shares the lead \ud83e\udd85<a href=\"https:\/\/twitter.com\/hashtag\/BMWInternationalOpen?src=hash&amp;ref_src=twsrc%5Etfw\" rel=\"nofollow noopener\" target=\"_blank\">#BMWInternationalOpen<\/a> <a href=\"https:\/\/t.co\/TD1rql3v2C\" rel=\"nofollow\">pic.twitter.com\/TD1rql3v2C<\/a><\/p>\n<p>\u2014 DP World Tour (@DPWorldTour) <a href=\"https:\/\/twitter.com\/DPWorldTour\/status\/1941507823487324476?ref_src=twsrc%5Etfw\" rel=\"nofollow noopener\" target=\"_blank\">July 5, 2025<\/a><\/p>\n<\/blockquote>\n<p>\u00a0<\/p>\n<p>Mais il n\u2019est pas le seul \u00e0 lorgner sur le troph\u00e9e dimanche en fin de journ\u00e9e. Outre le troisi\u00e8me larron anglais, <strong>Marco Penge<\/strong>, 4e ex aequo \u00e0 -12, ils sont en effet une bonne petite douzaine \u00e0 pr\u00e9tendre au sacre. A commencer par le v\u00e9t\u00e9ran <strong>Joost Luiten<\/strong>, 39 ans, seul troisi\u00e8me \u00e0 -13. Le N\u00e9erlandais n\u2019a plus gagn\u00e9 depuis f\u00e9vrier 2018, \u00e0 Oman\u00a0!<\/p>\n<p>\u00a0<\/p>\n<blockquote class=\"twitter-tweet\">\n<p dir=\"ltr\" lang=\"en\">Joost Luiten joins the lead \ud83d\udc40<a href=\"https:\/\/twitter.com\/hashtag\/BMWInternationalOpen?src=hash&amp;ref_src=twsrc%5Etfw\" rel=\"nofollow noopener\" target=\"_blank\">#BMWInternationalOpen<\/a> <a href=\"https:\/\/t.co\/oPLlELP3VP\" rel=\"nofollow\">pic.twitter.com\/oPLlELP3VP<\/a><\/p>\n<p>\u2014 DP World Tour (@DPWorldTour) <a href=\"https:\/\/twitter.com\/DPWorldTour\/status\/1941474338697564461?ref_src=twsrc%5Etfw\" rel=\"nofollow noopener\" target=\"_blank\">July 5, 2025<\/a><\/p>\n<\/blockquote>\n<p>\u00a0<\/p>\n<p>Parmi les autres chasseurs identifi\u00e9s, citons le Danois <strong>Rasmus Neergaard-Petersen<\/strong>, 87e mondial, quatri\u00e8me \u00e0 -12 \u2013 tout pr\u00e8s d\u2019un sublime eagle au 11 \u2013 et qui revient \u00e0 la comp\u00e9tition sur le Tour europ\u00e9en pour la premi\u00e8re fois depuis sa 12e place finale \u00e0 l\u2019<strong>U.S. Open<\/strong>.<\/p>\n<p>\u00a0<\/p>\n<blockquote class=\"twitter-tweet\">\n<p dir=\"ltr\" lang=\"en\">Surely not? \ud83d\ude2f<a href=\"https:\/\/twitter.com\/hashtag\/BMWInternationalOpen?src=hash&amp;ref_src=twsrc%5Etfw\" rel=\"nofollow noopener\" target=\"_blank\">#BMWInternationalOpen<\/a> <a href=\"https:\/\/t.co\/Ra5Cy7rmKL\" rel=\"nofollow\">pic.twitter.com\/Ra5Cy7rmKL<\/a><\/p>\n<p>\u2014 DP World Tour (@DPWorldTour) <a href=\"https:\/\/twitter.com\/DPWorldTour\/status\/1941490134303769023?ref_src=twsrc%5Etfw\" rel=\"nofollow noopener\" target=\"_blank\">July 5, 2025<\/a><\/p>\n<\/blockquote>\n<p>\u00a0<\/p>\n<p><a href=\"https:\/\/www.golfplanete.com\/actualites\/le-jour-dindependence-day-lamericain-davis-bryant-soffre-la-tete-a-munich-ravetto-et-coussaud-dans-le-top-15\/\" target=\"_blank\" rel=\"noopener nofollow\">Leader la veille<\/a>, l\u2019Am\u00e9ricain <strong>Davis Bryant<\/strong> est lui aussi en position de l\u2019emporter (4e), m\u00eame s\u2019il a d\u00fb se contenter d\u2019une carte dans le par (72) apr\u00e8s un aller boucl\u00e9 en 37 (+1). Attention \u00e9galement \u00e0 <strong>Kristoffer Reitan<\/strong>, \u00e0 quatre longueurs derri\u00e8re Brown. Le Norv\u00e9gien est un adepte des fins de tournois de feu, comme cela avait \u00e9t\u00e9 le cas au <strong>Soudal Open<\/strong> (victoire en play-off apr\u00e8s avoir combl\u00e9 neuf coups de retard le dimanche) avant d\u2019\u00eatre \u00e0 deux doigts de doubler la mise une semaine apr\u00e8s en Autriche cette fois (deuxi\u00e8me ex aequo avec une derni\u00e8re carte de 60 (-10)).<\/p>\n<p>\t\t\t\t<img loading=\"lazy\" decoding=\"async\" src=\"data:image\/svg+xml,%3Csvg%20xmlns=\" http:=\"\" attributionsrc=\"\" border=\"0\" height=\"1\" width=\"1\" alt=\"Advertisement\" data-lazy-src=\"https:\/\/www.europesays.com\/fr\/wp-content\/uploads\/2025\/06\/B33661776.421948095;dc_trk_aid=614321628;dc_trk_cid=235413172;ord=[timestamp];dc_lat=;dc_rdid=;tag_f.gif\"\/><\/p>\n<p>\t\t\t\t\t<a id=\"174697\" href=\"https:\/\/ad.doubleclick.net\/ddm\/trackclk\/N6600.3770024GOLFPLANATE\/B33661776.421948095;dc_trk_aid=614321628;dc_trk_cid=235413172;dc_lat=;dc_rdid=;tag_for_child_directed_treatment=;tfua=;gdpr=${GDPR};gdpr_consent=${GDPR_CONSENT_755};ltd=;dc_tdv=1\" target=\"_blank\" rel=\"sponsorised nofollow noopener\"><img fetchpriority=\"high\" decoding=\"async\" src=\"https:\/\/www.europesays.com\/fr\/wp-content\/uploads\/2025\/06\/amundi-e01-retraite-2506-1170x275-1.jpg\" class=\"img-responsive\" alt=\"\"\/><\/a><\/p>\n<p>\u00a0<\/p>\n<p>Un samedi immacul\u00e9 pour Fred Lacroix<\/p>\n<p>Class\u00e9s neuvi\u00e8mes \u00e0 -11, l\u2019Espagnol <strong>Ivan Cantero<\/strong>, le Chinois <strong>Ashun Wu<\/strong> et le Sud-Africain <strong>Brandon Stone<\/strong> conservent eux aussi une petite chance, tout comme <strong>Fr\u00e9d\u00e9ric Lacroix<\/strong>, \u00e0 six coups du leader. Le Racingman a r\u00e9alis\u00e9 un 3e tour de comp\u00e9tition en signant un 67 (-5) sans erreur avec notamment 25 putts au compteur. 12e \u00e0 -10, il peut cr\u00e9er donc la surprise. Les premiers trous ce dimanche seront primordiaux.<\/p>\n<p>Toujours dans le clan tricolore, on trouve ensuite <strong>Ugo Coussaud<\/strong> (17e \u00e0 -9). <strong>Cl\u00e9ment Sordet<\/strong> et <strong>David Ravetto<\/strong> apparaissent au-del\u00e0 du top 30 (34es \u00e0 -6).<\/p>\n<p>\u00a0<\/p>\n<p>\u00a0<\/p>\n<p>Le leaderboard<\/p>\n<p><img loading=\"lazy\" decoding=\"async\" class=\"alignnone wp-image-178580 size-large\" src=\"data:image\/svg+xml,%3Csvg%20xmlns=\" http:=\"\" alt=\"\" width=\"770\" height=\"466\" data-lazy- data-lazy- data-lazy-src=\"https:\/\/www.europesays.com\/fr\/wp-content\/uploads\/2025\/07\/capture1dp-2-770x466.jpg\"\/><\/p>\n<p><img loading=\"lazy\" decoding=\"async\" class=\"alignnone wp-image-178581 size-large\" src=\"data:image\/svg+xml,%3Csvg%20xmlns=\" http:=\"\" alt=\"\" width=\"770\" height=\"40\" data-lazy- data-lazy- data-lazy-src=\"https:\/\/www.europesays.com\/fr\/wp-content\/uploads\/2025\/07\/capture2dp-2-770x40.jpg\"\/><\/p>\n<p>\u00a0<\/p>\n<p>Le leaderboard des Fran\u00e7ais<\/p>\n<p><img loading=\"lazy\" decoding=\"async\" class=\"alignnone wp-image-178582 size-large\" src=\"data:image\/svg+xml,%3Csvg%20xmlns=\" http:=\"\" alt=\"\" width=\"770\" height=\"326\" data-lazy- data-lazy- data-lazy-src=\"https:\/\/www.europesays.com\/fr\/wp-content\/uploads\/2025\/07\/capture3dp-1-770x326.jpg\"\/><\/p>\n<p><img loading=\"lazy\" decoding=\"async\" class=\"alignnone wp-image-178583 size-large\" src=\"data:image\/svg+xml,%3Csvg%20xmlns=\" http:=\"\" alt=\"\" width=\"770\" height=\"320\" data-lazy- data-lazy- data-lazy-src=\"https:\/\/www.europesays.com\/fr\/wp-content\/uploads\/2025\/07\/capture4dp-770x320.jpg\"\/><\/p>\n<p>\u00a0<\/p>\n<p>Photo : Getty Images<\/p>\n<p>\u00a0<\/p>\n<p>\u00a0<\/p>\n<p>\t\t\t<script async src=\"https:\/\/platform.twitter.com\/widgets.js\" charset=\"utf-8\"><\/script><\/p>\n","protected":false},"excerpt":{"rendered":"Partager cet article Partager la publication \u00ab\u00a0Les Anglais Brown, Smith et Penge squattent le top 4. Lacroix conserve&hellip;\n","protected":false},"author":2,"featured_media":228926,"comment_status":"","ping_status":"","sticky":false,"template":"","format":"standard","meta":{"footnotes":""},"categories":[1418],"tags":[1011,27,1472,60],"class_list":{"0":"post-228925","1":"post","2":"type-post","3":"status-publish","4":"format-standard","5":"has-post-thumbnail","7":"category-golf","8":"tag-fr","9":"tag-france","10":"tag-golf","11":"tag-sports"},"share_on_mastodon":{"url":"https:\/\/pubeurope.com\/@fr\/114802498623676637","error":""},"_links":{"self":[{"href":"https:\/\/www.europesays.com\/fr\/wp-json\/wp\/v2\/posts\/228925","targetHints":{"allow":["GET"]}}],"collection":[{"href":"https:\/\/www.europesays.com\/fr\/wp-json\/wp\/v2\/posts"}],"about":[{"href":"https:\/\/www.europesays.com\/fr\/wp-json\/wp\/v2\/types\/post"}],"author":[{"embeddable":true,"href":"https:\/\/www.europesays.com\/fr\/wp-json\/wp\/v2\/users\/2"}],"replies":[{"embeddable":true,"href":"https:\/\/www.europesays.com\/fr\/wp-json\/wp\/v2\/comments?post=228925"}],"version-history":[{"count":0,"href":"https:\/\/www.europesays.com\/fr\/wp-json\/wp\/v2\/posts\/228925\/revisions"}],"wp:featuredmedia":[{"embeddable":true,"href":"https:\/\/www.europesays.com\/fr\/wp-json\/wp\/v2\/media\/228926"}],"wp:attachment":[{"href":"https:\/\/www.europesays.com\/fr\/wp-json\/wp\/v2\/media?parent=228925"}],"wp:term":[{"taxonomy":"category","embeddable":true,"href":"https:\/\/www.europesays.com\/fr\/wp-json\/wp\/v2\/categories?post=228925"},{"taxonomy":"post_tag","embeddable":true,"href":"https:\/\/www.europesays.com\/fr\/wp-json\/wp\/v2\/tags?post=228925"}],"curies":[{"name":"wp","href":"https:\/\/api.w.org\/{rel}","templated":true}]}}