{"id":228927,"date":"2025-07-05T20:25:10","date_gmt":"2025-07-05T20:25:10","guid":{"rendered":"https:\/\/www.europesays.com\/fr\/228927\/"},"modified":"2025-07-05T20:25:10","modified_gmt":"2025-07-05T20:25:10","slug":"transferts-top-14-pro-d2-joueurs-supplementaires-chomeurs-comment-les-clubs-se-renforcent-ils-apres-la-fermeture-du-marche","status":"publish","type":"post","link":"https:\/\/www.europesays.com\/fr\/228927\/","title":{"rendered":"Transferts &#8211; Top 14 \/ Pro D2. Joueurs suppl\u00e9mentaires, ch\u00f4meurs : comment les clubs se renforcent-ils apr\u00e8s la fermeture du march\u00e9 ?"},"content":{"rendered":"<p>\n                Alors que le march\u00e9 des transferts fermera officiellement pour tous les clubs ce lundi soir, plusieurs \u00e9quipes cherchent toujours \u00e0 se renforcer dans les prochaines semaines.\n            <\/p>\n<p>Ce lundi 7 juillet au soir, le march\u00e9 des transferts sera officiellement clos pour tout le monde. Si c\u2019\u00e9tait d\u00e9j\u00e0 le cas pour la majorit\u00e9 des clubs depuis le 30 juin, ceux promus en Top 14 et en Pro D2, ceux qui ont particip\u00e9 aux barrages d\u2019accession et le club rel\u00e9gu\u00e9 en Pro D2 avaient droit \u00e0 un d\u00e9lai suppl\u00e9mentaire. N\u00e9anmoins, plusieurs effectifs pourraient encore \u00eatre \u00e9toff\u00e9s dans les prochaines semaines puisqu\u2019il existe encore plusieurs fa\u00e7ons de pouvoir recruter un joueur \u00e0 partir du 8 juillet.<\/p>\n<p>La Rochelle cherche encore un pilier droit<\/p>\n<p>En effet, les clubs ont droit \u00e0 deux joueurs suppl\u00e9mentaires (trois pour les clubs promus). Ils peuvent aussi faire appel \u00e0 des joueurs additionnels dans la limite de trois pour les effectifs comptant des joueurs internationaux fran\u00e7ais figurant soit sur la liste Premium pr\u00e9vue par la convention FFR\/LNR ou ayant \u00e9t\u00e9 retenu deux fois dans le groupe des 28 joueurs lors du dernier Tournoi des 6 Nations (un joueur maximum pour un international \u00e0 7). Dans ces deux cas de figure, les clubs peuvent enregistrer ces nouveaux contrats jusqu\u2019au 31 janvier 2026. Il est aussi possible d\u2019enr\u00f4ler un joueur sans club (ch\u00f4meur) jusqu\u2019au 31 d\u00e9cembre 2025. Enfin, un joker m\u00e9dical peut d\u2019ores et d\u00e9j\u00e0 \u00eatre recrut\u00e9. Cette mesure s\u2019applique jusqu\u2019au 31 mars 2026 pour suppl\u00e9er un joueur bless\u00e9 avant le dimanche de la derni\u00e8re journ\u00e9e du Tournoi des 6 Nations.<\/p>\n<p>Ainsi, de nombreux clubs sont toujours actifs pour se renforcer au plus vite. Selon nos informations, le Stade rochelais, qui vient d\u2019officialiser l\u2019arriv\u00e9e de quatre joueurs, est toujours en qu\u00eate d\u2019un pilier droit, notamment en raison de la blessure de Uini Atonio qui devrait lui faire manquer plusieurs mois de comp\u00e9tition alors que Joel Sclavi est toujours sollicit\u00e9 sur la sc\u00e8ne internationale avec les Pumas.<\/p>\n<p>Le Racing 92 cherche \u00e9galement \u00e0 se renforcer avec l\u2019arriv\u00e9e d\u2019un demi de m\u00eal\u00e9e pour \u00e9toffer sa rotation \u00e0 ce poste-l\u00e0. Patrice Collazo souhaiterait aussi trouver une opportunit\u00e9 au poste de talonneur. Enfin, le club francilien regarderait \u00e0 se renforcer avec un joueur polyvalent au niveau de la ligne d\u2019attaque. Le profil de l\u2019international argentin des Zebres Geronimo Prisciantelli (en photo) serait \u00e9tudi\u00e9. Perpignan est aussi toujours \u00e0 l\u2019aff\u00fbt pour trouver un demi de m\u00eal\u00e9e. Des discussions seraient en cours avec Michael Ruru de Vannes mais aussi avec L\u00e9o Coly de Montpellier. L\u2019Usap cherche enfin une derni\u00e8re opportunit\u00e9 au poste de centre.<\/p>\n","protected":false},"excerpt":{"rendered":"Alors que le march\u00e9 des transferts fermera officiellement pour tous les clubs ce lundi soir, plusieurs \u00e9quipes cherchent&hellip;\n","protected":false},"author":2,"featured_media":228928,"comment_status":"","ping_status":"","sticky":false,"template":"","format":"standard","meta":{"footnotes":""},"categories":[1416],"tags":[1011,27,479,1468,60],"class_list":{"0":"post-228927","1":"post","2":"type-post","3":"status-publish","4":"format-standard","5":"has-post-thumbnail","7":"category-rugby","8":"tag-fr","9":"tag-france","10":"tag-rugby","11":"tag-rugby-football","12":"tag-sports"},"share_on_mastodon":{"url":"https:\/\/pubeurope.com\/@fr\/114802506135410511","error":""},"_links":{"self":[{"href":"https:\/\/www.europesays.com\/fr\/wp-json\/wp\/v2\/posts\/228927","targetHints":{"allow":["GET"]}}],"collection":[{"href":"https:\/\/www.europesays.com\/fr\/wp-json\/wp\/v2\/posts"}],"about":[{"href":"https:\/\/www.europesays.com\/fr\/wp-json\/wp\/v2\/types\/post"}],"author":[{"embeddable":true,"href":"https:\/\/www.europesays.com\/fr\/wp-json\/wp\/v2\/users\/2"}],"replies":[{"embeddable":true,"href":"https:\/\/www.europesays.com\/fr\/wp-json\/wp\/v2\/comments?post=228927"}],"version-history":[{"count":0,"href":"https:\/\/www.europesays.com\/fr\/wp-json\/wp\/v2\/posts\/228927\/revisions"}],"wp:featuredmedia":[{"embeddable":true,"href":"https:\/\/www.europesays.com\/fr\/wp-json\/wp\/v2\/media\/228928"}],"wp:attachment":[{"href":"https:\/\/www.europesays.com\/fr\/wp-json\/wp\/v2\/media?parent=228927"}],"wp:term":[{"taxonomy":"category","embeddable":true,"href":"https:\/\/www.europesays.com\/fr\/wp-json\/wp\/v2\/categories?post=228927"},{"taxonomy":"post_tag","embeddable":true,"href":"https:\/\/www.europesays.com\/fr\/wp-json\/wp\/v2\/tags?post=228927"}],"curies":[{"name":"wp","href":"https:\/\/api.w.org\/{rel}","templated":true}]}}