{"id":228953,"date":"2025-07-05T20:41:10","date_gmt":"2025-07-05T20:41:10","guid":{"rendered":"https:\/\/www.europesays.com\/fr\/228953\/"},"modified":"2025-07-05T20:41:10","modified_gmt":"2025-07-05T20:41:10","slug":"xbox-recommande-aux-employes-quil-a-licencies-dutiliser-son-ia-comme-soutien-emotionnel","status":"publish","type":"post","link":"https:\/\/www.europesays.com\/fr\/228953\/","title":{"rendered":"Xbox recommande aux employ\u00e9s qu\u2019il a licenci\u00e9s d&rsquo;utiliser son IA comme \u00ab\u00a0soutien \u00e9motionnel\u00a0\u00bb"},"content":{"rendered":"<p class=\"ed__a-p ed__bdy__l\"><img loading=\"lazy\" decoding=\"async\" src=\"data:image\/svg+xml,%3Csvg xmlns='http:\/\/www.w3.org\/2000\/svg'%3E%3C\/svg%3E\" draggable=\"false\" width=\"6240\" height=\"3832\" class=\"ed__title-xxs\" alt=\"Xbox recommande aux employ\u00e9s qu\u2019il a licenci\u00e9s d'utiliser son IA comme \" soutien=\"\" aspect-ratio:6240=\"\"\/><\/p>\n<p>\u00a9 Shutterstock\/Mamun_Sheikh<\/p>\n<\/p>\n<p class=\"ed__a-p ed__bdy__l\">Plusieurs projets ont \u00e9galement \u00e9t\u00e9 impact\u00e9s par cette d\u00e9cision, avec trois jeux Xbox annul\u00e9s, des suppressions de postes dans plusieurs studios, et m\u00eame la fermeture compl\u00e8te du d\u00e9veloppeur The Initiative.<\/p>\n<p>            Publicit\u00e9, votre contenu continue ci-dessous<\/p>\n<p>        Publicit\u00e9<\/p>\n<p>Le conseil tr\u00e8s insensible d&rsquo;un dirigeant de Xbox<\/p>\n<p class=\"ed__a-p ed__bdy__l\">Suite \u00e0 cette journ\u00e9e tr\u00e8s sombre pour des milliers d\u2019employ\u00e9s, un dirigeant de Microsoft a partag\u00e9 un conseil particuli\u00e8rement maladroit : que les employ\u00e9s licenci\u00e9s se tournent vers l\u2019IA pour obtenir un soutien \u00e9motionnel.<\/p>\n<p class=\"ed__a-p ed__bdy__l\">Matt Turnbull, producteur ex\u00e9cutif chez Xbox Game Studios Publishing, a publi\u00e9 un message sur LinkedIn o\u00f9 il explique qu\u2019il \u00ab\u00a0serait n\u00e9gligent de ne pas essayer d\u2019offrir les meilleurs conseils possibles aux personnes licenci\u00e9es dans ce moment difficile\u00a0\u00bb.<\/p>\n<p class=\"ed__a-p ed__bdy__l\">Alors dit comme \u00e7a, on s\u2019imagine qu\u2019il s\u2019agit d\u2019une blague du 1er avril en avance et qu\u2019un cadre dirigeant d\u2019une multinationale n\u2019a pas pu partager un conseil aussi hors sol et insensible. Et pourtant, le m\u00e9dia <a href=\"https:\/\/aftermath.site\/xbox-microsoft-layoffs-ai-prompt-chatgpt-matt\" target=\"_blank\" rel=\"nofollow noopener\">Aftermath<\/a> a fait une capture d\u2019\u00e9cran avant la suppression d\u00e9finitive du poste. Pour rappel, Matt Turnbull a 25  ans d\u2019exp\u00e9rience professionnelle, dont 15 ann\u00e9es chez Microsoft.<\/p>\n<p class=\"ed__a-p ed__bdy__l\">Au cours de l\u2019ann\u00e9e, Microsoft a licenci\u00e9 pas moins de 15 000 personnes. Alors il serait peut-\u00eatre pr\u00e9f\u00e9rable pour les dirigeants de rester discrets et d\u2019\u00e9viter ce genre de publication qui montre le d\u00e9calage entre la direction et la r\u00e9alit\u00e9 v\u00e9cue par des employ\u00e9s touch\u00e9s par ces restructurations massives.<\/p>\n<p>            Publicit\u00e9, votre contenu continue ci-dessous<\/p>\n<p>        Publicit\u00e9<\/p>\n<p class=\"ed__a-p ed__bdy__l\">Envie de faire encore plus d\u2019\u00e9conomies ? D\u00e9couvrez <a href=\"https:\/\/www.lesnumeriques.com\/codes-promo.html\" rel=\"nofollow noopener\" target=\"_blank\">nos codes promo<\/a> s\u00e9lectionn\u00e9s pour vous.<\/p>\n","protected":false},"excerpt":{"rendered":"\u00a9 Shutterstock\/Mamun_Sheikh Plusieurs projets ont \u00e9galement \u00e9t\u00e9 impact\u00e9s par cette d\u00e9cision, avec trois jeux Xbox annul\u00e9s, des suppressions&hellip;\n","protected":false},"author":2,"featured_media":228954,"comment_status":"","ping_status":"","sticky":false,"template":"","format":"standard","meta":{"footnotes":""},"categories":[7],"tags":[1011,27,43,40,41,39,42,44],"class_list":{"0":"post-228953","1":"post","2":"type-post","3":"status-publish","4":"format-standard","5":"has-post-thumbnail","7":"category-sciences-et-technologies","8":"tag-fr","9":"tag-france","10":"tag-science","11":"tag-science-and-technology","12":"tag-sciences","13":"tag-sciences-et-technologies","14":"tag-technologies","15":"tag-technology"},"share_on_mastodon":{"url":"https:\/\/pubeurope.com\/@fr\/114802569061066338","error":""},"_links":{"self":[{"href":"https:\/\/www.europesays.com\/fr\/wp-json\/wp\/v2\/posts\/228953","targetHints":{"allow":["GET"]}}],"collection":[{"href":"https:\/\/www.europesays.com\/fr\/wp-json\/wp\/v2\/posts"}],"about":[{"href":"https:\/\/www.europesays.com\/fr\/wp-json\/wp\/v2\/types\/post"}],"author":[{"embeddable":true,"href":"https:\/\/www.europesays.com\/fr\/wp-json\/wp\/v2\/users\/2"}],"replies":[{"embeddable":true,"href":"https:\/\/www.europesays.com\/fr\/wp-json\/wp\/v2\/comments?post=228953"}],"version-history":[{"count":0,"href":"https:\/\/www.europesays.com\/fr\/wp-json\/wp\/v2\/posts\/228953\/revisions"}],"wp:featuredmedia":[{"embeddable":true,"href":"https:\/\/www.europesays.com\/fr\/wp-json\/wp\/v2\/media\/228954"}],"wp:attachment":[{"href":"https:\/\/www.europesays.com\/fr\/wp-json\/wp\/v2\/media?parent=228953"}],"wp:term":[{"taxonomy":"category","embeddable":true,"href":"https:\/\/www.europesays.com\/fr\/wp-json\/wp\/v2\/categories?post=228953"},{"taxonomy":"post_tag","embeddable":true,"href":"https:\/\/www.europesays.com\/fr\/wp-json\/wp\/v2\/tags?post=228953"}],"curies":[{"name":"wp","href":"https:\/\/api.w.org\/{rel}","templated":true}]}}