{"id":228957,"date":"2025-07-05T20:43:10","date_gmt":"2025-07-05T20:43:10","guid":{"rendered":"https:\/\/www.europesays.com\/fr\/228957\/"},"modified":"2025-07-05T20:43:10","modified_gmt":"2025-07-05T20:43:10","slug":"trump-pret-a-durcir-les-sanctions-contre-la-russie-et-lonu-condamne-lattaque-massive-menee-par-moscou","status":"publish","type":"post","link":"https:\/\/www.europesays.com\/fr\/228957\/","title":{"rendered":"Trump pr\u00eat \u00e0 durcir les sanctions contre la Russie et l\u2019ONU condamne l\u2019attaque massive men\u00e9e par Moscou"},"content":{"rendered":"<p>Vous avez rat\u00e9 les derniers \u00e9v\u00e9nements sur la <a href=\"https:\/\/www.20minutes.fr\/monde\/ukraine\/\" class=\"color-ultramarine c-link\" target=\"_blank\" rel=\"noopener\">guerre en Ukraine<\/a>\u00a0? 20 Minutes fait le point pour vous tous les soirs. Voici l\u2019essentiel de ce vendredi 4\u00a0juillet, 1.228e jour du conflit.<\/p>\n<p>Le fait du jour<\/p>\n<p>Ant\u00f3nio\u00a0Guterres, Secr\u00e9taire g\u00e9n\u00e9ral de l\u2019<a href=\"https:\/\/www.20minutes.fr\/monde\/onu\/\" class=\"color-ultramarine c-link\" target=\"_blank\" rel=\"noopener\">ONU<\/a>, dit \u00ab\u00a0condamner fermement la derni\u00e8re s\u00e9rie d\u2019attaques \u00e0 grande \u00e9chelle de drones et de missiles men\u00e9e par la Russie\u00a0\u00bb, dans un communiqu\u00e9 faisant r\u00e9f\u00e9rence \u00e0 l\u2019attaque de vendredi, appelant \u00e0 un cessez-le-feu total, imm\u00e9diat et inconditionnel.<\/p>\n<p>\u00ab\u00a0Le secr\u00e9taire g\u00e9n\u00e9ral est alarm\u00e9 par cette escalade dangereuse et le nombre croissant de victimes civiles. Les attaques contre les civils et l\u2019infrastructure civile sont interdites par les lois internationales et doivent cesser imm\u00e9diatement\u00a0\u00bb, a soulign\u00e9 le communiqu\u00e9 rendu public par le porte-parole de l\u2019ONU Stephane Dujarric.<\/p>\n<p>L\u2019Ukraine a \u00e9t\u00e9 la cible dans la nuit de jeudi \u00e0 vendredi de l\u2019<a href=\"https:\/\/www.20minutes.fr\/monde\/ukraine\/4162015-20250704-guerre-ukraine-zelensky-rapproche-trump-russie-bombarde-lourdement\" target=\"_blank\" class=\"color-ultramarine c-link\" rel=\"noopener\">attaque de drones russes<\/a> la plus massive de la guerre.<\/p>\n<p>La d\u00e9claration du jour<\/p>\n<blockquote class=\"mx-m@xs mx-xxl@md color-ultramarine c-citation\">\n<p class=\"font-weight-regular@xs text-italic font-source-serif-pro text-l@xs c-citation__content\">\u00ab\u00a0C&rsquo;est une situation tr\u00e8s difficile. Je vous ai dit que j&rsquo;\u00e9tais tr\u00e8s m\u00e9content de ma conversation avec le pr\u00e9sident Poutine. Il veut aller jusqu&rsquo;au bout, juste continuer de tuer des gens, ce n&rsquo;est pas bien \u00a0\u00bb<\/p>\n<\/blockquote>\n<p>\u00ab\u00a0C\u2019est une situation tr\u00e8s difficile. Je vous ai dit que j\u2019\u00e9tais tr\u00e8s m\u00e9content de ma conversation avec le pr\u00e9sident Poutine. Il veut aller jusqu\u2019au bout, juste continuer de tuer des gens, ce n\u2019est pas bien\u00a0\u00bb, a affirm\u00e9 <a href=\"https:\/\/www.20minutes.fr\/dossier\/donald_trump\" class=\"color-ultramarine c-link\" target=\"_blank\" rel=\"noopener\">Donald Trump<\/a> \u00e0 la presse \u00e0 bord d\u2019Air Force One vendredi, au lendemain de l\u2019appel entre les deux hommes qui n\u2019a pas permis d\u2019avanc\u00e9e.<\/p>\n<p>Le pr\u00e9sident am\u00e9ricain a laiss\u00e9 entendre qu\u2019il pourrait \u00eatre pr\u00eat \u00e0 durcir les sanctions contre Moscou, apr\u00e8s avoir \u00e9vit\u00e9 d\u2019y recourir depuis son retour \u00e0 la Maison-Blanche en janvier, esp\u00e9rant persuader son homologue russe de mettre fin \u00e0 la guerre.<\/p>\n<p>\u00ab\u00a0Nous parlons beaucoup des sanctions\u00a0\u00bb, a d\u00e9clar\u00e9 M. Trump \u00e0 propos de ses conversations avec Vladimir Poutine. \u00ab\u00a0Il comprend que cela pourrait arriver\u00a0\u00bb.<\/p>\n<p>Donald Trump a ajout\u00e9 qu\u2019il avait eu par ailleurs un \u00ab\u00a0appel tr\u00e8s strat\u00e9gique\u00a0\u00bb avec le pr\u00e9sident ukrainien <a href=\"https:\/\/www.20minutes.fr\/monde\/volodymyr-zelensky\/\" class=\"color-ultramarine c-link\" target=\"_blank\" rel=\"noopener\">Volodymyr Zelensky<\/a> vendredi, alors que les inqui\u00e9tudes grandissent \u00e0 Kiev concernant les livraisons d\u2019aide militaire am\u00e9ricaine.<\/p>\n<p>M.\u00a0Zelensky a \u00e9voqu\u00e9 une discussion \u00ab\u00a0approfondie\u00a0\u00bb au cours de laquelle les deux dirigeants se sont mis d\u2019accord pour travailler \u00e0 \u00ab\u00a0renforcer\u00a0\u00bb les d\u00e9fenses a\u00e9riennes de l\u2019Ukraine, apr\u00e8s la plus grande attaque de drones et de missiles subie par l\u2019Ukraine depuis le d\u00e9but de l\u2019invasion russe vendredi.<\/p>\n<p>Donald Trump a dit avoir \u00e9galement discut\u00e9 de l\u2019envoi de syst\u00e8mes de d\u00e9fense a\u00e9rienne Patriot en Ukraine lors d\u2019un appel distinct avec le chancelier allemand Friedrich vendredi, m\u00eame s\u2019il n\u2019avait pas d\u00e9cid\u00e9 encore de fournir cet \u00e9quipement cl\u00e9. M.\u00a0Merz \u00ab\u00a0estime qu\u2019ils doivent \u00eatre prot\u00e9g\u00e9s\u00a0\u00bb, a d\u00e9clar\u00e9 M. Trump en r\u00e9f\u00e9rence \u00e0 l\u2019Ukraine.<\/p>\n<\/p>\n<p>La tendance<\/p>\n<p>Cette s\u00e9rie d\u2019\u00e9changes entre le pr\u00e9sident am\u00e9ricain, Vladimir Poutine et Volodymyr Zelensky intervient \u00e0 un moment o\u00f9 les villes d\u2019Ukraine continuent de subir les frappes russes face au manque de syst\u00e8mes de d\u00e9fense antia\u00e9rienne pour couvrir efficacement l\u2019ensemble du territoire.<\/p>\n<p>Preuve de l\u2019impasse dans laquelle se trouvent les pourparlers de paix malgr\u00e9 leur reprise en mai, Donald Trump avait d\u00e9j\u00e0 avou\u00e9 jeudi n\u2019avoir fait \u00ab\u00a0aucun progr\u00e8s\u00a0\u00bb pendant son entretien avec Vladimir Poutine.<\/p>\n<p>Le troisi\u00e8me cycle de pourparlers directs entre Russes et Ukrainiens n\u2019a d\u2019ailleurs toujours pas \u00e9t\u00e9 annonc\u00e9, un mois apr\u00e8s une derni\u00e8re r\u00e9union peu fructueuse en Turquie.<\/p>\n<p><a href=\"https:\/\/www.20minutes.fr\/monde\/ukraine\/\" class=\"c-link c-btn c-btn--primary\" target=\"_blank\" rel=\"noopener\">Notre dossier sur la guerre en Ukraine<\/a><\/p>\n<p>Vladimir Poutine exige toujours que l\u2019Ukraine c\u00e8de quatre r\u00e9gions, en plus de la Crim\u00e9e annex\u00e9e en\u00a02014, et qu\u2019elle renonce \u00e0 rejoindre l\u2019Otan. Des conditions inacceptables pour l\u2019Ukraine, qui demande le retrait des troupes russes.<\/p>\n","protected":false},"excerpt":{"rendered":"Vous avez rat\u00e9 les derniers \u00e9v\u00e9nements sur la guerre en Ukraine\u00a0? 20 Minutes fait le point pour vous&hellip;\n","protected":false},"author":2,"featured_media":228958,"comment_status":"","ping_status":"","sticky":false,"template":"","format":"standard","meta":{"footnotes":""},"categories":[5],"tags":[47,11,672,1898,75,1011,27,4710,131,14,4997,74,1916,12,132,135,134,28],"class_list":{"0":"post-228957","1":"post","2":"type-post","3":"status-publish","4":"format-standard","5":"has-post-thumbnail","7":"category-international","8":"tag-actualite","9":"tag-actualites","10":"tag-allemagne","11":"tag-berlin","12":"tag-donald-trump","13":"tag-fr","14":"tag-france","15":"tag-friedrich-merz","16":"tag-guerre-en-ukraine","17":"tag-international","18":"tag-kiev-kyiv","19":"tag-monde","20":"tag-moscou","21":"tag-news","22":"tag-russie","23":"tag-vladimir-poutine","24":"tag-volodymyr-zelensky","25":"tag-world"},"share_on_mastodon":{"url":"https:\/\/pubeurope.com\/@fr\/114802576867235312","error":""},"_links":{"self":[{"href":"https:\/\/www.europesays.com\/fr\/wp-json\/wp\/v2\/posts\/228957","targetHints":{"allow":["GET"]}}],"collection":[{"href":"https:\/\/www.europesays.com\/fr\/wp-json\/wp\/v2\/posts"}],"about":[{"href":"https:\/\/www.europesays.com\/fr\/wp-json\/wp\/v2\/types\/post"}],"author":[{"embeddable":true,"href":"https:\/\/www.europesays.com\/fr\/wp-json\/wp\/v2\/users\/2"}],"replies":[{"embeddable":true,"href":"https:\/\/www.europesays.com\/fr\/wp-json\/wp\/v2\/comments?post=228957"}],"version-history":[{"count":0,"href":"https:\/\/www.europesays.com\/fr\/wp-json\/wp\/v2\/posts\/228957\/revisions"}],"wp:featuredmedia":[{"embeddable":true,"href":"https:\/\/www.europesays.com\/fr\/wp-json\/wp\/v2\/media\/228958"}],"wp:attachment":[{"href":"https:\/\/www.europesays.com\/fr\/wp-json\/wp\/v2\/media?parent=228957"}],"wp:term":[{"taxonomy":"category","embeddable":true,"href":"https:\/\/www.europesays.com\/fr\/wp-json\/wp\/v2\/categories?post=228957"},{"taxonomy":"post_tag","embeddable":true,"href":"https:\/\/www.europesays.com\/fr\/wp-json\/wp\/v2\/tags?post=228957"}],"curies":[{"name":"wp","href":"https:\/\/api.w.org\/{rel}","templated":true}]}}