{"id":228965,"date":"2025-07-05T20:47:10","date_gmt":"2025-07-05T20:47:10","guid":{"rendered":"https:\/\/www.europesays.com\/fr\/228965\/"},"modified":"2025-07-05T20:47:10","modified_gmt":"2025-07-05T20:47:10","slug":"les-petits-bonshommes-bleus-en-avant-premiere-au-megarama-saint-etienne","status":"publish","type":"post","link":"https:\/\/www.europesays.com\/fr\/228965\/","title":{"rendered":"LES PETITS BONSHOMMES BLEUS EN AVANT-PREMI\u00c8RE AU MEGARAMA SAINT-\u00c9TIENNE"},"content":{"rendered":"<p>Les cin\u00e9philes de la r\u00e9gion auront l\u2019opportunit\u00e9 de plonger dans cet univers fantastique d\u00e8s dimanche 13 juillet. Deux projections sont programm\u00e9es en VF : une matin\u00e9e \u00e0 11 heures et une s\u00e9ance d\u2019apr\u00e8s-midi \u00e0 14 heures au Megarama Jean-Jaur\u00e8s.<\/p>\n<p>L\u2019histoire d\u00e9marre sur un \u00e9v\u00e9nement dramatique : l\u2019enl\u00e8vement myst\u00e9rieux du patriarche du village, le Grand Schtroumpf, par Razamel et Gargamel. Cette disparition bouleverse l\u2019\u00e9quilibre de la communaut\u00e9 et lance l\u2019intrigue principale.<\/p>\n<p>Face \u00e0 cette crise, la Schtroumpfette et son fid\u00e8le compagnon, le Schtroumpf Sans-Nom, prennent l\u2019initiative d\u2019une mission de sauvetage p\u00e9rilleuse. Leur qu\u00eate les m\u00e8nera bien au-del\u00e0 des fronti\u00e8res famili\u00e8res de leur territoire.<\/p>\n<p>Un casting vocal de prestige<\/p>\n<p>Chris Miller assure la r\u00e9alisation de cette production ambitieuse, s\u2019appuyant sur un plateau vocal international de premier plan. Rihanna, James Corden, Nick Offerman, JP Karliak et Dan Levy pr\u00eatent leurs voix aux diff\u00e9rents personnages en VO, apportant leur talent et leur notori\u00e9t\u00e9 au projet. Cette distribution \u00e9clectique m\u00e9lange stars de la musique, acteurs reconnus et sp\u00e9cialistes du doublage, promettant une richesse d\u2019interpr\u00e9tation \u00e0 la hauteur de l\u2019univers cr\u00e9\u00e9 par Peyo. R\u00e9servation <a href=\"https:\/\/jean-jaures.megarama.fr\/FR\/fiche-film-cinema\/M531NC\/les-schtroumpfs-le-film.html\" target=\"_blank\" rel=\"noreferrer noopener\">ICI<\/a>.<\/p>\n","protected":false},"excerpt":{"rendered":"Les cin\u00e9philes de la r\u00e9gion auront l\u2019opportunit\u00e9 de plonger dans cet univers fantastique d\u00e8s dimanche 13 juillet. Deux&hellip;\n","protected":false},"author":2,"featured_media":228966,"comment_status":"","ping_status":"","sticky":false,"template":"","format":"standard","meta":{"footnotes":""},"categories":[9653],"tags":[1111,11,2430,650,1777,674,1011,27,3367,12,25,4001,35182],"class_list":{"0":"post-228965","1":"post","2":"type-post","3":"status-publish","4":"format-standard","5":"has-post-thumbnail","7":"category-saint-etienne","8":"tag-actu","9":"tag-actualites","10":"tag-auvergne-rhone-alpes","11":"tag-cinema","12":"tag-eu","13":"tag-europe","14":"tag-fr","15":"tag-france","16":"tag-loire","17":"tag-news","18":"tag-republique-francaise","19":"tag-saint-etienne","20":"tag-schtroumpfs"},"share_on_mastodon":{"url":"https:\/\/pubeurope.com\/@fr\/114802592569260964","error":""},"_links":{"self":[{"href":"https:\/\/www.europesays.com\/fr\/wp-json\/wp\/v2\/posts\/228965","targetHints":{"allow":["GET"]}}],"collection":[{"href":"https:\/\/www.europesays.com\/fr\/wp-json\/wp\/v2\/posts"}],"about":[{"href":"https:\/\/www.europesays.com\/fr\/wp-json\/wp\/v2\/types\/post"}],"author":[{"embeddable":true,"href":"https:\/\/www.europesays.com\/fr\/wp-json\/wp\/v2\/users\/2"}],"replies":[{"embeddable":true,"href":"https:\/\/www.europesays.com\/fr\/wp-json\/wp\/v2\/comments?post=228965"}],"version-history":[{"count":0,"href":"https:\/\/www.europesays.com\/fr\/wp-json\/wp\/v2\/posts\/228965\/revisions"}],"wp:featuredmedia":[{"embeddable":true,"href":"https:\/\/www.europesays.com\/fr\/wp-json\/wp\/v2\/media\/228966"}],"wp:attachment":[{"href":"https:\/\/www.europesays.com\/fr\/wp-json\/wp\/v2\/media?parent=228965"}],"wp:term":[{"taxonomy":"category","embeddable":true,"href":"https:\/\/www.europesays.com\/fr\/wp-json\/wp\/v2\/categories?post=228965"},{"taxonomy":"post_tag","embeddable":true,"href":"https:\/\/www.europesays.com\/fr\/wp-json\/wp\/v2\/tags?post=228965"}],"curies":[{"name":"wp","href":"https:\/\/api.w.org\/{rel}","templated":true}]}}