{"id":228997,"date":"2025-07-05T21:10:14","date_gmt":"2025-07-05T21:10:14","guid":{"rendered":"https:\/\/www.europesays.com\/fr\/228997\/"},"modified":"2025-07-05T21:10:14","modified_gmt":"2025-07-05T21:10:14","slug":"championship-championship-2025-round-16-la-composition-du-toulouse-olympique-pour-la-reception-de-doncaster-rugby-a-xiii","status":"publish","type":"post","link":"https:\/\/www.europesays.com\/fr\/228997\/","title":{"rendered":"Championship &#8211; Championship 2025 &#8211; Round 16 : La composition du Toulouse Olympique pour la r\u00e9ception de Doncaster &#8211; Rugby \u00e0 XIII"},"content":{"rendered":"<p style=\"text-align: justify;\"><strong>Voici la composition officielle du Toulouse Olympique pour affronter Doncaster dans le cadre de la 16\u00e8me journ\u00e9e de Championship.<\/strong><\/p>\n<p style=\"text-align: justify;\">Le coup d\u2019envoi du match entre le Toulouse Olympique et Doncaster est pr\u00e9vu \u00e0 20h00 \u00e0 Colomiers et la rencontre sera retransmise sur YouTube et vi\u00e0Occitanie.<\/p>\n<p>La composition du Toulouse Olympique<\/p>\n<blockquote class=\"instagram-media\" data-instgrm-captioned=\"\" data-instgrm-permalink=\"https:\/\/www.instagram.com\/p\/DLu5y4Ch7Xp\/?utm_source=ig_embed&amp;utm_campaign=loading\" data-instgrm-version=\"14\" style=\" background:#FFF; border:0; border-radius:3px; box-shadow:0 0 1px 0 rgba(0,0,0,0.5),0 1px 10px 0 rgba(0,0,0,0.15); margin: 1px; max-width:500px; min-width:326px; padding:0; width:99.375%; width:-webkit-calc(100% - 2px); width:calc(100% - 2px);\">\n<\/blockquote>\n<p>La composition de Doncaster<\/p>\n<blockquote class=\"twitter-tweet\" data-width=\"500\" data-dnt=\"true\">\n<p lang=\"en\" dir=\"ltr\">\ud83d\udd22 | Team announcement <\/p>\n<p>Richard Horne has named his team to face <a href=\"https:\/\/twitter.com\/TOXIII?ref_src=twsrc%5Etfw\" target=\"_blank\" rel=\"noopener\">@TOXIII<\/a> this evening (8pm CET).<\/p>\n<p>\ud83d\udd35 <a href=\"https:\/\/twitter.com\/hashtag\/COYD?src=hash&amp;ref_src=twsrc%5Etfw\" target=\"_blank\" rel=\"noopener\">#COYD<\/a> \ud83d\udfe0 <a href=\"https:\/\/t.co\/9G20n17YL8\">pic.twitter.com\/9G20n17YL8<\/a><\/p>\n<p>\u2014 Doncaster RLFC (@Doncaster_RLFC) <a href=\"https:\/\/twitter.com\/Doncaster_RLFC\/status\/1941557691475788144?ref_src=twsrc%5Etfw\" target=\"_blank\" rel=\"noopener\">July 5, 2025<\/a><\/p>\n<\/blockquote>\n<p>        <script async src=\"https:\/\/platform.twitter.com\/widgets.js\" charset=\"utf-8\"><\/script><script async src=\"\/\/www.instagram.com\/embed.js\"><\/script><\/p>\n","protected":false},"excerpt":{"rendered":"Voici la composition officielle du Toulouse Olympique pour affronter Doncaster dans le cadre de la 16\u00e8me journ\u00e9e de&hellip;\n","protected":false},"author":2,"featured_media":72066,"comment_status":"","ping_status":"","sticky":false,"template":"","format":"standard","meta":{"footnotes":""},"categories":[2816],"tags":[1111,11,3500,3984,36274,1777,674,1011,27,12,2680,25,2228,2229,2312,3502],"class_list":{"0":"post-228997","1":"post","2":"type-post","3":"status-publish","4":"format-standard","5":"has-post-thumbnail","7":"category-toulouse","8":"tag-actu","9":"tag-actualites","10":"tag-championship","11":"tag-composition","12":"tag-doncaster","13":"tag-eu","14":"tag-europe","15":"tag-fr","16":"tag-france","17":"tag-news","18":"tag-occitanie","19":"tag-republique-francaise","20":"tag-rugby-a-xiii","21":"tag-rugby-league","22":"tag-toulouse","23":"tag-toulouse-olympique"},"share_on_mastodon":{"url":"https:\/\/pubeurope.com\/@fr\/114802683063145406","error":""},"_links":{"self":[{"href":"https:\/\/www.europesays.com\/fr\/wp-json\/wp\/v2\/posts\/228997","targetHints":{"allow":["GET"]}}],"collection":[{"href":"https:\/\/www.europesays.com\/fr\/wp-json\/wp\/v2\/posts"}],"about":[{"href":"https:\/\/www.europesays.com\/fr\/wp-json\/wp\/v2\/types\/post"}],"author":[{"embeddable":true,"href":"https:\/\/www.europesays.com\/fr\/wp-json\/wp\/v2\/users\/2"}],"replies":[{"embeddable":true,"href":"https:\/\/www.europesays.com\/fr\/wp-json\/wp\/v2\/comments?post=228997"}],"version-history":[{"count":0,"href":"https:\/\/www.europesays.com\/fr\/wp-json\/wp\/v2\/posts\/228997\/revisions"}],"wp:featuredmedia":[{"embeddable":true,"href":"https:\/\/www.europesays.com\/fr\/wp-json\/wp\/v2\/media\/72066"}],"wp:attachment":[{"href":"https:\/\/www.europesays.com\/fr\/wp-json\/wp\/v2\/media?parent=228997"}],"wp:term":[{"taxonomy":"category","embeddable":true,"href":"https:\/\/www.europesays.com\/fr\/wp-json\/wp\/v2\/categories?post=228997"},{"taxonomy":"post_tag","embeddable":true,"href":"https:\/\/www.europesays.com\/fr\/wp-json\/wp\/v2\/tags?post=228997"}],"curies":[{"name":"wp","href":"https:\/\/api.w.org\/{rel}","templated":true}]}}