{"id":228998,"date":"2025-07-05T21:11:11","date_gmt":"2025-07-05T21:11:11","guid":{"rendered":"https:\/\/www.europesays.com\/fr\/228998\/"},"modified":"2025-07-05T21:11:11","modified_gmt":"2025-07-05T21:11:11","slug":"tour-de-france-a-lille-les-wapisiens-sont-la-video","status":"publish","type":"post","link":"https:\/\/www.europesays.com\/fr\/228998\/","title":{"rendered":"Tour de France \u00e0 Lille\u00a0: les Wapisiens sont l\u00e0\u00a0! (vid\u00e9o)"},"content":{"rendered":"<p><img loading=\"lazy\" decoding=\"async\" class=\"w-full lazyload lazyload--opacity object-contain\" style=\"aspect-ratio:133 \/ 100;opacity:1\" alt=\"Accompagn\u00e9 par sa famille, Humberto rejoint son fils, m\u00e9cano dans l'\u00e9quipe Arkea-B&amp;B H\u00f4tels.\" width=\"768\" height=\"576\" fetchpriority=\"auto\" src=\"https:\/\/www.europesays.com\/fr\/wp-content\/uploads\/2025\/05\/S5VKD3X55FFF3BW6V4SEHXNP7I.png\"  data- data-optimumx=\"1\"\/>Accompagn\u00e9 par sa famille, Humberto rejoint son fils, m\u00e9cano dans l&rsquo;\u00e9quipe Arkea-B&amp;B H\u00f4tels. \u00a9Laure Watrin<\/p>\n<p class=\"ap-StoryElement ap-StoryElement--mb ap-StoryText\">Les autres voyageurs sont eux unanimes, leur soutien est apport\u00e9 aux coureurs noir-jaune-rouge. \u00ab\u00a0Remco Evenepoel, Wout Van Aert ou encore un \u00e9quipier comme Thibaut Wellens pourquoi pas\u00a0\u00bb, souligne Claire, P\u00e9ruwelzienne, qui a d\u00e9velopp\u00e9 sa passion pour le v\u00e9lo \u00e0 l&rsquo;\u00e2ge de dix ans gr\u00e2ce \u00e0 son grand-p\u00e8re. Il y a ceux qui encouragent les Belges \u00e0 plein poumon sur les routes fran\u00e7aises et il y en a d&rsquo;autres qui n&rsquo;attendent que de s&rsquo;\u00e9gosiller lors de la Caravane publicitaire. Jean-Bernard a un objectif : r\u00e9cup\u00e9rer un goodie de la marque Vache qui rit. \u00ab\u00a0Le Tour de France ne sera r\u00e9ussi que si on parvient \u00e0 l&rsquo;attraper\u00a0\u00bb, dit-il en rigolant et en ajoutant m\u00eame : \u00ab\u00a0On insulte les enfants qui nous piquent les goodies\u00a0\u00bb.<\/p>\n<p><img loading=\"lazy\" decoding=\"async\" class=\"w-full lazyload lazyload--opacity object-contain\" style=\"aspect-ratio:75 \/ 100;opacity:1\" alt=\"Jean-Bernard a un objectif pr\u00e9cis : r\u00e9cup\u00e9rer un goodie de la marque Vache qui rit.\" width=\"768\" height=\"1024\" fetchpriority=\"auto\" src=\"https:\/\/www.europesays.com\/fr\/wp-content\/uploads\/2025\/05\/S5VKD3X55FFF3BW6V4SEHXNP7I.png\"  data- data-optimumx=\"1\"\/>Jean-Bernard a un objectif pr\u00e9cis : r\u00e9cup\u00e9rer un goodie de la marque Vache qui rit. \u00a9Laure Watrin\u00a0\u00bbCela devrait \u00eatre un passage oblig\u00e9\u00a0\u00bb<\/p>\n<p class=\"ap-StoryElement ap-StoryElement--mb ap-StoryText\">\u00c0 la sortie de la gare lilloise, pas besoin de carte pour conna\u00eetre le chemin du spectacle populaire. Il suffit de suivre le peloton de supporters. Pr\u00e8s de la citadelle, \u00e0 l&rsquo;all\u00e9e des marronniers, des mains sont d\u00e9j\u00e0 tendues. Les 150 v\u00e9hicules de la Caravane se mettent en route.<\/p>\n<p><img loading=\"lazy\" decoding=\"async\" class=\"w-full lazyload lazyload--opacity object-contain\" style=\"aspect-ratio:133 \/ 100;opacity:1\" alt=\"La Caravane du Tour de France.\" width=\"768\" height=\"576\" fetchpriority=\"auto\" src=\"https:\/\/www.europesays.com\/fr\/wp-content\/uploads\/2025\/05\/S5VKD3X55FFF3BW6V4SEHXNP7I.png\"  data- data-optimumx=\"1\"\/>La Caravane du Tour de France. \u00a9Laure Watrin<\/p>\n<p class=\"ap-StoryElement ap-StoryElement--mb ap-StoryText\">Dans la foule, un drapeau du fan club d&rsquo;Arnaud De Lie attire l&rsquo;attention. Il est brandi par Laurent venu en bus t\u00f4t ce matin depuis la ville d&rsquo;Ath. \u00ab\u00a0On est une cinquantaine. C&rsquo;est le comit\u00e9 de la ducasse d&rsquo;Ostiches qui a d\u00e9cid\u00e9 de louer un bus avec les supporters d&rsquo;Arnaud De Lie. On a essay\u00e9 de f\u00e9d\u00e9rer tout le monde pour venir \u00e0 quelques kilom\u00e8tres de chez nous\u00a0\u00bb.<\/p>\n<p><img loading=\"lazy\" decoding=\"async\" class=\"w-full lazyload lazyload--opacity object-contain\" style=\"aspect-ratio:157 \/ 100;opacity:1\" alt=\"Le comit\u00e9 de la ducasse d'Ostiches a rassembl\u00e9 les supporters d'Arnaud De Lie.\" width=\"768\" height=\"490\" fetchpriority=\"auto\" src=\"https:\/\/www.europesays.com\/fr\/wp-content\/uploads\/2025\/05\/S5VKD3X55FFF3BW6V4SEHXNP7I.png\"  data- data-optimumx=\"1\"\/>Le comit\u00e9 de la ducasse d&rsquo;Ostiches a rassembl\u00e9 les supporters d&rsquo;Arnaud De Lie. \u00a9Laure Watrin<\/p>\n<p class=\"ap-StoryElement ap-StoryElement--mb ap-StoryText\">M\u00eame si Lille n&rsquo;est pas loin, \u00c9ric regrette que le Tour ne passe pas par la Belgique cette ann\u00e9e. \u00ab\u00a0C&rsquo;est quand m\u00eame une nation du cyclisme. Cela devrait \u00eatre un passage oblig\u00e9 comme il y a quelques ann\u00e9es \u00e0 Tournai\u00a0\u00bb. <a href=\"https:\/\/www.lavenir.net\/regions\/wallonie-picarde\/tournai\/2012\/12\/31\/juillet-le-tour-de-retour-a-tournai-apres-quarante-six-ans-3ICIW2QACRG57BMLYFBA67FSEU\/\" target=\"_blank\" rel=\"nofollow noopener\">En 2012, le Frasnois \u00e9tait pr\u00e9sent lors de la victoire de Mark Cavendish au boulevard Bara<\/a>. Le retrait\u00e9 Anglais a d&rsquo;ailleurs \u00e9t\u00e9 mis \u00e0 l&rsquo;honneur ce samedi avant la pr\u00e9sentation des \u00e9quipes.<\/p>\n<p><img loading=\"lazy\" decoding=\"async\" class=\"w-full lazyload lazyload--opacity object-contain\" style=\"aspect-ratio:178 \/ 100;opacity:1\" alt=\"L'Anglais Mark Cavendish \u00e9tait pr\u00e9sent lors de la premi\u00e8re \u00e9tape du Tour \u00e0 Lille.\" width=\"768\" height=\"432\" fetchpriority=\"auto\" src=\"https:\/\/www.europesays.com\/fr\/wp-content\/uploads\/2025\/05\/S5VKD3X55FFF3BW6V4SEHXNP7I.png\"  data- data-optimumx=\"1\"\/>L&rsquo;Anglais Mark Cavendish \u00e9tait pr\u00e9sent lors de la premi\u00e8re \u00e9tape du Tour \u00e0 Lille. \u00a9Laure Watrin<\/p>\n<p class=\"ap-StoryElement ap-StoryElement--mb ap-StoryText\">La formation UAE \u00e9tait certainement la plus attendue sur le podium du village du Tour avec \u00ab\u00a0Pogi\u00a0\u00bb, mais le gagnant de cette premi\u00e8re \u00e9tape, Jasper Philipsen, avait lui aussi re\u00e7u un bel accueil. Un Belge qui d\u00e9croche le maillot jaune, une victoire pour les r\u00e9gionaux qui s&rsquo;\u00e9taient d\u00e9plac\u00e9s.<\/p>\n<p><img loading=\"lazy\" decoding=\"async\" class=\"w-full lazyload lazyload--opacity object-contain\" style=\"aspect-ratio:178 \/ 100;opacity:1\" alt=\"Vers 13h10, le d\u00e9part fictif a \u00e9t\u00e9 donn\u00e9.\" width=\"768\" height=\"432\" fetchpriority=\"auto\" src=\"https:\/\/www.europesays.com\/fr\/wp-content\/uploads\/2025\/05\/S5VKD3X55FFF3BW6V4SEHXNP7I.png\"  data- data-optimumx=\"1\"\/>Vers 13h10, le d\u00e9part fictif a \u00e9t\u00e9 donn\u00e9. \u00a9Laure Watrin<\/p>\n","protected":false},"excerpt":{"rendered":"Accompagn\u00e9 par sa famille, Humberto rejoint son fils, m\u00e9cano dans l&rsquo;\u00e9quipe Arkea-B&amp;B H\u00f4tels. \u00a9Laure Watrin Les autres voyageurs&hellip;\n","protected":false},"author":2,"featured_media":228999,"comment_status":"","ping_status":"","sticky":false,"template":"","format":"standard","meta":{"footnotes":""},"categories":[2815],"tags":[1111,11,1777,674,1011,27,811,1307,12,25,210],"class_list":{"0":"post-228998","1":"post","2":"type-post","3":"status-publish","4":"format-standard","5":"has-post-thumbnail","7":"category-lille","8":"tag-actu","9":"tag-actualites","10":"tag-eu","11":"tag-europe","12":"tag-fr","13":"tag-france","14":"tag-hauts-de-france","15":"tag-lille","16":"tag-news","17":"tag-republique-francaise","18":"tag-tour-de-france"},"share_on_mastodon":{"url":"https:\/\/pubeurope.com\/@fr\/114802687218483659","error":""},"_links":{"self":[{"href":"https:\/\/www.europesays.com\/fr\/wp-json\/wp\/v2\/posts\/228998","targetHints":{"allow":["GET"]}}],"collection":[{"href":"https:\/\/www.europesays.com\/fr\/wp-json\/wp\/v2\/posts"}],"about":[{"href":"https:\/\/www.europesays.com\/fr\/wp-json\/wp\/v2\/types\/post"}],"author":[{"embeddable":true,"href":"https:\/\/www.europesays.com\/fr\/wp-json\/wp\/v2\/users\/2"}],"replies":[{"embeddable":true,"href":"https:\/\/www.europesays.com\/fr\/wp-json\/wp\/v2\/comments?post=228998"}],"version-history":[{"count":0,"href":"https:\/\/www.europesays.com\/fr\/wp-json\/wp\/v2\/posts\/228998\/revisions"}],"wp:featuredmedia":[{"embeddable":true,"href":"https:\/\/www.europesays.com\/fr\/wp-json\/wp\/v2\/media\/228999"}],"wp:attachment":[{"href":"https:\/\/www.europesays.com\/fr\/wp-json\/wp\/v2\/media?parent=228998"}],"wp:term":[{"taxonomy":"category","embeddable":true,"href":"https:\/\/www.europesays.com\/fr\/wp-json\/wp\/v2\/categories?post=228998"},{"taxonomy":"post_tag","embeddable":true,"href":"https:\/\/www.europesays.com\/fr\/wp-json\/wp\/v2\/tags?post=228998"}],"curies":[{"name":"wp","href":"https:\/\/api.w.org\/{rel}","templated":true}]}}