{"id":229002,"date":"2025-07-05T21:13:10","date_gmt":"2025-07-05T21:13:10","guid":{"rendered":"https:\/\/www.europesays.com\/fr\/229002\/"},"modified":"2025-07-05T21:13:10","modified_gmt":"2025-07-05T21:13:10","slug":"moto-le-team-marseillo-aixois-vip-moto","status":"publish","type":"post","link":"https:\/\/www.europesays.com\/fr\/229002\/","title":{"rendered":"Moto : le team marseillo-aixois VIP Moto"},"content":{"rendered":"<p>La troisi\u00e8me participation sera-t-elle la bonne ? La Honda N.113 du Team VIP Moto &#8211; Sporting Moto a \u00e9t\u00e9 pr\u00e9sent\u00e9e jeudi soir \u00e0 la Maison de la Mer de l&rsquo;ASPTT Marseille en vue du 88e Bol d&rsquo;Or (18-21 septembre sur le circuit Paul-Ricard du Castellet), qu&rsquo;elle esp\u00e8re cette fois terminer. En 2023 et <a href=\"https:\/\/www.laprovence.com\/article\/sports\/4607051700468414\/moto-bol-dor-les-provencaux-du-team-vmd-se-retirent-au-coeur-de-la-nuit\" target=\"_blank\" rel=\"noopener\">2024<\/a>, elle avait d\u00fb se r\u00e9soudre \u00e0 l&rsquo;abandon apr\u00e8s quelques heures de course seulement.<\/p>\n<p>Fort de ces deux premi\u00e8res exp\u00e9riences, l&rsquo;\u00e9quipage marseillo-aixois <a href=\"https:\/\/www.laprovence.com\/article\/sports\/77833111152319\/bol-dor-vip-moto-sinvite-au-castellet\" target=\"_blank\" rel=\"noopener\">manag\u00e9 par Kamel Haddad se structure<\/a>, avec une sorte de club-support, l&rsquo;ASPTT Marseille, charg\u00e9 de la logistique. Le quatuor de pilotes sera compos\u00e9 du Mart\u00e9gal Camille Hedelin, de l&rsquo;Alsacien Kevin Jacob et du Parisien Benjamin Colliaux (d\u00e9j\u00e0 pr\u00e9sents l&rsquo;an dernier) ainsi que du Suisse Noan Vasta.<\/p>\n<p>Objectif : terminer les 24 heures et pourquoi pas finir dans le top 5 de la cat\u00e9gorie Superstock, vu les premiers essais effectu\u00e9s.<\/p>\n","protected":false},"excerpt":{"rendered":"La troisi\u00e8me participation sera-t-elle la bonne ? La Honda N.113 du Team VIP Moto &#8211; Sporting Moto a&hellip;\n","protected":false},"author":2,"featured_media":229003,"comment_status":"","ping_status":"","sticky":false,"template":"","format":"standard","meta":{"footnotes":""},"categories":[2814],"tags":[17,1111,11,1777,674,1011,27,884,36752,1457,12,882,25,8360,60,26401,36753],"class_list":{"0":"post-229002","1":"post","2":"type-post","3":"status-publish","4":"format-standard","5":"has-post-thumbnail","7":"category-marseille","8":"tag-17","9":"tag-actu","10":"tag-actualites","11":"tag-eu","12":"tag-europe","13":"tag-fr","14":"tag-france","15":"tag-marseille","16":"tag-marseillo-aixois","17":"tag-moto","18":"tag-news","19":"tag-provence-alpes-cote-dazur","20":"tag-republique-francaise","21":"tag-sporting","22":"tag-sports","23":"tag-team","24":"tag-vip"},"share_on_mastodon":{"url":"https:\/\/pubeurope.com\/@fr\/114802694798796687","error":""},"_links":{"self":[{"href":"https:\/\/www.europesays.com\/fr\/wp-json\/wp\/v2\/posts\/229002","targetHints":{"allow":["GET"]}}],"collection":[{"href":"https:\/\/www.europesays.com\/fr\/wp-json\/wp\/v2\/posts"}],"about":[{"href":"https:\/\/www.europesays.com\/fr\/wp-json\/wp\/v2\/types\/post"}],"author":[{"embeddable":true,"href":"https:\/\/www.europesays.com\/fr\/wp-json\/wp\/v2\/users\/2"}],"replies":[{"embeddable":true,"href":"https:\/\/www.europesays.com\/fr\/wp-json\/wp\/v2\/comments?post=229002"}],"version-history":[{"count":0,"href":"https:\/\/www.europesays.com\/fr\/wp-json\/wp\/v2\/posts\/229002\/revisions"}],"wp:featuredmedia":[{"embeddable":true,"href":"https:\/\/www.europesays.com\/fr\/wp-json\/wp\/v2\/media\/229003"}],"wp:attachment":[{"href":"https:\/\/www.europesays.com\/fr\/wp-json\/wp\/v2\/media?parent=229002"}],"wp:term":[{"taxonomy":"category","embeddable":true,"href":"https:\/\/www.europesays.com\/fr\/wp-json\/wp\/v2\/categories?post=229002"},{"taxonomy":"post_tag","embeddable":true,"href":"https:\/\/www.europesays.com\/fr\/wp-json\/wp\/v2\/tags?post=229002"}],"curies":[{"name":"wp","href":"https:\/\/api.w.org\/{rel}","templated":true}]}}