{"id":229004,"date":"2025-07-05T21:14:10","date_gmt":"2025-07-05T21:14:10","guid":{"rendered":"https:\/\/www.europesays.com\/fr\/229004\/"},"modified":"2025-07-05T21:14:10","modified_gmt":"2025-07-05T21:14:10","slug":"membre-de-la-diaspora-corse-de-marseille-catherine-pila-a-ete-decoree-des-insignes-de-chevalier-de-la-legion-dhonneur","status":"publish","type":"post","link":"https:\/\/www.europesays.com\/fr\/229004\/","title":{"rendered":"Membre de la diaspora corse de Marseille, Catherine Pila a \u00e9t\u00e9 d\u00e9cor\u00e9e des insignes de chevalier de la L\u00e9gion d&rsquo;Honneur"},"content":{"rendered":"<p>Catherine Pila, 52 ans, conseill\u00e8re municipale d&rsquo;opposition \u00e0 la mairie de Marseille, vice-pr\u00e9sidente (Les R\u00e9publicains) de la M\u00e9tropole Aix-Marseille-Provence et pr\u00e9sidente de la R\u00e9gie des transports m\u00e9tropolitains (RTM), pr\u00e9sidente d\u2019Agir Transport au plan national, a \u00e9t\u00e9 faite chevalier de la L\u00e9gion d&rsquo;Honneur par <a href=\"https:\/\/www.legifrance.gouv.fr\/jorf\/id\/JORFTEXT000050997606\" target=\"_blank\" rel=\"noopener\">d\u00e9cret du 15\u00a0janvier 2025 <\/a>au titre du minist\u00e8re de l&rsquo;Am\u00e9nagement du territoire et de la D\u00e9centralisation.<\/p>\n<p>Elle s&rsquo;est vue remettre les insignes de chevalier le mardi 17\u00a0juin par le ministre de l&rsquo;Int\u00e9rieur Bruno Retailleau lors d&rsquo;une c\u00e9r\u00e9monie qui s&rsquo;est d\u00e9roul\u00e9e dans les salons de la pr\u00e9fecture \u00e0 Marseille.<\/p>\n<p>Elle organise le p\u00e8lerinage des Corses \u00e0 Notre-Dame de la Garde chaque 8\u00a0septembre<\/p>\n<p>L&rsquo;\u00e9lue, aussi directrice de l&rsquo;\u00e9cole primaire du Roucas-Blanc \u00e0 Marseille depuis pr\u00e8s de 20 ans, est originaire, par son p\u00e8re, d&rsquo;Azilone et, par sa m\u00e8re, de Brando o\u00f9 elle a sa maison familiale dans le village de Poretto.<\/p>\n<p>Catherine Pila est \u00e0 l&rsquo;initiative du jumelage entre Notre-Dame de la Garde et Notre-Dame de Lavasina. Chaque ann\u00e9e, le 8\u00a0septembre, elle organise le p\u00e8lerinage des Corses \u00e0 Notre-Dame de la Garde afin que les Corses de Marseille soient en communion avec les Corses de l&rsquo;\u00cele.<\/p>\n<p>Dans la m\u00eame promotion figurent d&rsquo;autres insulaires\u00a0: Jacques Vergellati, directeur d\u00e9partemental de l&rsquo;Office national des combattants et des victimes de guerre de Corse-du-Sud\u00a0; Jeannine Maraninchi, ancienne capitaine de r\u00e9serve dans l&rsquo;arm\u00e9e de l&rsquo;Air, responsable de l&rsquo;antenne Calvi-Balagne de la Ligue contre le cancer de Haute-Corse\u00a0; Xavier Poli, maire de Corte.<\/p>\n","protected":false},"excerpt":{"rendered":"Catherine Pila, 52 ans, conseill\u00e8re municipale d&rsquo;opposition \u00e0 la mairie de Marseille, vice-pr\u00e9sidente (Les R\u00e9publicains) de la M\u00e9tropole&hellip;\n","protected":false},"author":2,"featured_media":229005,"comment_status":"","ping_status":"","sticky":false,"template":"","format":"standard","meta":{"footnotes":""},"categories":[2814],"tags":[17,1111,11,21509,2517,12376,2883,1777,674,1011,27,884,17812,12,21510,882,25,104],"class_list":{"0":"post-229004","1":"post","2":"type-post","3":"status-publish","4":"format-standard","5":"has-post-thumbnail","7":"category-marseille","8":"tag-17","9":"tag-actu","10":"tag-actualites","11":"tag-catherine","12":"tag-corse","13":"tag-diaspora","14":"tag-ete","15":"tag-eu","16":"tag-europe","17":"tag-fr","18":"tag-france","19":"tag-marseille","20":"tag-membre","21":"tag-news","22":"tag-pila","23":"tag-provence-alpes-cote-dazur","24":"tag-republique-francaise","25":"tag-societe"},"share_on_mastodon":{"url":"https:\/\/pubeurope.com\/@fr\/114802698790805541","error":""},"_links":{"self":[{"href":"https:\/\/www.europesays.com\/fr\/wp-json\/wp\/v2\/posts\/229004","targetHints":{"allow":["GET"]}}],"collection":[{"href":"https:\/\/www.europesays.com\/fr\/wp-json\/wp\/v2\/posts"}],"about":[{"href":"https:\/\/www.europesays.com\/fr\/wp-json\/wp\/v2\/types\/post"}],"author":[{"embeddable":true,"href":"https:\/\/www.europesays.com\/fr\/wp-json\/wp\/v2\/users\/2"}],"replies":[{"embeddable":true,"href":"https:\/\/www.europesays.com\/fr\/wp-json\/wp\/v2\/comments?post=229004"}],"version-history":[{"count":0,"href":"https:\/\/www.europesays.com\/fr\/wp-json\/wp\/v2\/posts\/229004\/revisions"}],"wp:featuredmedia":[{"embeddable":true,"href":"https:\/\/www.europesays.com\/fr\/wp-json\/wp\/v2\/media\/229005"}],"wp:attachment":[{"href":"https:\/\/www.europesays.com\/fr\/wp-json\/wp\/v2\/media?parent=229004"}],"wp:term":[{"taxonomy":"category","embeddable":true,"href":"https:\/\/www.europesays.com\/fr\/wp-json\/wp\/v2\/categories?post=229004"},{"taxonomy":"post_tag","embeddable":true,"href":"https:\/\/www.europesays.com\/fr\/wp-json\/wp\/v2\/tags?post=229004"}],"curies":[{"name":"wp","href":"https:\/\/api.w.org\/{rel}","templated":true}]}}