{"id":229008,"date":"2025-07-05T21:16:10","date_gmt":"2025-07-05T21:16:10","guid":{"rendered":"https:\/\/www.europesays.com\/fr\/229008\/"},"modified":"2025-07-05T21:16:10","modified_gmt":"2025-07-05T21:16:10","slug":"metropole-de-lyon-les-pompiers-interviennent-pour-une-crise-de-demence-lun-dentre-eux-se-fait-mordre","status":"publish","type":"post","link":"https:\/\/www.europesays.com\/fr\/229008\/","title":{"rendered":"M\u00e9tropole de Lyon. Les pompiers interviennent pour une crise de d\u00e9mence, l\u2019un d\u2019entre eux se fait mordre"},"content":{"rendered":"<p>Il \u00e9tait 20\u00a0h\u00a030 quand les sapeurs-pompiers sont venus porter secours \u00e0 un homme atteint, selon nos informations, d\u2019une crise de d\u00e9mence. Les faits se sont d\u00e9roul\u00e9s vers le pont de l\u2019universit\u00e9, quai Claude-Bernard.<\/p>\n<p>Ce contenu est bloqu\u00e9 car vous n&rsquo;avez pas accept\u00e9 les cookies et autres traceurs.<\/p>\n<p>En cliquant sur \u00ab J\u2019accepte \u00bb, les cookies et autres traceurs seront d\u00e9pos\u00e9s et vous pourrez visualiser les contenus  (<a href=\"\" class=\"consentModule_policy\" target=\"_blank\" title=\"Consulter la politique de protection des donn\u00e9es du fournisseur\">plus d&rsquo;informations<\/a>).<\/p>\n<p>En cliquant sur \u00ab J\u2019accepte tous les cookies \u00bb, vous autorisez des d\u00e9p\u00f4ts de cookies et autres traceurs pour le stockage de vos donn\u00e9es sur nos sites et applications \u00e0 des fins de personnalisation et de ciblage publicitaire.<\/p>\n<p class=\"consentModule_secondaryText\">Vous gardez la possibilit\u00e9 de retirer votre consentement \u00e0 tout moment en consultant notre <a href=\"https:\/\/www.leprogres.fr\/protection-des-donnees\" target=\"_blank\" title=\"Consulter notre politique de protection des donn\u00e9es\" rel=\"noopener\">politique de protection des donn\u00e9es<\/a>. <br \/>&#13;<br \/>\n            <a href=\"https:\/\/www.leprogres.fr\/faits-divers-justice\/2025\/07\/05\/javascript:Didomi.notice.show()\" class=\"consentModule_cmp\" target=\"_blank\" rel=\"noopener\">G\u00e9rer mes choix<\/a>&#13;\n        <\/p>\n<p>&#13;<br \/>\n                        J&rsquo;accepte&#13;<br \/>\n            J&rsquo;accepte tous les cookies&#13;\n        <\/p>\n<p>Pour ma\u00eetriser l\u2019individu, les policiers et le Samu \u00e9taient \u00e9galement sur place. Lors de l\u2019intervention, un des sapeurs-pompiers engag\u00e9s a \u00e9t\u00e9 mordu par l\u2019individu auquel il portait secours. Il portera plainte pour \u00ab\u00a0outrage \u00e0 agent\u00a0\u00bb, selon nos informations.<\/p>\n<p>De son c\u00f4t\u00e9, la personne, pour laquelle les secours sont intervenus, a \u00e9t\u00e9 transport\u00e9e \u00e0 l\u2019h\u00f4pital \u00c9douard-Herriot.<\/p>\n","protected":false},"excerpt":{"rendered":"Il \u00e9tait 20\u00a0h\u00a030 quand les sapeurs-pompiers sont venus porter secours \u00e0 un homme atteint, selon nos informations, d\u2019une&hellip;\n","protected":false},"author":2,"featured_media":229009,"comment_status":"","ping_status":"","sticky":false,"template":"","format":"standard","meta":{"footnotes":""},"categories":[1889],"tags":[119,1111,11,2430,2757,1777,674,274,1011,27,2428,2756,12,25,2429],"class_list":{"0":"post-229008","1":"post","2":"type-post","3":"status-publish","4":"format-standard","5":"has-post-thumbnail","7":"category-lyon","8":"tag-accident","9":"tag-actu","10":"tag-actualites","11":"tag-auvergne-rhone-alpes","12":"tag-edition-lyon-villeurbanne","13":"tag-eu","14":"tag-europe","15":"tag-faits-divers-justice","16":"tag-fr","17":"tag-france","18":"tag-lyon","19":"tag-lyon-bassin","20":"tag-news","21":"tag-republique-francaise","22":"tag-rhone"},"share_on_mastodon":{"url":"https:\/\/pubeurope.com\/@fr\/114802706659181658","error":""},"_links":{"self":[{"href":"https:\/\/www.europesays.com\/fr\/wp-json\/wp\/v2\/posts\/229008","targetHints":{"allow":["GET"]}}],"collection":[{"href":"https:\/\/www.europesays.com\/fr\/wp-json\/wp\/v2\/posts"}],"about":[{"href":"https:\/\/www.europesays.com\/fr\/wp-json\/wp\/v2\/types\/post"}],"author":[{"embeddable":true,"href":"https:\/\/www.europesays.com\/fr\/wp-json\/wp\/v2\/users\/2"}],"replies":[{"embeddable":true,"href":"https:\/\/www.europesays.com\/fr\/wp-json\/wp\/v2\/comments?post=229008"}],"version-history":[{"count":0,"href":"https:\/\/www.europesays.com\/fr\/wp-json\/wp\/v2\/posts\/229008\/revisions"}],"wp:featuredmedia":[{"embeddable":true,"href":"https:\/\/www.europesays.com\/fr\/wp-json\/wp\/v2\/media\/229009"}],"wp:attachment":[{"href":"https:\/\/www.europesays.com\/fr\/wp-json\/wp\/v2\/media?parent=229008"}],"wp:term":[{"taxonomy":"category","embeddable":true,"href":"https:\/\/www.europesays.com\/fr\/wp-json\/wp\/v2\/categories?post=229008"},{"taxonomy":"post_tag","embeddable":true,"href":"https:\/\/www.europesays.com\/fr\/wp-json\/wp\/v2\/tags?post=229008"}],"curies":[{"name":"wp","href":"https:\/\/api.w.org\/{rel}","templated":true}]}}