{"id":229020,"date":"2025-07-05T21:22:10","date_gmt":"2025-07-05T21:22:10","guid":{"rendered":"https:\/\/www.europesays.com\/fr\/229020\/"},"modified":"2025-07-05T21:22:10","modified_gmt":"2025-07-05T21:22:10","slug":"paris-une-jeune-automobiliste-percute-la-terrasse-dun-restaurant-a-belleville-onze-blesses-legers","status":"publish","type":"post","link":"https:\/\/www.europesays.com\/fr\/229020\/","title":{"rendered":"Paris : une jeune automobiliste percute la terrasse d\u2019un restaurant \u00e0 Belleville, onze bless\u00e9s l\u00e9gers"},"content":{"rendered":"<p class=\"paragraph text_align_left lp-f-body-02\">Grosse frayeur pour les clients du Lao Siam. Selon nos informations, une voiture s\u2019est encastr\u00e9e ce samedi soir dans la terrasse de ce restaurant laotien situ\u00e9 rue de Belleville (<a href=\"https:\/\/www.leparisien.fr\/paris-75\/paris-75019\/\" target=\"_self\" rel=\"nofollow noopener\">XIXe<\/a>). <\/p>\n<p class=\"paragraph text_align_left lp-f-body-02\">Onze personnes ont \u00e9t\u00e9 l\u00e9g\u00e8rement bless\u00e9es, nous indique une source polici\u00e8re. La jeune conductrice, au volant d\u2019une voiture portant l\u2019autocollant \u00ab jeune conducteur \u00bb, aurait tent\u00e9 d\u2019\u00e9viter un pi\u00e9ton sur la route. Il s\u2019agirait donc d\u2019un accident.<\/p>\n<p><img decoding=\"async\" class=\"image \" loading=\"lazy\" src=\"https:\/\/www.europesays.com\/fr\/wp-content\/uploads\/2025\/07\/YU4WF26CFZCW7I2H735FF5ZNA4.jpg\" alt=\"La rue a \u00e9t\u00e9 en partie boucl\u00e9e apr\u00e8s l'accident ayant fait 11 bless\u00e9s l\u00e9gers. LP\/Beno\u00eet Daragon\" align=\"\" data-rubrique-principale=\"\" data-article-type=\"\" fetchpriority=\"auto\"\/>La rue a \u00e9t\u00e9 en partie boucl\u00e9e apr\u00e8s l&rsquo;accident ayant fait 11 bless\u00e9s l\u00e9gers. LP\/Beno\u00eet Daragon<\/p>\n<p class=\"paragraph text_align_left lp-f-body-02\">L\u2019automobiliste a fait une embard\u00e9e pour terminer la course dans cette terrasse \u00e9ph\u00e9m\u00e8re, d\u2019apr\u00e8s cette m\u00eame source. <\/p>\n<p>D\u00e9g\u00e2ts mat\u00e9riels dans le restaurant<\/p>\n<p class=\"paragraph text_align_left lp-f-body-02\">Les sapeurs-pompiers ainsi que la police se sont rendus sur les lieux et la rue a \u00e9t\u00e9 en partie ferm\u00e9e.<\/p>\n<p class=\"paragraph text_align_left lp-f-body-02\">Contact\u00e9e, la direction du restaurant nous indique qu\u2019aucun de ses employ\u00e9s n\u2019a \u00e9t\u00e9 bless\u00e9, et d\u00e9plore seulement des \u00ab d\u00e9g\u00e2ts mat\u00e9riels \u00bb. <\/p>\n","protected":false},"excerpt":{"rendered":"Grosse frayeur pour les clients du Lao Siam. Selon nos informations, une voiture s\u2019est encastr\u00e9e ce samedi soir&hellip;\n","protected":false},"author":2,"featured_media":229021,"comment_status":"","ping_status":"","sticky":false,"template":"","format":"standard","meta":{"footnotes":""},"categories":[1888],"tags":[11,1777,674,118,1011,27,1944,12,626,36756,25],"class_list":{"0":"post-229020","1":"post","2":"type-post","3":"status-publish","4":"format-standard","5":"has-post-thumbnail","7":"category-paris","8":"tag-actualites","9":"tag-eu","10":"tag-europe","11":"tag-faits-divers","12":"tag-fr","13":"tag-france","14":"tag-ma-ville","15":"tag-news","16":"tag-paris","17":"tag-paris-75019","18":"tag-republique-francaise"},"share_on_mastodon":{"url":"https:\/\/pubeurope.com\/@fr\/114802730202945015","error":""},"_links":{"self":[{"href":"https:\/\/www.europesays.com\/fr\/wp-json\/wp\/v2\/posts\/229020","targetHints":{"allow":["GET"]}}],"collection":[{"href":"https:\/\/www.europesays.com\/fr\/wp-json\/wp\/v2\/posts"}],"about":[{"href":"https:\/\/www.europesays.com\/fr\/wp-json\/wp\/v2\/types\/post"}],"author":[{"embeddable":true,"href":"https:\/\/www.europesays.com\/fr\/wp-json\/wp\/v2\/users\/2"}],"replies":[{"embeddable":true,"href":"https:\/\/www.europesays.com\/fr\/wp-json\/wp\/v2\/comments?post=229020"}],"version-history":[{"count":0,"href":"https:\/\/www.europesays.com\/fr\/wp-json\/wp\/v2\/posts\/229020\/revisions"}],"wp:featuredmedia":[{"embeddable":true,"href":"https:\/\/www.europesays.com\/fr\/wp-json\/wp\/v2\/media\/229021"}],"wp:attachment":[{"href":"https:\/\/www.europesays.com\/fr\/wp-json\/wp\/v2\/media?parent=229020"}],"wp:term":[{"taxonomy":"category","embeddable":true,"href":"https:\/\/www.europesays.com\/fr\/wp-json\/wp\/v2\/categories?post=229020"},{"taxonomy":"post_tag","embeddable":true,"href":"https:\/\/www.europesays.com\/fr\/wp-json\/wp\/v2\/tags?post=229020"}],"curies":[{"name":"wp","href":"https:\/\/api.w.org\/{rel}","templated":true}]}}