{"id":229025,"date":"2025-07-05T21:25:09","date_gmt":"2025-07-05T21:25:09","guid":{"rendered":"https:\/\/www.europesays.com\/fr\/229025\/"},"modified":"2025-07-05T21:25:09","modified_gmt":"2025-07-05T21:25:09","slug":"elon-musk-annonce-creer-son-parti-politique-pour-rendre-leur-liberte-aux-americains","status":"publish","type":"post","link":"https:\/\/www.europesays.com\/fr\/229025\/","title":{"rendered":"Elon Musk annonce cr\u00e9er son parti politique pour \u00ab\u00a0rendre leur libert\u00e9 aux Am\u00e9ricains\u00a0\u00bb"},"content":{"rendered":"<p>La <a href=\"https:\/\/www.20minutes.fr\/monde\/election-presidentielle-americaine\/4121100-20241114-etats-unis-entre-donald-trump-elon-musk-idylle-pourrait-rapidement-tourner-divorce\" target=\"_blank\" class=\"color-ultramarine c-link\" rel=\"nofollow noopener\">bromance entre Elon Musk et Donald Trump<\/a> est bien et bien termin\u00e9, on ne peut d\u00e9sormais plus en douter. Le patron de <a href=\"https:\/\/www.20minutes.fr\/dossier\/tesla\" class=\"color-ultramarine c-link\" rel=\"nofollow noopener\" target=\"_blank\">Tesla<\/a> a annonc\u00e9 samedi la cr\u00e9ation de sa formation politique, le \u00ab\u00a0parti de l\u2019Am\u00e9rique\u00a0\u00bb.<\/p>\n<p>\u00ab\u00a0Aujourd\u2019hui, le parti de l\u2019Am\u00e9rique est cr\u00e9\u00e9 pour vous rendre votre libert\u00e9\u00a0\u00bb, a \u00e9crit le patron de Tesla et <a href=\"https:\/\/www.20minutes.fr\/dossier\/spacex\" class=\"color-ultramarine c-link\" rel=\"nofollow noopener\" target=\"_blank\">SpaceX<\/a> sur son r\u00e9seau social X. Originaire d&rsquo;Afrique du Sud, Elon Musk ne pourra pas se pr\u00e9senter \u00e0 une future \u00e9lection pr\u00e9sidentielle, les candidats devant \u00eatre n\u00e9s en territoire am\u00e9ricain.<\/p>\n<blockquote class=\"twitter-tweet\" align=\"center\" data-lang=\"fr_FR\">\n<p lang=\"en\" dir=\"ltr\">By a factor of 2 to 1, you want a new political party and you shall have it!<\/p>\n<p>When it comes to bankrupting our country with waste &amp; graft, we live in a one-party system, not a democracy.<\/p>\n<p>Today, the America Party is formed to give you back your freedom. <a href=\"https:\/\/t.co\/9K8AD04QQN\" rel=\"nofollow\">https:\/\/t.co\/9K8AD04QQN<\/a><\/p>\n<p>\u2014 Elon Musk (@elonmusk) <a href=\"https:\/\/twitter.com\/elonmusk\/status\/1941584569523732930?ref_src=twsrc%5Etfw\" rel=\"nofollow noopener\" target=\"_blank\">July 5, 2025<\/a><\/p><\/blockquote>\n<p class=\"mb-xxl@xs color-ultramarine font-weight-semi-bold@xs font-source-serif-pro heading-s@xs\">L\u2019acc\u00e8s \u00e0 ce contenu a \u00e9t\u00e9 bloqu\u00e9 afin de respecter votre choix de consentement<\/p>\n<p class=\"mb-m@xs text-l@xs\">En cliquant sur\u00ab J\u2019accepte \u00bb, vous acceptez le d\u00e9p\u00f4t de cookies par des services externes et aurez ainsi acc\u00e8s aux contenus de nos partenaires.<\/p>\n<p class=\"mb-xl@xs text-s@xs\">Plus d\u2019informations sur la page<a href=\"https:\/\/www.20minutes.fr\/gestion-cookies\" class=\"mx-xxs@xs color-ultramarine\" rel=\"nofollow noopener\" target=\"_blank\">Politique de gestion des cookies<\/a><\/p>\n<p>J\u2019accepteLa loi budg\u00e9taire de la discorde<\/p>\n<p>Le milliardaire a mis ses menaces \u00e0 ex\u00e9cution apr\u00e8s l\u2019adoption de \u00ab\u00a0l<a href=\"https:\/\/www.20minutes.fr\/monde\/etats-unis\/4161857-20250704-etats-unis-donald-trump-obtient-feu-vert-congres-grande-reforme-budgetaire\" target=\"_blank\" class=\"color-ultramarine c-link\" rel=\"nofollow noopener\">a grande et belle loi budg\u00e9taire<\/a> de Donald Trump adopt\u00e9e par le Congr\u00e8s vendredi. Dans un message publi\u00e9 sur X lundi, il expliquait \u00ab\u00a0Si ce projet de loi insens\u00e9 est adopt\u00e9, le Parti de l\u2019Am\u00e9rique sera cr\u00e9\u00e9 d\u00e8s le lendemain\u00a0\u00bb.<\/p>\n<\/p>\n<p>Il avait lanc\u00e9 un sondage sur cette id\u00e9e sur son r\u00e9seau social X vendredi, jour de la f\u00eate nationale am\u00e9ricaine et de la promulgation de la loi budg\u00e9taire voulu par Trump.<\/p>\n<p>\u00ab Par un rapport de deux contre un, vous voulez un nouveau parti politique, et vous l&rsquo;aurez ! \u00bb, a lanc\u00e9 samedi le magnat de la tech, alors que 65 % des quelque 1,2 millions de votants ont r\u00e9pondu \u00ab oui \u00bb \u00e0 la question de savoir s&rsquo;ils souhaitaient que le \u00ab parti de l&rsquo;Am\u00e9rique \u00bb voie le jour.<\/p>\n<p>\u00ab Quand il s&rsquo;agit de ruiner notre pays par le gaspillage et la corruption, nous vivons dans un syst\u00e8me \u00e0 parti unique, pas dans une d\u00e9mocratie \u00bb, a encore d\u00e9nonc\u00e9 Elon Musk.<\/p>\n<p><a href=\"https:\/\/www.20minutes.fr\/dossier\/donald_trump\" class=\"color-ultramarine c-link\" rel=\"nofollow noopener\" target=\"_blank\">Donald Trump<\/a> avait ripost\u00e9 en mena\u00e7ant d\u2019utiliser le <a href=\"https:\/\/www.20minutes.fr\/monde\/etats-unis\/4151364-20250501-etats-unis-tres-amusant-elon-musk-admet-echec-partiel-doge\" target=\"_blank\" class=\"color-ultramarine c-link\" rel=\"nofollow noopener\">DOGE<\/a>, qu\u2019Elon Musk a contribu\u00e9 \u00e0 cr\u00e9er dans le but de r\u00e9duire le \u00ab\u00a0gaspillage\u00a0\u00bb et les d\u00e9penses publiques, pour cibler les subventions que re\u00e7oivent les entreprises du titan de la technologie (Tesla Space X\u2026).<\/p>\n<p><a href=\"https:\/\/www.20minutes.fr\/dossier\/elon_musk\" class=\"color-ultramarine c-link\" rel=\"nofollow noopener\" target=\"_blank\">Elon Musk<\/a> n\u2019a pour l\u2019heure pas donn\u00e9 davantage de d\u00e9tails sur les orientations politiques, \u00e9conomiques et id\u00e9ologiques de son parti, ni de noms de personnalit\u00e9s le suivant dans ce projet. La seule chose dont on peut \u00eatre s\u00fbr, c\u2019est que la guerre est bel et bien d\u00e9clar\u00e9e \u00e0 Donald Trump.<\/p>\n<p><script async src=\"https:\/\/platform.twitter.com\/widgets.js\" charset=\"utf-8\"><\/script><\/p>\n","protected":false},"excerpt":{"rendered":"La bromance entre Elon Musk et Donald Trump est bien et bien termin\u00e9, on ne peut d\u00e9sormais plus&hellip;\n","protected":false},"author":2,"featured_media":229026,"comment_status":"","ping_status":"","sticky":false,"template":"","format":"standard","meta":{"footnotes":""},"categories":[1589],"tags":[47,11,75,46,73,1866,74,12,16950,45,320,1864,1865,1863,308],"class_list":{"0":"post-229025","1":"post","2":"type-post","3":"status-publish","4":"format-standard","5":"has-post-thumbnail","7":"category-etats-unis","8":"tag-actualite","9":"tag-actualites","10":"tag-donald-trump","11":"tag-elon-musk","12":"tag-etats-unis","13":"tag-etats-unis-damerique","14":"tag-monde","15":"tag-news","16":"tag-parti-politique","17":"tag-spacex","18":"tag-tesla","19":"tag-united-states","20":"tag-united-states-of-america","21":"tag-us","22":"tag-usa"},"share_on_mastodon":{"url":"https:\/\/pubeurope.com\/@fr\/114802742043317563","error":""},"_links":{"self":[{"href":"https:\/\/www.europesays.com\/fr\/wp-json\/wp\/v2\/posts\/229025","targetHints":{"allow":["GET"]}}],"collection":[{"href":"https:\/\/www.europesays.com\/fr\/wp-json\/wp\/v2\/posts"}],"about":[{"href":"https:\/\/www.europesays.com\/fr\/wp-json\/wp\/v2\/types\/post"}],"author":[{"embeddable":true,"href":"https:\/\/www.europesays.com\/fr\/wp-json\/wp\/v2\/users\/2"}],"replies":[{"embeddable":true,"href":"https:\/\/www.europesays.com\/fr\/wp-json\/wp\/v2\/comments?post=229025"}],"version-history":[{"count":0,"href":"https:\/\/www.europesays.com\/fr\/wp-json\/wp\/v2\/posts\/229025\/revisions"}],"wp:featuredmedia":[{"embeddable":true,"href":"https:\/\/www.europesays.com\/fr\/wp-json\/wp\/v2\/media\/229026"}],"wp:attachment":[{"href":"https:\/\/www.europesays.com\/fr\/wp-json\/wp\/v2\/media?parent=229025"}],"wp:term":[{"taxonomy":"category","embeddable":true,"href":"https:\/\/www.europesays.com\/fr\/wp-json\/wp\/v2\/categories?post=229025"},{"taxonomy":"post_tag","embeddable":true,"href":"https:\/\/www.europesays.com\/fr\/wp-json\/wp\/v2\/tags?post=229025"}],"curies":[{"name":"wp","href":"https:\/\/api.w.org\/{rel}","templated":true}]}}