{"id":229027,"date":"2025-07-05T21:26:10","date_gmt":"2025-07-05T21:26:10","guid":{"rendered":"https:\/\/www.europesays.com\/fr\/229027\/"},"modified":"2025-07-05T21:26:10","modified_gmt":"2025-07-05T21:26:10","slug":"le-royaume-uni-se-dit-pret-a-un-eventuel-conflit-contre-la-russie","status":"publish","type":"post","link":"https:\/\/www.europesays.com\/fr\/229027\/","title":{"rendered":"Le Royaume-Uni se dit pr\u00eat \u00e0 un \u00e9ventuel conflit contre la Russie"},"content":{"rendered":"<p>                    <img decoding=\"async\" style=\"aspect-ratio:16\/9\" src=\"https:\/\/www.europesays.com\/fr\/wp-content\/uploads\/2025\/07\/1-1671025322-1.jpg\" width=\"100%\" loading=\"eager\"\/><\/p>\n<p>                            <a href=\"https:\/\/fr.businessam.be\/author\/redactie\/\" class=\"author-thumbnail\" style=\"border: 2px inset #00000099;\" target=\"_blank\" rel=\"noopener\"><img loading=\"lazy\" decoding=\"async\" src=\"https:\/\/www.europesays.com\/fr\/wp-content\/uploads\/2025\/07\/1751750770_609_cropped-favicon-192x192.png\" width=\"80\" height=\"80\" alt=\"Business AM\"\/><\/a>\ue05bpar <a href=\"https:\/\/fr.businessam.be\/author\/redactie\/\" target=\"_blank\" rel=\"noopener\">Business AM<\/a><br \/>\ue010publi\u00e9 le samedi 05 juillet 2025 \u00e0 21:44 \u2022 <br \/>\ue00c2 min de lecture<\/p>\n<p>Principaux renseingnements<\/p>\n<ul class=\"wp-block-list\">\n<li><strong>Le Royaume-Uni affirme \u00eatre pr\u00e9par\u00e9 \u00e0 une r\u00e9ponse collective de l\u2019OTAN face \u00e0 la Russie.<\/strong><\/li>\n<li><strong>La pr\u00e9sence militaire actuelle en Estonie sert de dissuasion majeure.<\/strong><\/li>\n<li><strong>Des r\u00e9formes en cours visent \u00e0 renforcer les capacit\u00e9s combattantes britanniques.<\/strong><\/li>\n<\/ul>\n<p>Le Royaume-Uni se dit pr\u00eat \u00e0 combattre aux c\u00f4t\u00e9s de ses alli\u00e9s de l\u2019OTAN en cas d\u2019<a href=\"https:\/\/fr.businessam.be\/fiona-hill-met-en-garde-contre-lagression-russe-et-le-manque-de-fiabilite-des-etats-unis\/\" target=\"_blank\" rel=\"noopener\">agression<\/a> russe. Le ministre de la D\u00e9fense John Healey a soulign\u00e9 que le d\u00e9ploiement actuel de troupes en Estonie, o\u00f9 environ 1 000 militaires britanniques sont stationn\u00e9s constitue un \u00e9l\u00e9ment crucial de dissuasion. Ces d\u00e9clarations ont \u00e9t\u00e9 rapport\u00e9es par\u00a0<a href=\"https:\/\/ukdefencejournal.org.uk\/uk-ready-to-fight-russia-but-risks-remain\/\" target=\"_blank\" rel=\"noreferrer noopener\">UK Defence Journal<\/a>, une publication en ligne sp\u00e9cialis\u00e9e dans les questions de d\u00e9fense et de s\u00e9curit\u00e9.<\/p>\n<p>Selon Healey, la force de l\u2019OTAN r\u00e9side dans son caract\u00e8re collectif. Toute r\u00e9ponse \u00e0 une agression, affirme-t-il, se ferait en coordination avec ses 32 \u00c9tats membres. Cette unit\u00e9 a jusqu\u2019ici \u00e9t\u00e9 d\u00e9terminante pour contenir l\u2019escalade russe et reste au c\u0153ur des engagements britanniques dans le cadre du\u00a0Strategic Defence Review.<\/p>\n<p>Des risques pour la pr\u00e9paration au combat<\/p>\n<p>Cependant, la g\u00e9n\u00e9rale Dame Sharon Nesmith, vice-cheffe d\u2019\u00e9tat-major de la D\u00e9fense, a reconnu que les forces arm\u00e9es britanniques pr\u00e9sentaient des vuln\u00e9rabilit\u00e9s, notamment dans l\u2019\u00e9ventualit\u00e9 d\u2019un affrontement avec la Russie. Sans d\u00e9tailler d\u2019\u00e9ventuels d\u00e9ploiements suppl\u00e9mentaires hors de l\u2019Estonie, elle a indiqu\u00e9 que le\u00a0Strategic Defence Review\u00a0et les r\u00e9formes en cours visaient \u00e0 pallier ces lacunes.<\/p>\n<p>Ces efforts, a-t-elle expliqu\u00e9, doivent renforcer la puissance de feu du Royaume-Uni et consolider son r\u00f4le au sein de l\u2019OTAN.<\/p>\n<p>Le r\u00f4le britannique dans le plan de r\u00e9ponse de l\u2019OTAN<\/p>\n<p>Enfin, le ministre Healey a confirm\u00e9 que l\u2019OTAN disposait d\u2019un plan d\u00e9taill\u00e9 en cas d\u2019attaque russe le long de sa fronti\u00e8re orientale. Le Royaume-Uni y assume une responsabilit\u00e9 claire et est pr\u00eat \u00e0 l\u2019honorer si n\u00e9cessaire. (em)<\/p>\n","protected":false},"excerpt":{"rendered":"\ue05bpar Business AM\ue010publi\u00e9 le samedi 05 juillet 2025 \u00e0 21:44 \u2022 \ue00c2 min de lecture Principaux renseingnements Le&hellip;\n","protected":false},"author":2,"featured_media":229028,"comment_status":"","ping_status":"","sticky":false,"template":"","format":"standard","meta":{"footnotes":""},"categories":[1588],"tags":[11,2120,554,1777,674,12,473,1853,1851,1850,1852],"class_list":{"0":"post-229027","1":"post","2":"type-post","3":"status-publish","4":"format-standard","5":"has-post-thumbnail","7":"category-royaume-uni","8":"tag-actualites","9":"tag-conflit","10":"tag-defense","11":"tag-eu","12":"tag-europe","13":"tag-news","14":"tag-royaume-uni","15":"tag-royaume-uni-de-grande-bretagne-et-dirlande-du-nord","16":"tag-uk","17":"tag-united-kingdom","18":"tag-united-kingdom-of-great-britain-and-northern-ireland"},"share_on_mastodon":{"url":"https:\/\/pubeurope.com\/@fr\/114802746100120873","error":""},"_links":{"self":[{"href":"https:\/\/www.europesays.com\/fr\/wp-json\/wp\/v2\/posts\/229027","targetHints":{"allow":["GET"]}}],"collection":[{"href":"https:\/\/www.europesays.com\/fr\/wp-json\/wp\/v2\/posts"}],"about":[{"href":"https:\/\/www.europesays.com\/fr\/wp-json\/wp\/v2\/types\/post"}],"author":[{"embeddable":true,"href":"https:\/\/www.europesays.com\/fr\/wp-json\/wp\/v2\/users\/2"}],"replies":[{"embeddable":true,"href":"https:\/\/www.europesays.com\/fr\/wp-json\/wp\/v2\/comments?post=229027"}],"version-history":[{"count":0,"href":"https:\/\/www.europesays.com\/fr\/wp-json\/wp\/v2\/posts\/229027\/revisions"}],"wp:featuredmedia":[{"embeddable":true,"href":"https:\/\/www.europesays.com\/fr\/wp-json\/wp\/v2\/media\/229028"}],"wp:attachment":[{"href":"https:\/\/www.europesays.com\/fr\/wp-json\/wp\/v2\/media?parent=229027"}],"wp:term":[{"taxonomy":"category","embeddable":true,"href":"https:\/\/www.europesays.com\/fr\/wp-json\/wp\/v2\/categories?post=229027"},{"taxonomy":"post_tag","embeddable":true,"href":"https:\/\/www.europesays.com\/fr\/wp-json\/wp\/v2\/tags?post=229027"}],"curies":[{"name":"wp","href":"https:\/\/api.w.org\/{rel}","templated":true}]}}