{"id":229029,"date":"2025-07-05T21:27:10","date_gmt":"2025-07-05T21:27:10","guid":{"rendered":"https:\/\/www.europesays.com\/fr\/229029\/"},"modified":"2025-07-05T21:27:10","modified_gmt":"2025-07-05T21:27:10","slug":"lallemagne-prepare-lexpulsion-de-delinquants-syriens","status":"publish","type":"post","link":"https:\/\/www.europesays.com\/fr\/229029\/","title":{"rendered":"L&rsquo;Allemagne pr\u00e9pare l&rsquo;expulsion de d\u00e9linquants syriens"},"content":{"rendered":"<p>Le changement de r\u00e9gime en Syrie \u00e0 la fin de l\u2019ann\u00e9e derni\u00e8re permet-il le renvoi de migrants dans leur pays d\u2019origine ? Jeudi 3 juillet, l\u2019Autriche a annonc\u00e9 l\u2019expulsion d\u2019un criminel syrien, une premi\u00e8re au sein de l\u2019Union europ\u00e9enne ces derni\u00e8res ann\u00e9es. Berlin envisage d\u2019en faire de m\u00eame, d\u2019apr\u00e8s des d\u00e9clarations du ministre allemand de l\u2019Int\u00e9rieur.<\/p>\n<p>Avec notre correspondant \u00e0 Berlin, <strong>Pascal Thibaut <\/strong><\/p>\n<p>Le durcissement des r\u00e8gles migratoires est une priorit\u00e9 du nouveau gouvernement, \u00e0 commencer par les conservateurs. La concurrence de l\u2019extr\u00eame-droite durant la derni\u00e8re campagne \u00e9lectorale et diverses attaques meurtri\u00e8res et attentats commis par des migrants a attis\u00e9 les d\u00e9bats.<\/p>\n<p>Le contrat de coalition entre chr\u00e9tiens et sociaux-d\u00e9mocrates pr\u00e9voit des expulsions vers la <a href=\"https:\/\/www.rfi.fr\/fr\/tag\/syrie\/\" rel=\"nofollow noopener\" target=\"_blank\" data-ylk=\"slk:Syrie;elm:context_link;itc:0;sec:content-canvas\" class=\"link \"><strong>Syrie<\/strong><\/a> et l\u2019Afghanistan en commen\u00e7ant par les d\u00e9linquants. Le ministre de l\u2019Int\u00e9rieur a annonc\u00e9 il y a quelques jours que des n\u00e9gociations directes pourraient \u00eatre men\u00e9es avec le r\u00e9gime taliban. Aujourd\u2019hui, elles ont lieu via des pays tiers.<\/p>\n<p>\u00c0 lire aussi<a href=\"https:\/\/www.rfi.fr\/fr\/europe\/20240620-l-allemagne-agit\u00e9e-par-le-d\u00e9bat-sur-la-possibilit\u00e9-d-expulser-des-criminels-afghans\" class=\"link \" rel=\"nofollow noopener\" target=\"_blank\" data-ylk=\"slk:L&#039;Allemagne agit\u00e9e par le d\u00e9bat sur la possibilit\u00e9 d&#039;expulser des criminels afghans;elm:context_link;itc:0;sec:content-canvas\">L&rsquo;Allemagne agit\u00e9e par le d\u00e9bat sur la possibilit\u00e9 d&rsquo;expulser des criminels afghans<\/a><\/p>\n<p>Alexander Dobrindt vient de confirmer qu\u2019il a donn\u00e9 instruction \u00e0 l\u2019Office allemand pour la migration et les r\u00e9fugi\u00e9s de lever le statut de protection de d\u00e9linquants et autres Syriens jug\u00e9s dangereux.<\/p>\n<p><a href=\"https:\/\/www.rfi.fr\/fr\/europe\/20250705-l-allemagne-pr%C3%A9pare-l-expulsion-de-d%C3%A9linquants-syriens\" rel=\"nofollow noopener\" target=\"_blank\" data-ylk=\"slk:Lire la suite sur RFI;elm:context_link;itc:0;sec:content-canvas\" class=\"link \">Lire la suite sur RFI<\/a><\/p>\n","protected":false},"excerpt":{"rendered":"Le changement de r\u00e9gime en Syrie \u00e0 la fin de l\u2019ann\u00e9e derni\u00e8re permet-il le renvoi de migrants dans&hellip;\n","protected":false},"author":2,"featured_media":229030,"comment_status":"","ping_status":"","sticky":false,"template":"","format":"standard","meta":{"footnotes":""},"categories":[1587],"tags":[11,672,1804,36757,1805,1803,1777,674,14852,1801,7088,12,10417,1802,32],"class_list":{"0":"post-229029","1":"post","2":"type-post","3":"status-publish","4":"format-standard","5":"has-post-thumbnail","7":"category-allemagne","8":"tag-actualites","9":"tag-allemagne","10":"tag-bundesrepublik-deutschland","11":"tag-changement-de-regime","12":"tag-de","13":"tag-deutschland","14":"tag-eu","15":"tag-europe","16":"tag-fin-de-lannee","17":"tag-germany","18":"tag-ministre-de-linterieur","19":"tag-news","20":"tag-pays-dorigine","21":"tag-republique-federale-dallemagne","22":"tag-syrie"},"share_on_mastodon":{"url":"https:\/\/pubeurope.com\/@fr\/114802749899883578","error":""},"_links":{"self":[{"href":"https:\/\/www.europesays.com\/fr\/wp-json\/wp\/v2\/posts\/229029","targetHints":{"allow":["GET"]}}],"collection":[{"href":"https:\/\/www.europesays.com\/fr\/wp-json\/wp\/v2\/posts"}],"about":[{"href":"https:\/\/www.europesays.com\/fr\/wp-json\/wp\/v2\/types\/post"}],"author":[{"embeddable":true,"href":"https:\/\/www.europesays.com\/fr\/wp-json\/wp\/v2\/users\/2"}],"replies":[{"embeddable":true,"href":"https:\/\/www.europesays.com\/fr\/wp-json\/wp\/v2\/comments?post=229029"}],"version-history":[{"count":0,"href":"https:\/\/www.europesays.com\/fr\/wp-json\/wp\/v2\/posts\/229029\/revisions"}],"wp:featuredmedia":[{"embeddable":true,"href":"https:\/\/www.europesays.com\/fr\/wp-json\/wp\/v2\/media\/229030"}],"wp:attachment":[{"href":"https:\/\/www.europesays.com\/fr\/wp-json\/wp\/v2\/media?parent=229029"}],"wp:term":[{"taxonomy":"category","embeddable":true,"href":"https:\/\/www.europesays.com\/fr\/wp-json\/wp\/v2\/categories?post=229029"},{"taxonomy":"post_tag","embeddable":true,"href":"https:\/\/www.europesays.com\/fr\/wp-json\/wp\/v2\/tags?post=229029"}],"curies":[{"name":"wp","href":"https:\/\/api.w.org\/{rel}","templated":true}]}}