{"id":229037,"date":"2025-07-05T21:31:12","date_gmt":"2025-07-05T21:31:12","guid":{"rendered":"https:\/\/www.europesays.com\/fr\/229037\/"},"modified":"2025-07-05T21:31:12","modified_gmt":"2025-07-05T21:31:12","slug":"le-parcours-et-profil-de-la-2e-etape-ce-dimanche-6-juillet","status":"publish","type":"post","link":"https:\/\/www.europesays.com\/fr\/229037\/","title":{"rendered":"Le parcours et profil de la 2e \u00e9tape ce dimanche 6\u00a0juillet"},"content":{"rendered":"<p>La deuxi\u00e8me journ\u00e9e de la Grande Boucle promet une nouvelle bataille dans le nord de la France dimanche. Entre Lauwin-Planque et Boulogne-sur-mer, les coureurs devront parcourir 209 kilom\u00e8tres, lors de la plus longue \u00e9tape de cette \u00e9dition du Tour de France. Durant cette course au profil vallonn\u00e9, les 184 coureurs tenteront d\u2019imiter Jasper Philipsen (Alpecin-Deceunink), vainqueur samedi et premier Maillot Jaune de\u00a02025.<\/p>\n<blockquote class=\"twitter-tweet\" align=\"center\" data-lang=\"fr_FR\">\n<p lang=\"fr\" dir=\"ltr\">\ud83d\udc9b La premi\u00e8re \u00e9tape du Tour de France est toujours agit\u00e9e, et celle-ci n&rsquo;a pas fait exception ! <\/p>\n<p>\u25b6\ufe0f Entre chutes, bordures et sprint, voici le r\u00e9sum\u00e9 de l&rsquo;\u00e9tape 1 du <a href=\"https:\/\/twitter.com\/hashtag\/TDF2025?src=hash&amp;ref_src=twsrc%5Etfw\" target=\"_blank\" rel=\"noopener\">#TDF2025<\/a> ! <a href=\"https:\/\/t.co\/Wif6ogBghP\">pic.twitter.com\/Wif6ogBghP<\/a><\/p>\n<p>\u2014 Tour de France\u2122 (@LeTour) <a href=\"https:\/\/twitter.com\/LeTour\/status\/1941571531093704716?ref_src=twsrc%5Etfw\" target=\"_blank\" rel=\"noopener\">July 5, 2025<\/a><\/p><\/blockquote>\n<p class=\"mb-xxl@xs color-ultramarine font-weight-semi-bold@xs font-source-serif-pro heading-s@xs\">L\u2019acc\u00e8s \u00e0 ce contenu a \u00e9t\u00e9 bloqu\u00e9 afin de respecter votre choix de consentement<\/p>\n<p class=\"mb-m@xs text-l@xs\">En cliquant sur\u00ab J\u2019accepte \u00bb, vous acceptez le d\u00e9p\u00f4t de cookies par des services externes et aurez ainsi acc\u00e8s aux contenus de nos partenaires.<\/p>\n<p class=\"mb-xl@xs text-s@xs\">Plus d\u2019informations sur la page<a href=\"https:\/\/www.20minutes.fr\/gestion-cookies\" class=\"mx-xxs@xs color-ultramarine\" target=\"_blank\" rel=\"noopener\">Politique de gestion des cookies<\/a><\/p>\n<p>J\u2019accepte\ud83d\udc9b La premi\u00e8re \u00e9tape du Tour de France est toujours agit\u00e9e, et celle-ci n&rsquo;a pas fait exception ! \u25b6\ufe0f Entre chutes, bordures et sprint, voici le r\u00e9sum\u00e9 de l&rsquo;\u00e9tape 1 du #TDF2025 ! pic.twitter.com\/Wif6ogBghP\u2014 Tour de France\u2122 (@LeTour) July 5, 2025\u00c0 quelle heure et sur quelle cha\u00eene voir la 2e \u00e9tape du Tour de France 2025<\/p>\n<p>France 2 prendra l\u2019antenne \u00e0 12h05 le dimanche 6 juillet 2025 en clair, pour le d\u00e9part fictif pr\u00e9vu \u00e0 12h15 et le r\u00e9el \u00e0 12h35. L\u2019arriv\u00e9e est programm\u00e9e pour 17h20. <a href=\"https:\/\/www.20minutes.fr\/dossier\/eurosport\" class=\"color-ultramarine c-link\" target=\"_blank\" rel=\"noopener\">Eurosport<\/a> diffuse \u00e9galement cette 2e \u00e9tape de la Grande Boucle.<\/p>\n<p>Le trac\u00e9 de la deuxi\u00e8me \u00e9tape du Tour de France 2025<img decoding=\"async\" alt=\"Le trac\u00e9 de la 2e \u00e9tape\" class=\"c-img\" loading=\"lazy\" fetchpriority=\"auto\" width=\"718\"  src=\"https:\/\/img.20mn.fr\/5eKlaZ36TsWEh2DwIRpDRyk\/718x0\" \/>Le trac\u00e9 de la 2e \u00e9tape\u2002-\u00a0Source ASO<\/p>\n<p>Le trac\u00e9, accident\u00e9 sur la fin de course, devrait permettre aux puncheurs de tirer leur \u00e9pingle du jeu. Apr\u00e8s les 170 premiers kilom\u00e8tres de course sans grande difficult\u00e9, le peloton abordera une c\u00f4te de quatri\u00e8me cat\u00e9gorie, \u00e0 Cavron-Saint-Martin (1,1 km \u00e0 5,9\u00a0%). \u00c0 30 killom\u00e8tres de l\u2019arriv\u00e9e, la c\u00f4te du Haut Pichot (1 km \u00e0 10\u00a0%) compliquera les d\u00e9bats. Plusieurs c\u00f4tes pentues \u00e0 Saint-Etienne-au-Mont (1 km \u00e0 10,6\u00a0%) et Outreau (800 m \u00e0 8,8\u00a0%) serviront de ring aux grimpeurs. Comme samedi, un sprint est attendu sur le final, \u00e0 <a href=\"https:\/\/www.20minutes.fr\/dossier\/boulogne-sur-mer\" class=\"color-ultramarine c-link\" target=\"_blank\" rel=\"noopener\">Boulogne-sur-Mer<\/a>.<\/p>\n<p>Le profil de la 2e \u00e9tape du Tour de France 2025<img decoding=\"async\" alt=\"Le profil de la 2e \u00e9tape du Tour de France 2025.\" class=\"c-img\" loading=\"lazy\" fetchpriority=\"auto\" width=\"718\"  src=\"https:\/\/img.20mn.fr\/UmR6nOGaQ-urWEltYCzcBik\/718x0\" \/>Le profil de la 2e \u00e9tape du Tour de France 2025.\u2002-\u00a0ASOLes ascensions r\u00e9pertori\u00e9es de la 2e \u00e9tape du Tour de France 2025<\/p>\n<ul>\n<li>104,3 km\u00a0: C\u00f4te de Cavron-Saint-Martin &#8211; 4e cat\u00e9gorie<\/li>\n<li>179,3 km\u00a0: C\u00f4te du Haut Pichot &#8211; 3e cat\u00e9gorie<\/li>\n<li>200,4 km\u00a0: C\u00f4te de Saint-\u00c9tienne-au-Mont &#8211; 3e cat\u00e9gorie<\/li>\n<li>203,8 km\u00a0: C\u00f4te d\u2019Outreau &#8211; 4e cat\u00e9gorie<\/li>\n<\/ul>\n<p>Les favoris du jour<\/p>\n<p>Si l\u2019\u00e9tape de samedi a fait la part belle aux sprinteurs, celle de dimanche devrait leur poser bien des soucis. Logiquement, le Maillot Jaune devrait changer d\u2019\u00e9paules, au vu des 30 derniers kilom\u00e8tres, plus \u00e0 la port\u00e9e des puncheurs. On pense \u00e9videmment \u00e0 <a href=\"https:\/\/www.20minutes.fr\/sport\/mathieu-van-der-poel\/\" class=\"color-ultramarine c-link\" target=\"_blank\" rel=\"noopener\">Mathieu van der Poel<\/a> (Alpecin-Deceuninck), qui a bien emmen\u00e9 son co\u00e9quipier vers la victoire samedi. Sans oublier le tenant du titre <a href=\"https:\/\/www.20minutes.fr\/sport\/tadej-pogacar\/\" class=\"color-ultramarine c-link\" target=\"_blank\" rel=\"noopener\">Tadej Pogacar<\/a> (UAE Team Emirates), toujours au sommet de son art. Le N\u00e9erlandais refera-t-il le coup de <a href=\"https:\/\/www.20minutes.fr\/dossier\/paris-roubaix\" class=\"color-ultramarine c-link\" target=\"_blank\" rel=\"noopener\">Paris-Roubaix<\/a>\u00a0? Le Slov\u00e8ne lancera-t-il ses premi\u00e8res attaques\u00a0?<\/p>\n<p>Du c\u00f4t\u00e9 des Fran\u00e7ais, on esp\u00e8re<a href=\"https:\/\/www.20minutes.fr\/dossier\/francais\" class=\"color-ultramarine c-link\" target=\"_blank\" rel=\"noopener\"> <\/a>voir briller <a href=\"https:\/\/www.20minutes.fr\/sport\/julian-alaphilippe\/\" class=\"color-ultramarine c-link\" target=\"_blank\" rel=\"noopener\">Julian Alaphilippe<\/a> (Tudor Pro Cycling) et Romain Gr\u00e9goire (Groupama-FDJ). Le Belge <a href=\"https:\/\/www.20minutes.fr\/sport\/remco-evenepoel\/\" class=\"color-ultramarine c-link\" target=\"_blank\" rel=\"noopener\">Remco Evenepoel<\/a> (Soudal Quick-Step) et le Slov\u00e8ne <a href=\"https:\/\/www.20minutes.fr\/sport\/primoz-roglic\/\" class=\"color-ultramarine c-link\" target=\"_blank\" rel=\"noopener\">Primoz Roglic<\/a> (Red Bull-Bora-Hansgrohe), qui ont d\u00e9j\u00e0 conc\u00e9d\u00e9 plus de 40 secondes samedi, sont d\u00e9j\u00e0 oblig\u00e9s de combler leur retard, notamment sur les monstres Tadej Pogacar et Jonas Vingegaard.<\/p>\n<p><script async src=\"https:\/\/platform.twitter.com\/widgets.js\" charset=\"utf-8\"><\/script><\/p>\n","protected":false},"excerpt":{"rendered":"La deuxi\u00e8me journ\u00e9e de la Grande Boucle promet une nouvelle bataille dans le nord de la France dimanche.&hellip;\n","protected":false},"author":2,"featured_media":229038,"comment_status":"","ping_status":"","sticky":false,"template":"","format":"standard","meta":{"footnotes":""},"categories":[2],"tags":[11,207,1011,27,27884,12,25,517,1138,210],"class_list":{"0":"post-229037","1":"post","2":"type-post","3":"status-publish","4":"format-standard","5":"has-post-thumbnail","7":"category-actualites","8":"tag-actualites","9":"tag-cyclisme","10":"tag-fr","11":"tag-france","12":"tag-jonas-vingegaard","13":"tag-news","14":"tag-republique-francaise","15":"tag-sport","16":"tag-tadej-pogacar","17":"tag-tour-de-france"},"share_on_mastodon":{"url":"https:\/\/pubeurope.com\/@fr\/114802765612694779","error":""},"_links":{"self":[{"href":"https:\/\/www.europesays.com\/fr\/wp-json\/wp\/v2\/posts\/229037","targetHints":{"allow":["GET"]}}],"collection":[{"href":"https:\/\/www.europesays.com\/fr\/wp-json\/wp\/v2\/posts"}],"about":[{"href":"https:\/\/www.europesays.com\/fr\/wp-json\/wp\/v2\/types\/post"}],"author":[{"embeddable":true,"href":"https:\/\/www.europesays.com\/fr\/wp-json\/wp\/v2\/users\/2"}],"replies":[{"embeddable":true,"href":"https:\/\/www.europesays.com\/fr\/wp-json\/wp\/v2\/comments?post=229037"}],"version-history":[{"count":0,"href":"https:\/\/www.europesays.com\/fr\/wp-json\/wp\/v2\/posts\/229037\/revisions"}],"wp:featuredmedia":[{"embeddable":true,"href":"https:\/\/www.europesays.com\/fr\/wp-json\/wp\/v2\/media\/229038"}],"wp:attachment":[{"href":"https:\/\/www.europesays.com\/fr\/wp-json\/wp\/v2\/media?parent=229037"}],"wp:term":[{"taxonomy":"category","embeddable":true,"href":"https:\/\/www.europesays.com\/fr\/wp-json\/wp\/v2\/categories?post=229037"},{"taxonomy":"post_tag","embeddable":true,"href":"https:\/\/www.europesays.com\/fr\/wp-json\/wp\/v2\/tags?post=229037"}],"curies":[{"name":"wp","href":"https:\/\/api.w.org\/{rel}","templated":true}]}}