{"id":229041,"date":"2025-07-05T21:33:18","date_gmt":"2025-07-05T21:33:18","guid":{"rendered":"https:\/\/www.europesays.com\/fr\/229041\/"},"modified":"2025-07-05T21:33:18","modified_gmt":"2025-07-05T21:33:18","slug":"a-la-decouverte-du-premier-18-trous-signe-sergio-garcia","status":"publish","type":"post","link":"https:\/\/www.europesays.com\/fr\/229041\/","title":{"rendered":"\u00c0 la d\u00e9couverte du premier 18 trous sign\u00e9 Sergio Garcia"},"content":{"rendered":"<p>\t\t\t\t\t\t<img width=\"770\" height=\"556\" src=\"https:\/\/www.europesays.com\/fr\/wp-content\/uploads\/2025\/07\/terras-da-comporta-torre-1-770x556.jpg\" class=\"img-responsive wp-post-image\" alt=\"\" decoding=\"async\" fetchpriority=\"high\"  \/>\t\t\t\t\t<\/p>\n<p>\t\t\t\t\t\t Partager cet article <\/p>\n<p class=\"screen-reader-text juiz_sps_maybe_hidden_text\">Partager la publication \u00ab\u00a0\u00c0 la d\u00e9couverte du premier 18 trous sign\u00e9 Sergio Garcia\u00a0\u00bb<\/p>\n<p><strong>Au courant du mois de juin, le parcours Torre situ\u00e9 dans le complexe de Terras Da Comporta, \u00e0 1h20 au sud de Lisbonne, a ouvert ses portes. Il a la particularit\u00e9 d\u2019\u00eatre dessin\u00e9 par Sergio Garcia. Golf Plan\u00e8te a eu le privil\u00e8ge de fouler ce trac\u00e9 in\u00e9dit. Et le moins que l\u2019on puisse dire, c\u2019est qu\u2019il tient toutes ses promesses.<\/strong><\/p>\n<p>\u00a0<\/p>\n<p>Les attentes \u00e9taient pourtant grandes sur ce par 72 : d\u2019abord par sa surprenante signature, mais surtout car l\u2019autre 18 trous du projet, le parcours <strong>Dunas<\/strong>, <a href=\"https:\/\/www.golfplanete.com\/le-fil-golf-planete\/recompenses-turnberry-roi-inconteste-decosse-dunas-comporta-meilleur-parcours-du-monde\/\" rel=\"nofollow noopener\" target=\"_blank\">a largement conquis l\u2019Europe et le monde depuis son ouverture courant 2023<\/a>. Le parcours <strong>Torre<\/strong> profite lui aussi d\u2019un cadre apaisant, propice \u00e0 la d\u00e9connexion. Il est entour\u00e9 de waste area, grandes zones sableuses avec un entretien r\u00e9duit, et de nombreux arbres, avec des faux airs de <strong>Pine Valley<\/strong>, sans aucun vis-\u00e0-vis \u00e0 l\u2019horizon.<\/p>\n<p>\u00a0<\/p>\n<blockquote class=\"instagram-media\" style=\"background: #FFF; border: 0; border-radius: 3px; box-shadow: 0 0 1px 0 rgba(0,0,0,0.5),0 1px 10px 0 rgba(0,0,0,0.15); margin: 1px; max-width: 540px; min-width: 326px; padding: 0; width: calc(100% - 2px);\" data-instgrm-captioned=\"\" data-instgrm-permalink=\"https:\/\/www.instagram.com\/reel\/DLuefhkNUqK\/?utm_source=ig_embed&amp;utm_campaign=loading\" data-instgrm-version=\"14\">\n<\/blockquote>\n<p>\u00a0<\/p>\n<p>Mais la comparaison s\u2019arr\u00eate l\u00e0. <strong>Sergio Garcia<\/strong> s\u2019est inspir\u00e9 de son parcours pr\u00e9f\u00e9r\u00e9, <strong>Valderrama<\/strong>, pour son premier projet majeur. D\u00e8s le 1, le ton est donn\u00e9 avec ce dogleg gauche. Le petit green est d\u00e9fendu par plusieurs arbres dont l\u2019essence se retrouve dans le sud de l\u2019Espagne. Si ces petits obstacles n\u2019ont pas d\u2019\u00e9cho sur le reste du parcours, les petits greens sont sa grande signature.<\/p>\n<p>\u00a0<\/p>\n<p>D\u00e9part \u00e0 l\u2019aveugle d\u00e8s le trou n\u00b02<\/p>\n<p>\u00ab\u00a0Si la v\u00e9g\u00e9tation est diff\u00e9rente, les petits greens sont typiques de Valderrama et c\u2019est quelque chose que j\u2019ai toujours ador\u00e9\u00a0\u00bb, confirme <strong>Sergio Garcia<\/strong>.<\/p>\n<p>\t\t\t\t\t<a id=\"178042\" href=\"https:\/\/leclub-golf.com\/fr\/actualites\/team-sud-ouest-vs-team-sud-est-le-duel-de-lete?utm_source=golf+planete&amp;utm_medium=referral&amp;utm_campaign=team+sud&amp;utm_id=team+sud_golf+planete_referral_banner\" target=\"_blank\" rel=\"sponsorised nofollow noopener\"><img decoding=\"async\" src=\"data:image\/svg+xml,%3Csvg%20xmlns=\" http:=\"\" class=\"img-responsive\" alt=\"\" data-lazy-src=\"https:\/\/www.europesays.com\/fr\/wp-content\/uploads\/2025\/07\/leclubgolf-e08-duel-teams-1170x275-1.png\"\/><\/a><\/p>\n<p>Le 2 avec son d\u00e9part \u00e0 l\u2019aveugle d\u00fb au d\u00e9nivel\u00e9 confirme la tendance et peut questionner le joueur dans son envie d\u2019attaquer ce par 5 en 2. \u00ab\u00a0On voulait \u00eatre s\u00fbrs de faire un parcours qui challenge les joueurs, avec des petits greens et un certain danger autour des fairways, poursuit l\u2019Espagnol. Mais nous voulions que tous les golfeurs puissent appr\u00e9cier, et qu\u2019ils aient envie de revenir. On ne voulait pas d\u2019un parcours qui soit trop difficile et qui d\u00e9courage d\u2019une certaine fa\u00e7on.\u00a0\u00bb<\/p>\n<blockquote><p>\nCela rend les choses plus challenging mais si vous tapez un bon coup, vous avez toujours une chance de birdie car vous n\u2019\u00eates jamais loin du drapeau\n<\/p><\/blockquote>\n<p>Dans sa globalit\u00e9, le parcours est juste (fair comme disent les Anglo-Saxons). Certes, les petits greens sont difficiles, parfois, \u00e0 aller chercher, mais un \u00e9quilibre se fait avec les fairways plus larges. Le tr\u00e8s joli par 3 du 5, jouable avec un petit fer, dispose d\u2019un green assez cons\u00e9quent, mais certaines parties sont bien prot\u00e9g\u00e9es.<\/p>\n<p>\u00c0 l\u2019inverse, le suivant, un tr\u00e8s long par 4, est tr\u00e8s ouvert du d\u00e9part et le green est d\u00e9gag\u00e9. Cette alternance entre g\u00e9n\u00e9rosit\u00e9 et exigence rythme le trac\u00e9 du d\u00e9but \u00e0 la fin. Les mises en jeu les plus \u00e0 risque, comme le par 4 du 8, sont compens\u00e9es par des attaques de greens plus accessibles.<\/p>\n<p>\u00a0<\/p>\n<p><img loading=\"lazy\" decoding=\"async\" class=\"alignnone size-image-largeur-770 wp-image-178415\" src=\"data:image\/svg+xml,%3Csvg%20xmlns=\" http:=\"\" alt=\"\" width=\"770\" height=\"403\" data-lazy- data-lazy- data-lazy-src=\"https:\/\/www.europesays.com\/fr\/wp-content\/uploads\/2025\/07\/terras-da-comporta-torre-3-770x403.jpg\"\/><\/p>\n<p>\u00a0<\/p>\n<p>\u00ab\u00a0Quand il y a des petits greens, cela facilite d\u2019abord l\u2019entretien car c\u2019est la zone la plus compliqu\u00e9e \u00e0 entretenir, justifie le vainqueur du <strong>Masters 2017<\/strong>. C\u2019est important aujourd\u2019hui dans un moment o\u00f9 l\u2019on veut r\u00e9duire la consommation d\u2019eau et de produits. Ils rendent aussi le jeu plus compliqu\u00e9. Sur un grand green, si vous manquez le drapeau, vous \u00eates g\u00e9n\u00e9ralement quand m\u00eame sur le green. J\u2019ai toujours pens\u00e9 que c\u2019\u00e9tait plus facile de faire deux putts de 15 m\u00e8tres m\u00eame si le green est fou, que de sauver le par si vous avez manqu\u00e9 le green de trois m\u00e8tres et que vous avez une approche de 10 m\u00e8tres. Cela rend les choses plus challenging mais si vous tapez un bon coup, vous avez toujours une chance de birdie car vous n\u2019\u00eates jamais loin du drapeau.\u00a0\u00bb<\/p>\n<p>\t\t\t\t\t<a id=\"174669\" href=\"https:\/\/site.arkea-banque-ei.com\/\" target=\"_blank\" rel=\"sponsorised nofollow noopener\"><img decoding=\"async\" src=\"data:image\/svg+xml,%3Csvg%20xmlns=\" http:=\"\" class=\"img-responsive\" alt=\"\" data-lazy-src=\"https:\/\/www.europesays.com\/fr\/wp-content\/uploads\/2025\/06\/arkea-e02-objectif-strategie-v2-1170x275-1.png\"\/><\/a><\/p>\n<p>Le par 5 du 9 est l\u2019un des plus beaux trous du parcours. Le fairway sinueux, entre les nombreux waste area sableuses, offre une magnifique perspective vers le green. Le court par 4 du 12 est \u00e9galement \u00e0 noter. L\u2019envie peut \u00eatre grande de l\u2019attaquer en 1, mais le green a tout l\u2019air d\u2019une toute petite pastille au milieu des dangers qui l\u2019entourent.<\/p>\n<p>\u00a0<\/p>\n<p><img loading=\"lazy\" decoding=\"async\" class=\"alignnone size-image-largeur-770 wp-image-178424\" src=\"data:image\/svg+xml,%3Csvg%20xmlns=\" http:=\"\" alt=\"\" width=\"770\" height=\"540\" data-lazy- data-lazy- data-lazy-src=\"https:\/\/www.europesays.com\/fr\/wp-content\/uploads\/2025\/07\/terras-da-comporta-4-torre-770x540.jpg\"\/><\/p>\n<p>\u00a0<\/p>\n<p>Jusqu\u2019au bout, le golfeur ne peut que prendre du plaisir sur ce trac\u00e9, les trous, tous aussi int\u00e9ressants les uns que les autres, s\u2019encha\u00eenent logiquement, avec des coups vari\u00e9s \u00e0 taper. Cet excellent parcours ne pouvait finir que par un trou remarquable. Le degr\u00e9 de risque pris au d\u00e9part du 18, au tr\u00e8s large fairway en d\u00e9vers prot\u00e9g\u00e9 par une zone de sable, d\u00e9terminera les chances de birdies sur ce par 4 au green sur\u00e9lev\u00e9.<\/p>\n<p>\u00a0<\/p>\n<p>Dans les chiffres<\/p>\n<p>\u00c0 <strong>Torre<\/strong>, on oublie les conventions\u00a0: ici, les d\u00e9parts ne sont pas d\u00e9finis par cat\u00e9gorie de joueur, mais par distance. Ils peuvent cependant \u00eatre compar\u00e9s aux tees habituels. Les noirs, 6\u00a0706 m\u00e8tres, sont clairement r\u00e9serv\u00e9s \u00e0 <strong>Sergio Garcia<\/strong> et ses amis pros. Les blancs, 6 250 m\u00e8tres, offrent un beau d\u00e9fi aux joueurs confirm\u00e9s.<\/p>\n<p>\u00a0<\/p>\n<p><img loading=\"lazy\" decoding=\"async\" class=\"alignnone size-image-largeur-770 wp-image-178416\" src=\"data:image\/svg+xml,%3Csvg%20xmlns=\" http:=\"\" alt=\"\" width=\"770\" height=\"503\" data-lazy- data-lazy- data-lazy-src=\"https:\/\/www.europesays.com\/fr\/wp-content\/uploads\/2025\/07\/terras-da-comporta-torre-2-770x503.jpg\"\/><\/p>\n<p>\u00a0<\/p>\n<p>Quant aux jaunes, \u00e0 5 835 m\u00e8tres, ils conviendront parfaitement \u00e0 la majorit\u00e9 des golfeurs, avec de nombreux coups d\u2019approche au fer court ou moyen. Et parce que le plaisir doit rester accessible \u00e0 tous, les d\u00e9parts bleus (5 110 m\u00e8tres), rouges (4 855 m\u00e8tres) et orange (3 847 m\u00e8tres) permettent \u00e0 chacun, quel que soit son niveau et sa distance au drive, de savourer <strong>Torre<\/strong> sans pression.<\/p>\n<p>\t\t\t\t\t<a id=\"178032\" href=\"https:\/\/www.golfy.fr\/landing\/golf-planete-decouvrez-les-golfs-collections-du-reseau-golfy?utm_source=golf_planete&amp;utm_medium=display&amp;utm_campaign=golfs_collection_2025\" target=\"_blank\" rel=\"sponsorised nofollow noopener\"><img decoding=\"async\" src=\"data:image\/svg+xml,%3Csvg%20xmlns=\" http:=\"\" class=\"img-responsive\" alt=\"\" data-lazy-src=\"https:\/\/www.europesays.com\/fr\/wp-content\/uploads\/2025\/06\/golfy-e06-golfs-collection-france-ete-1170x275-1.jpg\"\/><\/a><\/p>\n<p>Ce trac\u00e9 va incontestablement obtenir une reconnaissance internationale. Il vient surtout parfaitement compl\u00e9ter l\u2019offre de<strong> Terras da Comporta<\/strong> et son premier parcours, <a href=\"https:\/\/www.golfplanete.com\/le-fil-golf-planete\/dunas-le-nouveau-joyau-du-portugal\/\" rel=\"nofollow noopener\" target=\"_blank\"><strong>Dunas<\/strong><\/a>. Pour jouer l\u2019un des deux trac\u00e9s, il faut d\u00e9bourser 200 \u20ac (voiturette et tee gifts compris).<\/p>\n<p>\u00a0<\/p>\n<p><img loading=\"lazy\" decoding=\"async\" class=\"alignnone size-image-largeur-770 wp-image-178419\" src=\"data:image\/svg+xml,%3Csvg%20xmlns=\" http:=\"\" alt=\"\" width=\"770\" height=\"420\" data-lazy- data-lazy- data-lazy-src=\"https:\/\/www.europesays.com\/fr\/wp-content\/uploads\/2025\/07\/terras-da-comporta-dunas-770x420.jpg\"\/><\/p>\n<p>\u00a0<\/p>\n<p>O\u00f9 dormir\u00a0?<\/p>\n<p>Le projet en lui-m\u00eame de <strong>Terras da Comporta<\/strong> est tr\u00e8s loin d\u2019\u00eatre termin\u00e9. Deux h\u00f4tels, des villas et des installations sportives vont sortir de terre dans les prochaines ann\u00e9es. En attendant, l\u2019h\u00f4tel <strong>Quinta Da Comporta<\/strong> offre un havre de paix id\u00e9al \u00e0 quelques minutes des deux parcours.<\/p>\n<p>\u00a0<\/p>\n<p><img loading=\"lazy\" decoding=\"async\" class=\"alignnone size-image-largeur-770 wp-image-178414\" src=\"data:image\/svg+xml,%3Csvg%20xmlns=\" http:=\"\" alt=\"\" width=\"770\" height=\"513\" data-lazy- data-lazy- data-lazy-src=\"https:\/\/www.europesays.com\/fr\/wp-content\/uploads\/2025\/07\/abernardo.lucio_.photo_quinta-da-comporta-20230720-082january2024-770x513.jpg\"\/><\/p>\n<p>\u00a0<\/p>\n<p>Ce lieu tr\u00e8s charmant s\u2019int\u00e8gre parfaitement dans l\u2019environnement naturel qui l\u2019entoure, \u00e0 l\u2019image des tr\u00e8s agr\u00e9ables b\u00e2timents communs tout en bois. Il offre de nombreuses commodit\u00e9s \u00e0 l\u2019instar d\u2019une piscine \u00e0 d\u00e9bordement de 40 m\u00e8tres et d\u2019un spa, le tout dans un standing haut de gamme. Les chambres sont tr\u00e8s spacieuses et d\u00e9cor\u00e9es avec bon go\u00fbt. La cuisine est tout aussi \u00e0 la hauteur des attentes des palais les plus fins.<\/p>\n<p>\u00a0<\/p>\n<p><a href=\"https:\/\/fr.quintadacomporta.com\/\" target=\"_blank\" rel=\"noopener nofollow\">Retrouvez toutes les informations sur le complexe de Terras Da Comporta<\/a><\/p>\n<p>\u00a0<\/p>\n<p>\u00a0<\/p>\n<p>\t\t\t<script async src=\"\/\/www.instagram.com\/embed.js\"><\/script><\/p>\n","protected":false},"excerpt":{"rendered":"Partager cet article Partager la publication \u00ab\u00a0\u00c0 la d\u00e9couverte du premier 18 trous sign\u00e9 Sergio Garcia\u00a0\u00bb Au courant&hellip;\n","protected":false},"author":2,"featured_media":229042,"comment_status":"","ping_status":"","sticky":false,"template":"","format":"standard","meta":{"footnotes":""},"categories":[1418],"tags":[1011,27,1472,60],"class_list":{"0":"post-229041","1":"post","2":"type-post","3":"status-publish","4":"format-standard","5":"has-post-thumbnail","7":"category-golf","8":"tag-fr","9":"tag-france","10":"tag-golf","11":"tag-sports"},"share_on_mastodon":{"url":"https:\/\/pubeurope.com\/@fr\/114802773818171751","error":""},"_links":{"self":[{"href":"https:\/\/www.europesays.com\/fr\/wp-json\/wp\/v2\/posts\/229041","targetHints":{"allow":["GET"]}}],"collection":[{"href":"https:\/\/www.europesays.com\/fr\/wp-json\/wp\/v2\/posts"}],"about":[{"href":"https:\/\/www.europesays.com\/fr\/wp-json\/wp\/v2\/types\/post"}],"author":[{"embeddable":true,"href":"https:\/\/www.europesays.com\/fr\/wp-json\/wp\/v2\/users\/2"}],"replies":[{"embeddable":true,"href":"https:\/\/www.europesays.com\/fr\/wp-json\/wp\/v2\/comments?post=229041"}],"version-history":[{"count":0,"href":"https:\/\/www.europesays.com\/fr\/wp-json\/wp\/v2\/posts\/229041\/revisions"}],"wp:featuredmedia":[{"embeddable":true,"href":"https:\/\/www.europesays.com\/fr\/wp-json\/wp\/v2\/media\/229042"}],"wp:attachment":[{"href":"https:\/\/www.europesays.com\/fr\/wp-json\/wp\/v2\/media?parent=229041"}],"wp:term":[{"taxonomy":"category","embeddable":true,"href":"https:\/\/www.europesays.com\/fr\/wp-json\/wp\/v2\/categories?post=229041"},{"taxonomy":"post_tag","embeddable":true,"href":"https:\/\/www.europesays.com\/fr\/wp-json\/wp\/v2\/tags?post=229041"}],"curies":[{"name":"wp","href":"https:\/\/api.w.org\/{rel}","templated":true}]}}