{"id":229057,"date":"2025-07-05T21:43:12","date_gmt":"2025-07-05T21:43:12","guid":{"rendered":"https:\/\/www.europesays.com\/fr\/229057\/"},"modified":"2025-07-05T21:43:12","modified_gmt":"2025-07-05T21:43:12","slug":"yuka-matsui-la-plus-setoise-des-artistes-japonaises-entre-au-musee-de-la-mer","status":"publish","type":"post","link":"https:\/\/www.europesays.com\/fr\/229057\/","title":{"rendered":"Yuka Matsui, la plus s\u00e9toise des artistes japonaises entre au mus\u00e9e de la Mer"},"content":{"rendered":"<p>\n                                                                Yuka Matsui, artiste calligraphe qui vit entre le Japon et la France, invite le public, tout le mois de juillet, \u00e0 venir d\u00e9couvrir la suite de son \u0153uvre consacr\u00e9e au mont Saint-Clair.\n                            <\/p>\n<p><a href=\"https:\/\/www.google.com\/search?q=Yuka+Matsui+midi+libre+S%C3%A8te&amp;rlz=1C1GCEB_enFR937FR937&amp;oq=Yuka&amp;gs_lcrp=EgZjaHJvbWUqBggAEEUYOzIGCAAQRRg7MgwIARBFGDkYsQMYgAQyCggCEAAYsQMYgAQyBwgDEAAYgAQyBwgEEAAYgAQyCggFEAAYsQMYgAQyCggGEAAYsQMYgAQyCQgHEC4YChiABDIHCAgQABiPAjIHCAkQABiPAtIBCTI5OTNqMGoxNagCCLACAfEFHzyppIAotaw&amp;sourceid=chrome&amp;ie=UTF-8\" target=\"_self\" rel=\"nofollow noopener\">Celle qui peint la montagne dans la mer est de retour \u00e0 S\u00e8te. L\u2019artiste peintre qui vit entre le Japon et l\u2019\u00eele singuli\u00e8re, Yuka Matsui, revient cette ann\u00e9e pour une nouvelle exposition au mus\u00e9e de la Mer.<\/a> Elle y pr\u00e9sente ses derni\u00e8res toiles\u00a0issues de la s\u00e9rie \u00ab\u00a0Les trente-six vues du mont Saint-Clair\u00a0\u00bb, dont elle avait d\u00e9voil\u00e9 la premi\u00e8re partie en 2024 \u00e0 la librairie L\u2019\u00c9chapp\u00e9e belle. L\u2019artiste offrait au public, une sorte de\u00a0dialogue entre le kami \u2013 esprit japonais d\u2019une personne ou d\u2019un lieu \u2013 de la colline singuli\u00e8re et celui du mont Fuji, dont le grand peintre japonais Hokusa\u00ef, de l\u2019\u00e9poque Edo au milieu du XIXe\u00a0si\u00e8cle, avait imagin\u00e9 lui aussi 36 vues.<\/p>\n<p>\u00ab\u00a0Elle cr\u00e9e des \u0153uvres oscillant entre figuration et abstraction\u00a0\u00bb<\/p>\n<p>Cet ultime volet intitul\u00e9 \u00ab\u00a0Le Saint-Clair prend la mer\u00a0\u00bb m\u00eale\u00a0mat\u00e9riaux contemporains et traditionnels comme le papier washi de Kyoto, trait de calligraphie \u00e0 l\u2019encre de Chine, bois de sh\u00f4ji (paroi ou porte constitu\u00e9e de papier\u00a0washi). Yuka Matsui, adepte de Soulages qu\u2019elle avait rencontr\u00e9e \u00e0 S\u00e8te, consacre une nouvelle s\u00e9rie au mont Saint-Clair, \u00ab\u00a0avec un minimalisme r\u00e9ellement zen oscillant entre le noir et le blanc. Parfois s\u2019y ajoutent des contrastes de couleurs profondes\u00a0\u00bb, d\u00e9crit le curateur de l\u2019exposition. Inspir\u00e9e par \u00ab\u00a0la nature, la lumi\u00e8re et la litt\u00e9rature, novatrice dans les techniques et les supports, elle cr\u00e9e\u00a0des \u0153uvres oscillant entre figuration et abstraction\u00a0\u00bb, poursuit-il, \u00e0 mi-chemin entre l\u2019art japonais traditionnel et l\u2019art contemporain, tout en \u00e9l\u00e9gance.<\/p>\n<p>        <img decoding=\"async\" class=\"std-img__img responsive-img\" src=\"https:\/\/www.europesays.com\/fr\/wp-content\/uploads\/2025\/07\/1751751792_708_image.jpg\" alt=\"&quot;Wagumo shoji&quot;, l\u2019une des oeuvres de Yuka Matsui expos\u00e9e au Mus\u00e9e de la Mer.\"\/><\/p>\n<p>                \u00ab\u00a0Wagumo shoji\u00a0\u00bb, l\u2019une des oeuvres de Yuka Matsui expos\u00e9e au Mus\u00e9e de la Mer.<br \/>\n                                    Yuka Matsui<\/p>\n<p>Yuka Matsui r\u00e9alise \u00e9galement des performances originales dans de grandes institutions au Japon (Tokyo et Kyoto) et en Europe (ch\u00e2teau de Versailles, mus\u00e9e Guimet, mus\u00e9e Matisse, mus\u00e9e Toulouse-Lautrec, mus\u00e9e Soulages de Rodez, fondation Baur \u00e0 Gen\u00e8ve, Musec \u00e0 Lugano\u00a0etc.) \u00ab\u00a0Sainte-Victoire\u00a0\u00bb, sa derni\u00e8re cr\u00e9ation inspir\u00e9e d\u2019une autre montagne fran\u00e7aise vient d\u2019\u00eatre expos\u00e9e \u00e0 Tokyo (Ginza), en juin dernier.<\/p>\n<p>Apr\u00e8s le vernissage de l\u2019exposition pr\u00e9vue jeudi 3\u00a0juillet \u00e0 18\u00a0h, Yuka Matsui sera en r\u00e9sidence d\u2019artistes au Madlab de Marseillan, une partie du mois de juillet.<\/p>\n<p>\u00ab\u00a0Le Saint-Clair prend la mer\u00a0\u00bb, entr\u00e9e libre, ouvert tous les jours (sauf le mardi) de\u00a010\u00a0h \u2013 18\u00a0h, jusqu\u2019au\u00a031\u00a0juillet.<br \/>Site de l\u2019artiste\u00a0: yuka komatsui.com Contact\u00a0: ateliershodo@gmail.com.<\/p>\n","protected":false},"excerpt":{"rendered":"Yuka Matsui, artiste calligraphe qui vit entre le Japon et la France, invite le public, tout le mois&hellip;\n","protected":false},"author":2,"featured_media":229058,"comment_status":"","ping_status":"","sticky":false,"template":"","format":"standard","meta":{"footnotes":""},"categories":[1358],"tags":[1348,1384,1385,1386,58,59,1011,27],"class_list":{"0":"post-229057","1":"post","2":"type-post","3":"status-publish","4":"format-standard","5":"has-post-thumbnail","7":"category-arts-et-design","8":"tag-arts","9":"tag-arts-and-design","10":"tag-arts-et-design","11":"tag-design","12":"tag-divertissement","13":"tag-entertainment","14":"tag-fr","15":"tag-france"},"share_on_mastodon":{"url":"https:\/\/pubeurope.com\/@fr\/114802812998315467","error":""},"_links":{"self":[{"href":"https:\/\/www.europesays.com\/fr\/wp-json\/wp\/v2\/posts\/229057","targetHints":{"allow":["GET"]}}],"collection":[{"href":"https:\/\/www.europesays.com\/fr\/wp-json\/wp\/v2\/posts"}],"about":[{"href":"https:\/\/www.europesays.com\/fr\/wp-json\/wp\/v2\/types\/post"}],"author":[{"embeddable":true,"href":"https:\/\/www.europesays.com\/fr\/wp-json\/wp\/v2\/users\/2"}],"replies":[{"embeddable":true,"href":"https:\/\/www.europesays.com\/fr\/wp-json\/wp\/v2\/comments?post=229057"}],"version-history":[{"count":0,"href":"https:\/\/www.europesays.com\/fr\/wp-json\/wp\/v2\/posts\/229057\/revisions"}],"wp:featuredmedia":[{"embeddable":true,"href":"https:\/\/www.europesays.com\/fr\/wp-json\/wp\/v2\/media\/229058"}],"wp:attachment":[{"href":"https:\/\/www.europesays.com\/fr\/wp-json\/wp\/v2\/media?parent=229057"}],"wp:term":[{"taxonomy":"category","embeddable":true,"href":"https:\/\/www.europesays.com\/fr\/wp-json\/wp\/v2\/categories?post=229057"},{"taxonomy":"post_tag","embeddable":true,"href":"https:\/\/www.europesays.com\/fr\/wp-json\/wp\/v2\/tags?post=229057"}],"curies":[{"name":"wp","href":"https:\/\/api.w.org\/{rel}","templated":true}]}}