{"id":229061,"date":"2025-07-05T21:45:13","date_gmt":"2025-07-05T21:45:13","guid":{"rendered":"https:\/\/www.europesays.com\/fr\/229061\/"},"modified":"2025-07-05T21:45:13","modified_gmt":"2025-07-05T21:45:13","slug":"jarry-revient-sur-la-chaine-comme-un-imposteur","status":"publish","type":"post","link":"https:\/\/www.europesays.com\/fr\/229061\/","title":{"rendered":"Jarry revient sur la cha\u00eene comme un \u00ab\u00a0imposteur\u00a0\u00bb"},"content":{"rendered":"<p> \u00abIl revient chez nous. D\u2019abord en fiction puisqu\u2019il sera l\u2019un des interpr\u00e8tes principaux de l\u2019adaptation en s\u00e9rie de \u00ab\u00a0\u00a0\u00bbMaison de retraite\u00a0\u00bb, le carton au cin\u00e9ma de <a href=\"https:\/\/www.20minutes.fr\/dossier\/kev_adams\" class=\"color-ultramarine c-link\" target=\"_blank\" rel=\"noopener\">Kev Adams<\/a>\u00a0\u00bb, a d\u00e9clar\u00e9 Ara Aprikian, directeur g\u00e9n\u00e9ral des contenus du groupe dans un entretien au <a href=\"https:\/\/www.leparisien.fr\/culture-loisirs\/tv\/jarry-revient-sur-tf1-ara-aprikian-le-numero-2-du-groupe-devoile-ses-projets-pour-la-rentree-06-07-2025-SCRNXTXYBBH4LOUZOWYEMF4XDI.php\" rel=\"nofollow noopener\" target=\"_blank\" class=\"color-ultramarine c-link\">Parisien<\/a>.<\/p>\n<p>\u00ab\u00a0Ensuite en tant qu\u2019animateur puisqu\u2019il va prendre les commandes d\u2019un nouveau jeu, \u00a0\u00bbThe Imposter\u00a0\u00bb, sur TF1\u00a0\u00bb, a ajout\u00e9 M. Aprikian.<\/p>\n<p>Adaptation d\u2019un format anglais, \u00ab\u00a0The Imposter\u00a0\u00bb ( \u00ab\u00a0L\u2019imposteur\u00a0\u00bb en fran\u00e7ais) est \u00ab\u00a0un quiz de plateau\u00a0\u00bb avec des rebondissements qui sera programm\u00e9 en prime time, selon le dirigeant.<\/p>\n<\/p>\n<p>Elu \u00ab\u00a0meilleure r\u00e9v\u00e9lation t\u00e9l\u00e9visuelle\u00a0\u00bb en\u00a02024 aux TL Awards, organis\u00e9s par T\u00e9l\u00e9-Loisirs, <a href=\"https:\/\/www.20minutes.fr\/arts-stars\/people\/4112964-20241001-tellement-peur-fasse-mal-jarry-sent-oblige-cacher-enfants-cause-menaces-homophobes\" target=\"_blank\" class=\"color-ultramarine c-link\" rel=\"noopener\">Jarry<\/a> avait quitt\u00e9 la pr\u00e9sentation de l\u2019\u00e9mission \u00ab\u00a0<a href=\"https:\/\/www.20minutes.fr\/arts-stars\/people\/4100410-20240709-jarry-bord-larmes-derniere-tout-monde-veut-prendre-place\" target=\"_blank\" class=\"color-ultramarine c-link\" rel=\"noopener\">Tout le monde veut prendre sa place<\/a>\u00a0\u00bb sur France 2 l\u2019ann\u00e9e derni\u00e8re pour repartir en tourn\u00e9e en\u00a02025.<\/p>\n<p>Il a d\u00e9j\u00e0 anim\u00e9 l\u2019\u00e9mission \u00ab\u00a0Good Singers\u00a0\u00bb de\u00a02020 \u00e0\u00a02022 sur TF1, o\u00f9 le but est de trouver les bons chanteurs parmi 12 candidats, et particip\u00e9 au jury de \u00ab\u00a0<a href=\"https:\/\/www.20minutes.fr\/arts-stars\/television\/mask-singer\/\" class=\"color-ultramarine c-link\" target=\"_blank\" rel=\"noopener\">Mask Singer<\/a>\u00a0\u00bb, o\u00f9 des c\u00e9l\u00e9brit\u00e9s chantent masqu\u00e9es, toujours sur la m\u00eame cha\u00eene.<\/p>\n","protected":false},"excerpt":{"rendered":"\u00abIl revient chez nous. D\u2019abord en fiction puisqu\u2019il sera l\u2019un des interpr\u00e8tes principaux de l\u2019adaptation en s\u00e9rie de&hellip;\n","protected":false},"author":2,"featured_media":229062,"comment_status":"","ping_status":"","sticky":false,"template":"","format":"standard","meta":{"footnotes":""},"categories":[1356],"tags":[58,59,1011,27,5983,521,252,199,1364],"class_list":{"0":"post-229061","1":"post","2":"type-post","3":"status-publish","4":"format-standard","5":"has-post-thumbnail","7":"category-television","8":"tag-divertissement","9":"tag-entertainment","10":"tag-fr","11":"tag-france","12":"tag-mask-singer","13":"tag-serie","14":"tag-television","15":"tag-tf1","16":"tag-tv"},"share_on_mastodon":{"url":"https:\/\/pubeurope.com\/@fr\/114802820599768591","error":""},"_links":{"self":[{"href":"https:\/\/www.europesays.com\/fr\/wp-json\/wp\/v2\/posts\/229061","targetHints":{"allow":["GET"]}}],"collection":[{"href":"https:\/\/www.europesays.com\/fr\/wp-json\/wp\/v2\/posts"}],"about":[{"href":"https:\/\/www.europesays.com\/fr\/wp-json\/wp\/v2\/types\/post"}],"author":[{"embeddable":true,"href":"https:\/\/www.europesays.com\/fr\/wp-json\/wp\/v2\/users\/2"}],"replies":[{"embeddable":true,"href":"https:\/\/www.europesays.com\/fr\/wp-json\/wp\/v2\/comments?post=229061"}],"version-history":[{"count":0,"href":"https:\/\/www.europesays.com\/fr\/wp-json\/wp\/v2\/posts\/229061\/revisions"}],"wp:featuredmedia":[{"embeddable":true,"href":"https:\/\/www.europesays.com\/fr\/wp-json\/wp\/v2\/media\/229062"}],"wp:attachment":[{"href":"https:\/\/www.europesays.com\/fr\/wp-json\/wp\/v2\/media?parent=229061"}],"wp:term":[{"taxonomy":"category","embeddable":true,"href":"https:\/\/www.europesays.com\/fr\/wp-json\/wp\/v2\/categories?post=229061"},{"taxonomy":"post_tag","embeddable":true,"href":"https:\/\/www.europesays.com\/fr\/wp-json\/wp\/v2\/tags?post=229061"}],"curies":[{"name":"wp","href":"https:\/\/api.w.org\/{rel}","templated":true}]}}