{"id":229065,"date":"2025-07-05T21:50:14","date_gmt":"2025-07-05T21:50:14","guid":{"rendered":"https:\/\/www.europesays.com\/fr\/229065\/"},"modified":"2025-07-05T21:50:14","modified_gmt":"2025-07-05T21:50:14","slug":"en-direct-real-madrid-dortmund-les-merengue-deroulent-avant-de-retrouver-le-psg-en-demi-mbappe-entre-en-jeu","status":"publish","type":"post","link":"https:\/\/www.europesays.com\/fr\/229065\/","title":{"rendered":"EN DIRECT &#8211; Real Madrid-Dortmund : les Merengue d\u00e9roulent avant de retrouver le PSG en demi, Mbapp\u00e9 entre en jeu"},"content":{"rendered":"<p>Ce samedi soir (22h), le Real Madrid de Mbapp\u00e9 affronte le Borussia Dortmund pour une place dans le dernier carr\u00e9. Les Espagnols pourraient m\u00eame croiser la route du PSG.<\/p>\n<p>\n        23:45\n            <\/p>\n<p class=\"fig-live-post__title\" role=\"heading\" aria-level=\"3\">Changements pour le Real (84e, 2-0)<\/p>\n<p class=\"fig-paragraph\">Tchouam\u00e9ni c\u00e8de sa place \u00e0 Asencio. Retour de la d\u00e9fense \u00e0 3 c\u00f4t\u00e9 merengue. Gonzalo Garcia, auteur de son 4e but dans la comp\u00e9tition ce soir, voit Rodrygo le remplacer.<\/p>\n<p>\n        23:44\n            <\/p>\n<p class=\"fig-live-post__title\" role=\"heading\" aria-level=\"3\">Couto impr\u00e9cis (83e, 2-0)<\/p>\n<p class=\"fig-paragraph\">Parti depuis le c\u00f4t\u00e9 droit, Yan Couto repique dans l\u2019axe, avant d\u2019armer sa frappe du pied gauche, depuis l\u2019entr\u00e9e de la surface de r\u00e9paration. Son ballon s\u2019envole. Aucun danger pour le Real.<\/p>\n<p>\n        23:42\n            <\/p>\n<p class=\"fig-live-post__title\" role=\"heading\" aria-level=\"3\">Pas grand-chose \u00e0 signaler (80e, 2-0)<\/p>\n<p class=\"fig-paragraph\">Les Borussens semblent r\u00e9sign\u00e9s et les Madril\u00e8nes sont dans un fauteuil. Cette fin de match ressemble \u00e0 un long chemin de croix pour les joueurs de la Ruhr.<\/p>\n<p>\n        23:38\n            <\/p>\n<p class=\"fig-live-post__title\" role=\"heading\" aria-level=\"3\">Derni\u00e8re pause fra\u00eecheur (77e, 2-0)<\/p>\n<p class=\"fig-paragraph\">Seconde et ultime \u00abcooling break\u00bb de ce match.<\/p>\n<p>\n        23:36\n            <\/p>\n<p class=\"fig-live-post__title\" role=\"heading\" aria-level=\"3\">Mbapp\u00e9 se met tout de suite en \u00e9vidence ! (73e, 2-0)<\/p>\n<p class=\"fig-paragraph\">Tout juste entr\u00e9 en jeu, le n\u00b09 du Real attaque le c\u00f4t\u00e9 droit de la surface allemande avant de tenter une frappe du gauche en angle ferm\u00e9\u00a0! Kobel est \u00e0 la parade.<\/p>\n<p>\n        23:32\n            <\/p>\n<p class=\"fig-live-post__title\" role=\"heading\" aria-level=\"3\">Le Real en gestion (69e, 2-0)<\/p>\n<p class=\"fig-paragraph\">Tr\u00e8s peu inqui\u00e9t\u00e9s, les Madril\u00e8nes r\u00e9citent leurs gammes dans ce second acte. C\u2019est tr\u00e8s pauvre offensivement c\u00f4t\u00e9 Borussia. Les Merengue sont dans un fauteuil.<\/p>\n<p>\n        23:30\n            <\/p>\n<p class=\"fig-live-post__title\" role=\"heading\" aria-level=\"3\">Changements pour le Real, Mbapp\u00e9 entre en jeu ! (65e, 2-0)<\/p>\n<p class=\"fig-paragraph\">Vinicius Jr est remplac\u00e9 par Modric, Ceballos succ\u00e8de \u00e0 Alexander-Arnold et Bellingham c\u00e8de sa place \u00e0 Mbapp\u00e9\u00a0! L\u2019attaquant fran\u00e7ais est donc associ\u00e9 \u00e0 Gonzalo Garcia, qui bascule sur l\u2019aile gauche.<\/p>\n<p>\n        23:25\n            <\/p>\n<p class=\"fig-live-post__title\" role=\"heading\" aria-level=\"3\">Quelle frappe de Tchouam\u00e9ni !! (62e, 2-0)<\/p>\n<p class=\"fig-paragraph\">Sur une contre-attaque, Valverde percute et vient d\u00e9caler Vinicius. Apr\u00e8s un centre, le ballon revient sur le Br\u00e9silien qui remet \u00e0 Tchouam\u00e9ni, avant que le Fran\u00e7ais n\u2019enroule une terrible frappe sur la transversale de Kobel\u00a0! Vinicius est finalement signal\u00e9 hors-jeu mais quel tir de l\u2019ancien Mon\u00e9gasque.<\/p>\n<p>\n        23:23\n            <\/p>\n<p class=\"fig-live-post__title\" role=\"heading\" aria-level=\"3\">La frappe de Beier ! (61e, 2-0)<\/p>\n<p class=\"fig-paragraph\">En un contre un face \u00e0 R\u00fcdiger, l\u2019international allemand envoie une frappe du droit directement sur Courtois.<\/p>\n<p>\n        23:21\n            <\/p>\n<p class=\"fig-live-post__title\" role=\"heading\" aria-level=\"3\">Guirassy peut s\u2019en vouloir (59e, 2-0)<\/p>\n<p class=\"fig-paragraph\">Sur une contre-attaque, l\u2019avant-centre du Borussia tente de d\u00e9caler dans son dos un co\u00e9quipier, mais sa passe, mal dos\u00e9e, est anticip\u00e9e par la d\u00e9fense du Real.<\/p>\n<p>\n        23:19\n            <\/p>\n<p class=\"fig-live-post__title\" role=\"heading\" aria-level=\"3\">Pas beaucoup d\u2019intensit\u00e9 (56e, 2-0)<\/p>\n<p class=\"fig-paragraph\">Le rythme est retomb\u00e9, depuis quelques minutes, de part et d\u2019autre. Pas grand-chose \u00e0 se mettre sous la dent.<\/p>\n<p>\n        23:15\n            <\/p>\n<p class=\"fig-live-post__title\" role=\"heading\" aria-level=\"3\">Le BVB dans une nouvelle dynamique (53e, 2-0)<\/p>\n<p class=\"fig-paragraph\">Depuis la reprise, les hommes de Niko Kovac montrent un tout autre visage, bien plus entreprenant. \u00c7a reste trop peu pour mettre ce Real-l\u00e0 en difficult\u00e9.<\/p>\n<p>\n        23:11\n            <\/p>\n<p class=\"fig-live-post__title\" role=\"heading\" aria-level=\"3\">Bensebaini de la t\u00eate (50e, 2-0)<\/p>\n<p class=\"fig-paragraph\">Svensson se charge d\u2019un corner sortant, de la gauche vers la droite. Bensebaini, dans la surface de r\u00e9paration, gagne son duel, mais ne cadre pas sa t\u00eate. C\u2019est au-dessus, une nouvelle fois.<\/p>\n<p>\n        23:10\n            <\/p>\n<p class=\"fig-live-post__title\" role=\"heading\" aria-level=\"3\">Beier apporte (enfin) du danger (48e, 2-0)<\/p>\n<p class=\"fig-paragraph\">Entr\u00e9 en jeu, l\u2019attaquant allemand parvient \u00e0 s\u2019infiltrer dans la surface madril\u00e8ne avant de tenter une frappe du gauche. Cette derni\u00e8re est contr\u00e9e par R\u00fcdiger.<\/p>\n<p>\n        23:06\n            <\/p>\n<p class=\"fig-live-post__title\" role=\"heading\" aria-level=\"3\">C\u2019est reparti !<\/p>\n<p class=\"fig-paragraph\">D\u00e9but de la seconde p\u00e9riode.<\/p>\n<p>\n        22:49\n            <\/p>\n<p class=\"fig-live-post__title\" role=\"heading\" aria-level=\"3\">Mi-temps !<\/p>\n<p class=\"fig-paragraph\">Pas de soucis pour le Real qui, sans Mbapp\u00e9 sur le banc, m\u00e8ne tranquillement (2-0) face au Borussia Dortmund et fonce retrouver le PSG en demi-finale de cette Coupe du monde des clubs\u00a0!<\/p>\n<p>\n        22:45\n            <\/p>\n<p class=\"fig-live-post__title\" role=\"heading\" aria-level=\"3\">Gross se rate (43e, 2-0)<\/p>\n<p class=\"fig-paragraph\">Le milieu de terrain du Borussia envoie un centre bross\u00e9 du gauche, beaucoup trop haut et mal dos\u00e9, dans la surface du Real. Courtois se saisit du cuir.<\/p>\n<p>\n        22:43\n            <\/p>\n<p class=\"fig-live-post__title\" role=\"heading\" aria-level=\"3\">G\u00fcler et Vinicius r\u00e9galent ! (40e, 2-0)<\/p>\n<p class=\"fig-paragraph\">Sur une longue relance de Courtois, le milieu turc casse les lignes et vient mettre Vini sur orbite. Dans son \u00e9lan, l\u2019ailier gauche br\u00e9silien tente une frappe lob\u00e9e de loin. Sans succ\u00e8s. Le Real d\u00e9roule.<\/p>\n<p>\n        22:40\n            <\/p>\n<p class=\"fig-live-post__title\" role=\"heading\" aria-level=\"3\">Le BVB inoffensif (38e, 2-0)<\/p>\n<p class=\"fig-paragraph\">Men\u00e9s de 2 buts, les Jaune et Noir paraissent incapables de revenir dans le match. Ces derniers ont \u00e9norm\u00e9ment de mal \u00e0 se montrer dangereux et \u00e0 se procurer des occasions. La t\u00e2che s\u2019annonce ardue.<\/p>\n<p>\n        22:38\n            <\/p>\n<p class=\"fig-live-post__title\" role=\"heading\" aria-level=\"3\">Un Garcia peut en cacher un autre<\/p>\n<p>\n        22:37\n            <\/p>\n<p class=\"fig-live-post__title\" role=\"heading\" aria-level=\"3\">G\u00fcler s\u2019amuse (35e, 2-0)<\/p>\n<p class=\"fig-paragraph\">Le milieu turc du Real part dans une s\u00e9rie de dribbles avant de tenter une frappe du gauche, contr\u00e9e par la d\u00e9fense du Borussia.<\/p>\n<p>\n        22:33\n            <\/p>\n<p class=\"fig-live-post__title\" role=\"heading\" aria-level=\"3\">Le redoutable duo G\u00fcler-Garcia savoure<\/p>\n<p>\n        22:32\n            <\/p>\n<p class=\"fig-live-post__title\" role=\"heading\" aria-level=\"3\">Pause fra\u00eecheur (30e, 2-0)<\/p>\n<p class=\"fig-paragraph\">Premier \u00abcooling break\u00bb de ce quart de finale. Les Borussens en ont (bien) besoin.<\/p>\n<p>\n        22:31\n            <\/p>\n<p class=\"fig-live-post__title\" role=\"heading\" aria-level=\"3\">Vinicius s\u2019essaye (29e, 2-0)<\/p>\n<p class=\"fig-paragraph\">\u00c0 la suite d\u2019une bonne r\u00e9cup\u00e9ration de Bellingham dans le camp du BVB, le n\u00b07 br\u00e9silien h\u00e9rite du ballon et vient d\u00e9clencher une frappe ras de terre du droit. Sans danger pour Kobel qui capte tranquillement le ballon.<\/p>\n<p>\n        22:30\n            <\/p>\n<p class=\"fig-live-post__title\" role=\"heading\" aria-level=\"3\">Le 2e but du Real inscrit par Fran Garcia en vid\u00e9o !<\/p>\n<p>\n        22:29\n            <\/p>\n<p class=\"fig-live-post__title\" role=\"heading\" aria-level=\"3\">Bellingham tout proche du 3e ! (27e, 2-0)<\/p>\n<p class=\"fig-paragraph\">Sur une transition rapide, Vinicius fait un appel tranchant, laissant l\u2019espace \u00e0 Bellingham, qui vient s\u2019engouffrer jusqu\u2019aux abords de la surface allemande. Ce dernier tente la frappe ras de terre du droit mais ne cadre pas\u00a0! Le BVB a eu chaud.<\/p>\n<p>\n        22:27\n            <\/p>\n<p class=\"fig-live-post__title\" role=\"heading\" aria-level=\"3\">Centre de Ryerson (25e, 2-0)<\/p>\n<p class=\"fig-paragraph\">Le piston droit du Borussia d\u00e9livre un bon centre dans la surface du Rea, mais Alexander-Arnold intervient bien et signe une relance magnifique.<\/p>\n<p>\n        22:25\n            <\/p>\n<p class=\"fig-live-post__title\" role=\"heading\" aria-level=\"3\">Vinicius gourmand (22e, 2-0)<\/p>\n<p class=\"fig-paragraph\">Le Br\u00e9silien voit Kobel avanc\u00e9 et tente sa chance de loin. Le portier du Borussia Dortmund capte le ballon sans probl\u00e8me.<\/p>\n<p>\n        22:20\n            <\/p>\n<p class=\"fig-live-post__title\" role=\"heading\" aria-level=\"3\">BUT DU REAL !! (19e, 2-0)<\/p>\n<p class=\"fig-paragraph\">Fran Garcia double la mise\u00a0! Sur un nouveau mouvement initi\u00e9 depuis le c\u00f4t\u00e9 droit, Trent Alexander-Arnold percute et vient centrer au second poteau. Fran Garcia se jette et vient faire le break pour la Maison Blanche, face \u00e0 des Borussens compl\u00e8tement apathiques\u00a0!<\/p>\n<p>\n        22:20\n            <\/p>\n<p class=\"fig-live-post__title\" role=\"heading\" aria-level=\"3\">L\u2019ouverture du score de Gonzalo Garcia pour le Real Madrid en vid\u00e9o !<\/p>\n<p>\n        22:18\n            <\/p>\n<p class=\"fig-live-post__title\" role=\"heading\" aria-level=\"3\">Le Real tranquille (16e, 1-0)<\/p>\n<p class=\"fig-paragraph\">Les joueurs de la Maison Blanche ne forcent pas leur talent dans ce d\u00e9but de match. Les Madril\u00e8nes font tourner en attendant une nouvelle faille dans la d\u00e9fense allemande, avec toujours, en m\u00e9tronome, Arda G\u00fcler.<\/p>\n<p>\n        22:15\n            <\/p>\n<p class=\"fig-live-post__title\" role=\"heading\" aria-level=\"3\">Dormtund tente de r\u00e9agir (13e, 1-0)<\/p>\n<p class=\"fig-paragraph\">Sonn\u00e9s par le but de la r\u00e9v\u00e9lation Gonzalo Garcia, les joueurs de la Ruhr essayent de proposer quelque chose dans le jeu. Pour l\u2019instant sans succ\u00e8s, les Madril\u00e8nes sont bien regroup\u00e9s.<\/p>\n<p>\n        22:10\n            <\/p>\n<p class=\"fig-live-post__title\" role=\"heading\" aria-level=\"3\">BUT DU REAL !! (9e, 1-0)<\/p>\n<p class=\"fig-paragraph\">Gonzalo Garcia ouvre le score\u00a0!! Seul dans la surface allemande, Arda G\u00fcler d\u00e9livre un d\u00e9lice de ballon pour le jeune avant-centre de 21 ans, qui vient reprendre le cuir du droit pour tromper Kobel\u00a0! 1-0 pour les Merengue.<\/p>\n<p>\n        22:09\n            <\/p>\n<p class=\"fig-live-post__title\" role=\"heading\" aria-level=\"3\">Garcia trop court ! (6e, 0-0)<\/p>\n<p class=\"fig-paragraph\">Quelle r\u00e9ponse des Madril\u00e8nes\u00a0! Sur l\u2019aile gauche, Fran Garcia cavale en contre-attaque avant de centrer fort au second poteau\u00a0! Gonzalo Garcia se jette mais demeure trop court pour pousser le ballon dans le but du BVB.<\/p>\n<p>\n        22:07\n            <\/p>\n<p class=\"fig-live-post__title\" role=\"heading\" aria-level=\"3\">La t\u00eate de Brandt ! (5e, 0-0)<\/p>\n<p class=\"fig-paragraph\">Sur un tr\u00e8s bon mouvement, Svensson centre au premier poteau vers son n\u00b010 qui catapulte un puissant coup de t\u00eate\u00a0! Le ballon vient fr\u00f4ler le but de Courtois. Premi\u00e8re grosse occasion dans cette partie.<\/p>\n<p>\n        22:06\n            <\/p>\n<p class=\"fig-live-post__title\" role=\"heading\" aria-level=\"3\">Le Real brouillon (4e, 0-0)<\/p>\n<p class=\"fig-paragraph\">Les Merengue tentent de d\u00e9velopper leurs offensives mais se montrent impr\u00e9cis. Vinicius bute notamment sur le roc S\u00fcle.<\/p>\n<p>\n        22:05\n            <\/p>\n<p class=\"fig-live-post__title\" role=\"heading\" aria-level=\"3\">Le BVB d\u00e9marre fort (1e, 0-0)<\/p>\n<p class=\"fig-paragraph\">Les Borussens se montrent tr\u00e8s incisifs et tranchants dans leurs transmissions. Adeyemi s\u2019engouffre dans l\u2019espace et oblige la d\u00e9fense du Real \u00e0 intervenir. Les Allemands jouent tr\u00e8s haut.<\/p>\n<p>\n        22:01\n            <\/p>\n<p class=\"fig-live-post__title\" role=\"heading\" aria-level=\"3\">C\u2019est parti !<\/p>\n<p class=\"fig-paragraph\">D\u00e9but de ce quart de finale entre Dortmund et le Real Madrid.<\/p>\n<p>\n        22:01\n            <\/p>\n<p class=\"fig-live-post__title\" role=\"heading\" aria-level=\"3\">Une minute de silence<\/p>\n<p class=\"fig-paragraph\">Une minute de silence est observ\u00e9e en l\u2019hommage \u00e0\u00a0<a href=\"http:\/\/www.lefigaro.fr\/sports\/football\/deces-de-diogo-jota-les-images-des-funerailles-avec-de-nombreuses-personnalites-du-monde-du-football-20250705\" data-fig-type=\"NewsFlash\" data-gtm-custom-categorie=\"navigation\" data-gtm-custom-action=\"crossclick\" data-gtm-custom-label=\"Contextuel\" data-gtm-event=\"customEventSPE\" data-fig-domain=\"LEFIGARO\" target=\"_blank\" rel=\"noopener\">Diogo Jota et son fr\u00e8re Andr\u00e9 Silva<\/a>.<\/p>\n<p>\n        21:58\n            <\/p>\n<p class=\"fig-live-post__title\" role=\"heading\" aria-level=\"3\">\u00c9chauffement en cours<\/p>\n<p>\n        21:53\n            <\/p>\n<p class=\"fig-live-post__title\" role=\"heading\" aria-level=\"3\">Sans Mbapp\u00e9, le Real veut rejoindre le PSG<\/p>\n<p class=\"fig-paragraph\">Amput\u00e9s de\u00a0<a href=\"http:\/\/www.lefigaro.fr\/sports\/football\/coupe-du-monde-des-clubs-kylian-mbappe-a-nouveau-remplacant-avec-le-real-madrid-contre-dortmund-20250705\" data-fig-type=\"NewsFlash\" data-gtm-custom-categorie=\"navigation\" data-gtm-custom-action=\"crossclick\" data-gtm-custom-label=\"Contextuel\" data-gtm-event=\"customEventSPE\" data-fig-domain=\"LEFIGARO\" target=\"_blank\" rel=\"noopener\">Kylian Mbapp\u00e9<\/a>, encore un peu juste pour \u00eatre titulaire apr\u00e8s sa gastro-ent\u00e9rite aigue, les Merengue, tombeurs de la Juventus au tour suivant, compte bien s\u2019imposer ce samedi face au BVB afin de retrouver\u00a0<a href=\"http:\/\/www.lefigaro.fr\/sports\/football\/psg-bayern-munich-doue-encore-capital-des-bavarois-pas-assez-tueurs-les-tops-et-les-flops-20250705\" data-fig-type=\"NewsFlash\" data-gtm-custom-categorie=\"navigation\" data-gtm-custom-action=\"crossclick\" data-gtm-custom-label=\"Contextuel\" data-gtm-event=\"customEventSPE\" data-fig-domain=\"LEFIGARO\" target=\"_blank\" rel=\"noopener\">le PSG en demi-finale<\/a>, pour un choc qui s\u2019annonce explosif.<\/p>\n<p>\n        21:48\n            <\/p>\n<p class=\"fig-live-post__title\" role=\"heading\" aria-level=\"3\">Le XI allemand<\/p>\n<p class=\"fig-paragraph\"><strong>BVB<\/strong>\u00a0: Kobel &#8211; Sule, Anton, Bensebaini &#8211; Ryerson, Sabitzer, Gross, Brandt, Svensson &#8211; Guirassy, Adeyemi<\/p>\n<p>\n        21:47\n            <\/p>\n<p class=\"fig-live-post__title\" role=\"heading\" aria-level=\"3\">Le XI madril\u00e8ne<\/p>\n<p class=\"fig-paragraph\"><a href=\"http:\/\/www.lefigaro.fr\/sports\/football\/coupe-du-monde-des-clubs-kylian-mbappe-a-nouveau-remplacant-avec-le-real-madrid-contre-dortmund-20250705\" data-fig-type=\"NewsFlash\" data-gtm-custom-categorie=\"navigation\" data-gtm-custom-action=\"crossclick\" data-gtm-custom-label=\"Contextuel\" data-gtm-event=\"customEventSPE\" data-fig-domain=\"LEFIGARO\" target=\"_blank\" rel=\"noopener\">Kylian Mbapp\u00e9<\/a>\u00a0est de nouveau rempla\u00e7ant, sans doute encore jug\u00e9 un peu juste pour d\u00e9marrer. Gonzalo Garcia, r\u00e9v\u00e9lation de cette Coupe du monde des clubs est align\u00e9 en 9. Aur\u00e9lien Tchouam\u00e9ni, Jude Bellingham, Vinicius et Trent Alexander-Arnold sont bien l\u00e0.<\/p>\n<p class=\"fig-paragraph\"><strong>Real Madrid<\/strong>\u00a0: Courtois &#8211; Trent, R\u00fcdiger, Huijsen, Fran Garcia &#8211; Valverde, Tchouam\u00e9ni, G\u00fcler, Bellingham &#8211; Vinicius, Gonzalo Garc\u00eda<\/p>\n<p>\n        21:43\n            <\/p>\n<p class=\"fig-live-post__title\" role=\"heading\" aria-level=\"3\">Bonsoir \u00e0 tous !<\/p>\n<p class=\"fig-paragraph\">Bienvenue sur notre\u00a0<a href=\"https:\/\/www.lefigaro.fr\/sports\" target=\"_blank\" data-fig-type=\"Section\" rel=\"noopener\" data-gtm-custom-categorie=\"navigation\" data-gtm-custom-action=\"crossclick\" data-gtm-custom-label=\"Contextuel\" data-gtm-event=\"customEventSPE\" data-fig-domain=\"LEFIGARO\">site<\/a>\u00a0pour suivre en direct comment\u00e9 et en int\u00e9gralit\u00e9 le dernier quart de finale du Mondial des clubs entre le Real Madrid et le Borussia Dortmund\u00a0! Coup d\u2019envoi 22h au MetLife stadium.<\/p>\n<p>                Les publications appara\u00eetront ici<\/p>\n<p>        Fermer<\/p>\n","protected":false},"excerpt":{"rendered":"Ce samedi soir (22h), le Real Madrid de Mbapp\u00e9 affronte le Borussia Dortmund pour une place dans le&hellip;\n","protected":false},"author":2,"featured_media":229066,"comment_status":"","ping_status":"","sticky":false,"template":"","format":"standard","meta":{"footnotes":""},"categories":[9],"tags":[454,69,448,83,451,7151,64,450,449,1011,27,452,6477,453,66,446,447,70,4790,60,455],"class_list":{"0":"post-229065","1":"post","2":"type-post","3":"status-publish","4":"format-standard","5":"has-post-thumbnail","7":"category-sports","8":"tag-ballon-dor","9":"tag-bundesliga","10":"tag-champions-league","11":"tag-coupe-de-france","12":"tag-coupe-du-monde","13":"tag-coupe-du-monde-des-clubs","14":"tag-equipe-de-france","15":"tag-euro","16":"tag-europa-league","17":"tag-fr","18":"tag-france","19":"tag-italie","20":"tag-kylian-mbappe","21":"tag-liga","22":"tag-ligue-1","23":"tag-ligue-2","24":"tag-ligue-des-champions","25":"tag-premier-league","26":"tag-real-madrid","27":"tag-sports","28":"tag-uefa"},"share_on_mastodon":{"url":"https:\/\/pubeurope.com\/@fr\/114802840293602191","error":""},"_links":{"self":[{"href":"https:\/\/www.europesays.com\/fr\/wp-json\/wp\/v2\/posts\/229065","targetHints":{"allow":["GET"]}}],"collection":[{"href":"https:\/\/www.europesays.com\/fr\/wp-json\/wp\/v2\/posts"}],"about":[{"href":"https:\/\/www.europesays.com\/fr\/wp-json\/wp\/v2\/types\/post"}],"author":[{"embeddable":true,"href":"https:\/\/www.europesays.com\/fr\/wp-json\/wp\/v2\/users\/2"}],"replies":[{"embeddable":true,"href":"https:\/\/www.europesays.com\/fr\/wp-json\/wp\/v2\/comments?post=229065"}],"version-history":[{"count":0,"href":"https:\/\/www.europesays.com\/fr\/wp-json\/wp\/v2\/posts\/229065\/revisions"}],"wp:featuredmedia":[{"embeddable":true,"href":"https:\/\/www.europesays.com\/fr\/wp-json\/wp\/v2\/media\/229066"}],"wp:attachment":[{"href":"https:\/\/www.europesays.com\/fr\/wp-json\/wp\/v2\/media?parent=229065"}],"wp:term":[{"taxonomy":"category","embeddable":true,"href":"https:\/\/www.europesays.com\/fr\/wp-json\/wp\/v2\/categories?post=229065"},{"taxonomy":"post_tag","embeddable":true,"href":"https:\/\/www.europesays.com\/fr\/wp-json\/wp\/v2\/tags?post=229065"}],"curies":[{"name":"wp","href":"https:\/\/api.w.org\/{rel}","templated":true}]}}