{"id":229067,"date":"2025-07-05T21:51:10","date_gmt":"2025-07-05T21:51:10","guid":{"rendered":"https:\/\/www.europesays.com\/fr\/229067\/"},"modified":"2025-07-05T21:51:10","modified_gmt":"2025-07-05T21:51:10","slug":"nouvelle-altercation-entre-omar-sy-et-un-controleur-la-sncf-dement-formellement","status":"publish","type":"post","link":"https:\/\/www.europesays.com\/fr\/229067\/","title":{"rendered":"Nouvelle altercation entre Omar Sy et un contr\u00f4leur\u00a0? La SNCF d\u00e9ment formellement"},"content":{"rendered":"<p>Omar Sy a-t-il une dent (voire un croc) contre la SNCF\u00a0? Un peu plus d\u2019un mois apr\u00e8s avoir eu <a href=\"https:\/\/www.20minutes.fr\/faits_divers\/4154900-20250522-omar-sy-accuse-avoir-menace-mort-outrage-agents-sncf-avant-rendre-defile-mode\" target=\"_blank\" class=\"color-ultramarine c-link\" rel=\"noopener\">une altercation avec du personnel<\/a> de la compagnie ferroviaire, l\u2019histoire se serait r\u00e9p\u00e9t\u00e9e.<\/p>\n<p>Selon <a href=\"https:\/\/www.valeursactuelles.com\/faits-divers\/info-va-paris-omar-sy-encore-interpelle-pour-avoir-refuse-de-museler-son-chien-en-gare-de-lyon\" target=\"_blank\" class=\"color-ultramarine c-link\" rel=\"noopener\">Valeurs Actuelles<\/a>, le com\u00e9dien aurait retard\u00e9 un Paris-Marseille vendredi matin en refusant une nouvelle fois de museler son American Staff. Du personnel SNCF, avec l\u2019aide de la police, serait intervenu aupr\u00e8s de l\u2019acteur r\u00e9calcitrant avant qu\u2019il n\u2019accepte les consignes de s\u00e9curit\u00e9.<\/p>\n<p>La SNCF ravie \u00ab\u00a0d\u2019accueillir Omar Sy \u00e0 bord de (ses) trains\u00a0\u00bb<\/p>\n<p>Dans un communiqu\u00e9 diffus\u00e9 ce samedi, la SNCF d\u00e9ment tout nouveau probl\u00e8me avec <a href=\"https:\/\/www.20minutes.fr\/dossier\/omar_sy\" class=\"color-ultramarine c-link\" target=\"_blank\" rel=\"noopener\">Omar Sy<\/a>\u00a0: \u00ab\u00a0Contrairement \u00e0 ce qui est indiqu\u00e9 dans des articles de presse et que nous souhaitons d\u00e9mentir, M.\u00a0Omar Sy a bien voyag\u00e9 dans un TGV hier avec son chien musel\u00e9. Il n\u2019a en aucun cas refus\u00e9 que son chien porte une museli\u00e8re \u00e0 bord. Les \u00e9changes avec nos agents \u00e0 bord ont \u00e9t\u00e9 normaux et il n\u2019y a pas eu d\u2019intervention de la police. Nous regrettons le d\u00e9ferlement m\u00e9diatique pris par cette affaire et les commentaires tr\u00e8s \u00e9loign\u00e9s de la r\u00e9alit\u00e9. Nous sommes ravis d\u2019accueillir Omar Sy \u00e0 bord de nos trains comme des milliers de clients qui voyagent avec leurs animaux de compagnie. Nous sommes attach\u00e9s et veillerons \u00e0 ce que nos clients soient tous accueillis et trait\u00e9s avec \u00e9quit\u00e9 et dans le respect de tous.\u00a0\u00bb<\/p>\n<\/p>\n<p>Malgr\u00e9 ce d\u00e9menti total, la r\u00e9daction de Valeurs Actuelles persiste et signe en ajoutant qu\u2019un nouvel incident se serait aussi d\u00e9roul\u00e9 en garde d\u2019Avignon, toujours au sujet du port de la museli\u00e8re pour son chien.<\/p>\n<p>Le 22 mai dernier, la SNCF avait annonc\u00e9 d\u00e9poser plainte contre l\u2019acteur qui avait prof\u00e9r\u00e9 des menaces contre des agents qui lui demandait\u2026 de museler son chien.<\/p>\n","protected":false},"excerpt":{"rendered":"Omar Sy a-t-il une dent (voire un croc) contre la SNCF\u00a0? Un peu plus d\u2019un mois apr\u00e8s avoir&hellip;\n","protected":false},"author":2,"featured_media":229068,"comment_status":"","ping_status":"","sticky":false,"template":"","format":"standard","meta":{"footnotes":""},"categories":[8],"tags":[58,59,842,1011,27,18580,973,2215,15825],"class_list":{"0":"post-229067","1":"post","2":"type-post","3":"status-publish","4":"format-standard","5":"has-post-thumbnail","7":"category-divertissement","8":"tag-divertissement","9":"tag-entertainment","10":"tag-fake-news","11":"tag-fr","12":"tag-france","13":"tag-omar-sy","14":"tag-people","15":"tag-sncf","16":"tag-valeurs-actuelles"},"share_on_mastodon":{"url":"https:\/\/pubeurope.com\/@fr\/114802844209723011","error":""},"_links":{"self":[{"href":"https:\/\/www.europesays.com\/fr\/wp-json\/wp\/v2\/posts\/229067","targetHints":{"allow":["GET"]}}],"collection":[{"href":"https:\/\/www.europesays.com\/fr\/wp-json\/wp\/v2\/posts"}],"about":[{"href":"https:\/\/www.europesays.com\/fr\/wp-json\/wp\/v2\/types\/post"}],"author":[{"embeddable":true,"href":"https:\/\/www.europesays.com\/fr\/wp-json\/wp\/v2\/users\/2"}],"replies":[{"embeddable":true,"href":"https:\/\/www.europesays.com\/fr\/wp-json\/wp\/v2\/comments?post=229067"}],"version-history":[{"count":0,"href":"https:\/\/www.europesays.com\/fr\/wp-json\/wp\/v2\/posts\/229067\/revisions"}],"wp:featuredmedia":[{"embeddable":true,"href":"https:\/\/www.europesays.com\/fr\/wp-json\/wp\/v2\/media\/229068"}],"wp:attachment":[{"href":"https:\/\/www.europesays.com\/fr\/wp-json\/wp\/v2\/media?parent=229067"}],"wp:term":[{"taxonomy":"category","embeddable":true,"href":"https:\/\/www.europesays.com\/fr\/wp-json\/wp\/v2\/categories?post=229067"},{"taxonomy":"post_tag","embeddable":true,"href":"https:\/\/www.europesays.com\/fr\/wp-json\/wp\/v2\/tags?post=229067"}],"curies":[{"name":"wp","href":"https:\/\/api.w.org\/{rel}","templated":true}]}}