{"id":229083,"date":"2025-07-05T21:59:23","date_gmt":"2025-07-05T21:59:23","guid":{"rendered":"https:\/\/www.europesays.com\/fr\/229083\/"},"modified":"2025-07-05T21:59:23","modified_gmt":"2025-07-05T21:59:23","slug":"nancy-lycee-henri-poincare-bac-2025-mention-tres-bien-nathan-le-moing-17-ans-bac-general","status":"publish","type":"post","link":"https:\/\/www.europesays.com\/fr\/229083\/","title":{"rendered":"Nancy, lyc\u00e9e Henri-Poincar\u00e9 | Bac 2025 Mention Tr\u00e8s Bien. Nathan Le Moing, 17 ans, bac g\u00e9n\u00e9ral"},"content":{"rendered":"<p>Nathan Le Moing, 17 ans, r\u00e9sidant \u00e0 Faulx, a d\u00e9croch\u00e9 son bac g\u00e9n\u00e9ral avec mention tr\u00e8s bien. Il a obtenu une moyenne de 16,2, avec un beau 19 en philosophie. Sa mati\u00e8re pr\u00e9f\u00e9r\u00e9e est la physique et il s&rsquo;appr\u00eate \u00e0 int\u00e9grer la pr\u00e9pa PCSI \u00e0 Poincar\u00e9 pour devenir ing\u00e9nieur. En dehors des \u00e9tudes, Nathan est passionn\u00e9 de dessin et il pratique la course et la musculation. Cet \u00e9t\u00e9, il pr\u00e9voit de r\u00e9viser pour le d\u00e9but de sa pr\u00e9pa tout en profitant de moments avec ses amis.<\/p>\n<p>\u270e R\u00e9dig\u00e9 avec l&rsquo;aide d&rsquo;outils IA et v\u00e9rifi\u00e9 par un journaliste \ud83d\udec8 En savoir plus avec la charte IA d&rsquo;Ebra.<\/p>\n","protected":false},"excerpt":{"rendered":"Nathan Le Moing, 17 ans, r\u00e9sidant \u00e0 Faulx, a d\u00e9croch\u00e9 son bac g\u00e9n\u00e9ral avec mention tr\u00e8s bien. Il&hellip;\n","protected":false},"author":2,"featured_media":229084,"comment_status":"","ping_status":"","sticky":false,"template":"","format":"standard","meta":{"footnotes":""},"categories":[9635],"tags":[1111,11,36609,1704,1057,1777,674,10961,1011,27,775,1702,1703,12,25],"class_list":{"0":"post-229083","1":"post","2":"type-post","3":"status-publish","4":"format-standard","5":"has-post-thumbnail","7":"category-nancy","8":"tag-actu","9":"tag-actualites","10":"tag-baccalaureat-mention-tres-bien","11":"tag-edition-nancy-et-agglomeration","12":"tag-education","13":"tag-eu","14":"tag-europe","15":"tag-examen-diplome","16":"tag-fr","17":"tag-france","18":"tag-grand-est","19":"tag-nancy","20":"tag-nancy-ville-54b","21":"tag-news","22":"tag-republique-francaise"},"share_on_mastodon":{"url":"https:\/\/pubeurope.com\/@fr\/114802875700975913","error":""},"_links":{"self":[{"href":"https:\/\/www.europesays.com\/fr\/wp-json\/wp\/v2\/posts\/229083","targetHints":{"allow":["GET"]}}],"collection":[{"href":"https:\/\/www.europesays.com\/fr\/wp-json\/wp\/v2\/posts"}],"about":[{"href":"https:\/\/www.europesays.com\/fr\/wp-json\/wp\/v2\/types\/post"}],"author":[{"embeddable":true,"href":"https:\/\/www.europesays.com\/fr\/wp-json\/wp\/v2\/users\/2"}],"replies":[{"embeddable":true,"href":"https:\/\/www.europesays.com\/fr\/wp-json\/wp\/v2\/comments?post=229083"}],"version-history":[{"count":0,"href":"https:\/\/www.europesays.com\/fr\/wp-json\/wp\/v2\/posts\/229083\/revisions"}],"wp:featuredmedia":[{"embeddable":true,"href":"https:\/\/www.europesays.com\/fr\/wp-json\/wp\/v2\/media\/229084"}],"wp:attachment":[{"href":"https:\/\/www.europesays.com\/fr\/wp-json\/wp\/v2\/media?parent=229083"}],"wp:term":[{"taxonomy":"category","embeddable":true,"href":"https:\/\/www.europesays.com\/fr\/wp-json\/wp\/v2\/categories?post=229083"},{"taxonomy":"post_tag","embeddable":true,"href":"https:\/\/www.europesays.com\/fr\/wp-json\/wp\/v2\/tags?post=229083"}],"curies":[{"name":"wp","href":"https:\/\/api.w.org\/{rel}","templated":true}]}}