{"id":229085,"date":"2025-07-05T22:00:45","date_gmt":"2025-07-05T22:00:45","guid":{"rendered":"https:\/\/www.europesays.com\/fr\/229085\/"},"modified":"2025-07-05T22:00:45","modified_gmt":"2025-07-05T22:00:45","slug":"athletisme-au-meeting-de-nancy-les-alsaciens-anicet-kozar-et-baptiste-mischler-ont-accelere-sur-1500-m","status":"publish","type":"post","link":"https:\/\/www.europesays.com\/fr\/229085\/","title":{"rendered":"Athl\u00e9tisme. Au meeting de Nancy, les Alsaciens Anicet Kozar et Baptiste Mischler ont acc\u00e9l\u00e9r\u00e9 sur 1500 m"},"content":{"rendered":"<p>Ce sont des r\u00e9sultats qui auraient d\u00e9clench\u00e9 quelques superlatifs il n\u2019y a pas si longtemps que \u00e7a et qui, aujourd\u2019hui, face \u00e0 la multitude de chronos ahurissants en demi-fond, font \u00e0 peine lever les sourcils des suiveurs les plus assidus de l\u2019athl\u00e9tisme fran\u00e7ais. Et pourtant\u2026<\/p>\n<p>En 3\u201934\u2019\u201929 et 3\u201936\u2019\u201919, Anicet Kozar (9e ) et <a href=\"https:\/\/www.lalsace.fr\/p\/baptiste-mischler\" target=\"_blank\" rel=\"nofollow noopener\">Baptiste Mischler<\/a> (12e ) ont tous les deux sign\u00e9 des performances probantes sur 1500\u00a0m, <a href=\"https:\/\/www.lalsace.fr\/sport\/2025\/07\/04\/la-fete-de-nancy-a-obernai\" target=\"_blank\" rel=\"nofollow noopener\">vendredi soir au meeting Stanislas de Nancy<\/a>, deux chronos qui leur permettent tout juste d\u2019int\u00e9grer le\u2026 top 10 du bilan national de l\u2019ann\u00e9e sur la distance, domin\u00e9 par le nouveau recordman de France Azeddine Habz (3\u201927\u2019\u201949), lui-m\u00eame&#8230;<\/p>\n","protected":false},"excerpt":{"rendered":"Ce sont des r\u00e9sultats qui auraient d\u00e9clench\u00e9 quelques superlatifs il n\u2019y a pas si longtemps que \u00e7a et&hellip;\n","protected":false},"author":2,"featured_media":229086,"comment_status":"","ping_status":"","sticky":false,"template":"","format":"standard","meta":{"footnotes":""},"categories":[9635],"tags":[1111,11,4132,1777,674,107,1011,27,775,1702,12,25,517],"class_list":{"0":"post-229085","1":"post","2":"type-post","3":"status-publish","4":"format-standard","5":"has-post-thumbnail","7":"category-nancy","8":"tag-actu","9":"tag-actualites","10":"tag-athletisme","11":"tag-eu","12":"tag-europe","13":"tag-fil-info","14":"tag-fr","15":"tag-france","16":"tag-grand-est","17":"tag-nancy","18":"tag-news","19":"tag-republique-francaise","20":"tag-sport"},"share_on_mastodon":{"url":"https:\/\/pubeurope.com\/@fr\/114802879575114895","error":""},"_links":{"self":[{"href":"https:\/\/www.europesays.com\/fr\/wp-json\/wp\/v2\/posts\/229085","targetHints":{"allow":["GET"]}}],"collection":[{"href":"https:\/\/www.europesays.com\/fr\/wp-json\/wp\/v2\/posts"}],"about":[{"href":"https:\/\/www.europesays.com\/fr\/wp-json\/wp\/v2\/types\/post"}],"author":[{"embeddable":true,"href":"https:\/\/www.europesays.com\/fr\/wp-json\/wp\/v2\/users\/2"}],"replies":[{"embeddable":true,"href":"https:\/\/www.europesays.com\/fr\/wp-json\/wp\/v2\/comments?post=229085"}],"version-history":[{"count":0,"href":"https:\/\/www.europesays.com\/fr\/wp-json\/wp\/v2\/posts\/229085\/revisions"}],"wp:featuredmedia":[{"embeddable":true,"href":"https:\/\/www.europesays.com\/fr\/wp-json\/wp\/v2\/media\/229086"}],"wp:attachment":[{"href":"https:\/\/www.europesays.com\/fr\/wp-json\/wp\/v2\/media?parent=229085"}],"wp:term":[{"taxonomy":"category","embeddable":true,"href":"https:\/\/www.europesays.com\/fr\/wp-json\/wp\/v2\/categories?post=229085"},{"taxonomy":"post_tag","embeddable":true,"href":"https:\/\/www.europesays.com\/fr\/wp-json\/wp\/v2\/tags?post=229085"}],"curies":[{"name":"wp","href":"https:\/\/api.w.org\/{rel}","templated":true}]}}